{"id":2485,"date":"2022-09-05T15:24:24","date_gmt":"2022-09-05T15:24:24","guid":{"rendered":"https:\/\/www.puertocdelu.com.ar\/?p=2485"},"modified":"2022-09-07T15:26:33","modified_gmt":"2022-09-07T15:26:33","slug":"los-puertos-de-entre-rios-trabajan-por-la-sustentabilidad-ambiental","status":"publish","type":"post","link":"https:\/\/www.puertocdelu.com.ar\/index.php\/2022\/09\/05\/los-puertos-de-entre-rios-trabajan-por-la-sustentabilidad-ambiental\/","title":{"rendered":"Los puertos de Entre R\u00edos trabajan por la sustentabilidad ambiental"},"content":{"rendered":"<p>Entre R\u00edos contin\u00faa trabajando en la implementaci\u00f3n de medidas dedicadas a fortalecer la sustentabilidad ambiental en todos los \u00e1mbitos de trabajo de la provincia.<\/p>\n<p>En este marco, los puertos p\u00fablicos entrerrianos est\u00e1n elaborando informes sobre el impacto de la actividad portuaria en el ambiente, con el objetivo de sumar proyectos que permitan reducir variables que generan factores de riesgo.<\/p>\n<p>El Puerto de Concepci\u00f3n del Uruguay es el primero en relevar la emisi\u00f3n de gases de efecto invernadero (GEI) y estimar su Huella de Carbono que est\u00e1 dejando su actividad sobre la costa del r\u00edo Uruguay.<\/p>\n<p>Este martes tuvo lugar la presentaci\u00f3n del Inventario de Emisiones de GEI y Huella de Carbono para el Puerto de Concepci\u00f3n del Uruguay. El informe fue elaborado por la consultora Coralia Environment, y financiado por el Consejo Federal de Inversiones (CFI)<\/p>\n<p>La presentaci\u00f3n estuvo a cargo de Juan Casavelos, por la Consultora Corelia E, y Fernando Ureta, del Departamento T\u00e9cnico del CFI.<\/p>\n<p>Estuvieron presentes Carlos Schepens, Presidente del Instituto Portuario Provincial, Marcelo Gay Balm\u00e1z, Presidente del Ente Puerto Concepci\u00f3n del Uruguay, Pablo Guillaume, Director de Gesti\u00f3n Ambiental costa del Uruguay de la Secretar\u00eda de Ambiente de Entre R\u00edos; Francisco Savoy, Director de Ambiente de la Municipalidad de Concepci\u00f3n del Uruguay y representante de UNER; Alcides Francia, Administrador de Aduana Concepci\u00f3n del Uruguay; Prefecto Lucas Mat\u00edas Dalzotto, por Prefectura Naval Argentina; Gabriel Chichi, Consultor privado; Hugo Cettour, del Consejo de Administraci\u00f3n del puerto uruguayense; Mart\u00edn Barbieri y Mart\u00edn Zabal\u00faa, del \u00e1rea t\u00e9cnica del mismo puerto.<\/p>\n<p>\u201cToda actividad humana tiene su impacto sobre el ambiente. Este es un momento de enorme importancia para el puerto porque marca el comienzo de un proceso necesario y virtuoso. El mundo avanza hacia la sustentabilidad ambiental en todos los sentidos, y la actividad portuaria es vital para el crecimiento de las comunidades. A partir de aqu\u00ed comienza un camino que demandar\u00e1 planes de trabajo y actividades para mitigar y compensar los valores de afectaci\u00f3n que surgen a partir de la actividad portuaria\u201d, remarc\u00f3 Casavelos.<\/p>\n<p>Marcelo Gay Balm\u00e1z, por su parte, resalt\u00f3 que, previamente a la recepci\u00f3n de este informe, el Puerto de Concepci\u00f3n del Uruguay est\u00e1 llevando acciones en este sentido. \u201cNosotros hemos puesto en marcha un plan de arbolado en diferentes sectores del predio portuario, como as\u00ed tambi\u00e9n se est\u00e1 haciendo un recambio completo sobre los sistemas de iluminaci\u00f3n en todas las zonas operativas y administrativas, colocando equipos de LED, de bajo consumo y alta durabilidad, pero lo realmente importante es estudiar a fondo, por medio de especialistas, cual es nuestra situaci\u00f3n real en la actualidad, y cu\u00e1l es el camino m\u00e1s eficiente que debemos seguir para ser un puerto sustentable ambientalmente\u201d, remarc\u00f3 el Presidente del Puerto de Concepci\u00f3n del Uruguay.<\/p>\n<p>Carlos Schepens, resalt\u00f3 la importancia de este trabajo porque \u201ces el primero de una serie de informes que queremos tener para cada uno de los puertos p\u00fablicos de Entre R\u00edos. El Gobierno Provincial ha puesto en marcha todos los puertos y la actividad no para de crecer. Esto implica una necesaria afectaci\u00f3n sobre el ambiente que exige medidas adecuadas para poder crecer de forma sustentable y efectiva\u201d, remarc\u00f3 el Presidente del IPPER.<\/p>\n<p>&nbsp;<\/p>\n<p>Inventario<\/p>\n<p>El informe presentado por la consultora Corelia E detall\u00f3 las fuentes de emisi\u00f3n de Gases de Efecto Invernadero generadas por la actividad portuaria, entre las que se cuentan consumos de electricidad, combustibles, y gas natural. De igual manera se realiz\u00f3 un relevamiento sobre la gesti\u00f3n de residuos.<\/p>\n<p>El estudio se realiz\u00f3 dentro de los l\u00edmites del \u00e1rea operativa del puerto incluyendo los permisionarios con actividades de servicios e industrias dentro del predio.<\/p>\n<p>El inventario de Gases de Efecto invernadero se realiz\u00f3 sobre la informaci\u00f3n proporcionada por el Ente Portuario, los operadores y empresas vinculadas a la actividad.<\/p>\n<p>Por su parte, se relevaron las emisiones producidas por actividades y los procesos bajo control del Ente Portuario, las generadas por terceros para la producci\u00f3n de energ\u00eda el\u00e9ctrica que consume el Ente o que \u00e9ste provee, como as\u00ed tambi\u00e9n las que no pertenecen o no son su responsabilidad directa.<\/p>\n<p>&nbsp;<\/p>\n<p>Recomendaciones<\/p>\n<p>Sectorizados seg\u00fan el tipo de actividad, la consultora Corelia E remarc\u00f3 una serie de recomendaciones para mitigar y compensar el impacto de los servicios portuarios y n\u00e1uticos y su contribuci\u00f3n al cambio clim\u00e1tico.<\/p>\n<p>En este sentido se destac\u00f3 que se apunta a una mejora de la eficiencia energ\u00e9tica y\/o uso combustibles alternativos, uso de equipos el\u00e9ctricos en las terminales, recambio de tecnolog\u00edas en las gr\u00faas portuarias por equipos el\u00e9ctricos, suministro energ\u00eda verde en de \u00e1reas espec\u00edficas de las terminales portuarias, fuentes estacionarias, recambio en la tecnolog\u00eda de iluminaci\u00f3n por tecnolog\u00eda LED en toda la jurisdicci\u00f3n portuaria, optimizaci\u00f3n de sistemas de climatizaci\u00f3n en edificios propios del Ente y de permisionarios, promoci\u00f3n e impulso progresivo de uso de PV en grandes superficies y naves propias y permisionarios.<\/p>\n<p>Tambi\u00e9n se recomendaron una serie de mejoras en alumbrado p\u00fablico, patios y muelles con equipos m\u00e1s eficientes en reemplazo de hal\u00f3genas, y activaci\u00f3n de luminarias crepuscular para permisionarios.<\/p>\n<p>Respecto de la gesti\u00f3n integral de residuos, se recomend\u00f3 la implementaci\u00f3n de un plan de reducci\u00f3n, separaci\u00f3n, y reuso.<\/p>\n","protected":false},"excerpt":{"rendered":"<p>Entre R\u00edos contin\u00faa trabajando en la implementaci\u00f3n de medidas dedicadas a fortalecer la sustentabilidad ambiental en todos los \u00e1mbitos de trabajo de la provincia. En este marco, los puertos p\u00fablicos entrerrianos est\u00e1n elaborando informes sobre el impacto de la actividad portuaria en el ambiente, con el objetivo de sumar proyectos que permitan reducir variables que [&hellip;]<\/p>\n","protected":false},"author":1,"featured_media":2486,"comment_status":"open","ping_status":"open","sticky":false,"template":"","format":"standard","meta":{"footnotes":""},"categories":[81],"tags":[],"class_list":{"0":"post-2485","1":"post","2":"type-post","3":"status-publish","4":"format-standard","5":"has-post-thumbnail","7":"category-noticias"},"yoast_head":"<!-- This site is optimized with the Yoast SEO plugin v27.4 - https:\/\/yoast.com\/product\/yoast-seo-wordpress\/ -->\n<title>Los puertos de Entre R\u00edos trabajan por la sustentabilidad ambiental - Puerto de Concepci\u00f3n del Uruguay<\/title>\n<meta name=\"robots\" content=\"index, follow, max-snippet:-1, max-image-preview:large, max-video-preview:-1\" \/>\n<link rel=\"canonical\" href=\"https:\/\/www.puertocdelu.com.ar\/index.php\/2022\/09\/05\/los-puertos-de-entre-rios-trabajan-por-la-sustentabilidad-ambiental\/\" \/>\n<meta property=\"og:locale\" content=\"es_ES\" \/>\n<meta property=\"og:type\" content=\"article\" \/>\n<meta property=\"og:title\" content=\"Los puertos de Entre R\u00edos trabajan por la sustentabilidad ambiental - Puerto de Concepci\u00f3n del Uruguay\" \/>\n<meta property=\"og:description\" content=\"Entre R\u00edos contin\u00faa trabajando en la implementaci\u00f3n de medidas dedicadas a fortalecer la sustentabilidad ambiental en todos los \u00e1mbitos de trabajo de la provincia. En este marco, los puertos p\u00fablicos entrerrianos est\u00e1n elaborando informes sobre el impacto de la actividad portuaria en el ambiente, con el objetivo de sumar proyectos que permitan reducir variables que [&hellip;]\" \/>\n<meta property=\"og:url\" content=\"https:\/\/www.puertocdelu.com.ar\/index.php\/2022\/09\/05\/los-puertos-de-entre-rios-trabajan-por-la-sustentabilidad-ambiental\/\" \/>\n<meta property=\"og:site_name\" content=\"Puerto de Concepci\u00f3n del Uruguay\" \/>\n<meta property=\"article:published_time\" content=\"2022-09-05T15:24:24+00:00\" \/>\n<meta property=\"article:modified_time\" content=\"2022-09-07T15:26:33+00:00\" \/>\n<meta property=\"og:image\" content=\"https:\/\/www.puertocdelu.com.ar\/wp-content\/uploads\/2022\/09\/ambiente-scaled.jpg\" \/>\n\t<meta property=\"og:image:width\" content=\"2560\" \/>\n\t<meta property=\"og:image:height\" content=\"1310\" \/>\n\t<meta property=\"og:image:type\" content=\"image\/jpeg\" \/>\n<meta name=\"author\" content=\"PuertoCdelU\" \/>\n<meta name=\"twitter:card\" content=\"summary_large_image\" \/>\n<meta name=\"twitter:label1\" content=\"Escrito por\" \/>\n\t<meta name=\"twitter:data1\" content=\"PuertoCdelU\" \/>\n\t<meta name=\"twitter:label2\" content=\"Tiempo de lectura\" \/>\n\t<meta name=\"twitter:data2\" content=\"5 minutos\" \/>\n<script type=\"application\/ld+json\" class=\"yoast-schema-graph\">{\"@context\":\"https:\\\/\\\/schema.org\",\"@graph\":[{\"@type\":\"Article\",\"@id\":\"https:\\\/\\\/www.puertocdelu.com.ar\\\/index.php\\\/2022\\\/09\\\/05\\\/los-puertos-de-entre-rios-trabajan-por-la-sustentabilidad-ambiental\\\/#article\",\"isPartOf\":{\"@id\":\"https:\\\/\\\/www.puertocdelu.com.ar\\\/index.php\\\/2022\\\/09\\\/05\\\/los-puertos-de-entre-rios-trabajan-por-la-sustentabilidad-ambiental\\\/\"},\"author\":{\"name\":\"PuertoCdelU\",\"@id\":\"https:\\\/\\\/www.puertocdelu.com.ar\\\/#\\\/schema\\\/person\\\/9d258b923b29bd5f47ca80d9c8cd72d1\"},\"headline\":\"Los puertos de Entre R\u00edos trabajan por la sustentabilidad ambiental\",\"datePublished\":\"2022-09-05T15:24:24+00:00\",\"dateModified\":\"2022-09-07T15:26:33+00:00\",\"mainEntityOfPage\":{\"@id\":\"https:\\\/\\\/www.puertocdelu.com.ar\\\/index.php\\\/2022\\\/09\\\/05\\\/los-puertos-de-entre-rios-trabajan-por-la-sustentabilidad-ambiental\\\/\"},\"wordCount\":930,\"commentCount\":0,\"image\":{\"@id\":\"https:\\\/\\\/www.puertocdelu.com.ar\\\/index.php\\\/2022\\\/09\\\/05\\\/los-puertos-de-entre-rios-trabajan-por-la-sustentabilidad-ambiental\\\/#primaryimage\"},\"thumbnailUrl\":\"https:\\\/\\\/www.puertocdelu.com.ar\\\/wp-content\\\/uploads\\\/2022\\\/09\\\/ambiente-scaled.jpg\",\"articleSection\":[\"Noticias\"],\"inLanguage\":\"es\",\"potentialAction\":[{\"@type\":\"CommentAction\",\"name\":\"Comment\",\"target\":[\"https:\\\/\\\/www.puertocdelu.com.ar\\\/index.php\\\/2022\\\/09\\\/05\\\/los-puertos-de-entre-rios-trabajan-por-la-sustentabilidad-ambiental\\\/#respond\"]}]},{\"@type\":\"WebPage\",\"@id\":\"https:\\\/\\\/www.puertocdelu.com.ar\\\/index.php\\\/2022\\\/09\\\/05\\\/los-puertos-de-entre-rios-trabajan-por-la-sustentabilidad-ambiental\\\/\",\"url\":\"https:\\\/\\\/www.puertocdelu.com.ar\\\/index.php\\\/2022\\\/09\\\/05\\\/los-puertos-de-entre-rios-trabajan-por-la-sustentabilidad-ambiental\\\/\",\"name\":\"Los puertos de Entre R\u00edos trabajan por la sustentabilidad ambiental - Puerto de Concepci\u00f3n del Uruguay\",\"isPartOf\":{\"@id\":\"https:\\\/\\\/www.puertocdelu.com.ar\\\/#website\"},\"primaryImageOfPage\":{\"@id\":\"https:\\\/\\\/www.puertocdelu.com.ar\\\/index.php\\\/2022\\\/09\\\/05\\\/los-puertos-de-entre-rios-trabajan-por-la-sustentabilidad-ambiental\\\/#primaryimage\"},\"image\":{\"@id\":\"https:\\\/\\\/www.puertocdelu.com.ar\\\/index.php\\\/2022\\\/09\\\/05\\\/los-puertos-de-entre-rios-trabajan-por-la-sustentabilidad-ambiental\\\/#primaryimage\"},\"thumbnailUrl\":\"https:\\\/\\\/www.puertocdelu.com.ar\\\/wp-content\\\/uploads\\\/2022\\\/09\\\/ambiente-scaled.jpg\",\"datePublished\":\"2022-09-05T15:24:24+00:00\",\"dateModified\":\"2022-09-07T15:26:33+00:00\",\"author\":{\"@id\":\"https:\\\/\\\/www.puertocdelu.com.ar\\\/#\\\/schema\\\/person\\\/9d258b923b29bd5f47ca80d9c8cd72d1\"},\"breadcrumb\":{\"@id\":\"https:\\\/\\\/www.puertocdelu.com.ar\\\/index.php\\\/2022\\\/09\\\/05\\\/los-puertos-de-entre-rios-trabajan-por-la-sustentabilidad-ambiental\\\/#breadcrumb\"},\"inLanguage\":\"es\",\"potentialAction\":[{\"@type\":\"ReadAction\",\"target\":[\"https:\\\/\\\/www.puertocdelu.com.ar\\\/index.php\\\/2022\\\/09\\\/05\\\/los-puertos-de-entre-rios-trabajan-por-la-sustentabilidad-ambiental\\\/\"]}]},{\"@type\":\"ImageObject\",\"inLanguage\":\"es\",\"@id\":\"https:\\\/\\\/www.puertocdelu.com.ar\\\/index.php\\\/2022\\\/09\\\/05\\\/los-puertos-de-entre-rios-trabajan-por-la-sustentabilidad-ambiental\\\/#primaryimage\",\"url\":\"https:\\\/\\\/www.puertocdelu.com.ar\\\/wp-content\\\/uploads\\\/2022\\\/09\\\/ambiente-scaled.jpg\",\"contentUrl\":\"https:\\\/\\\/www.puertocdelu.com.ar\\\/wp-content\\\/uploads\\\/2022\\\/09\\\/ambiente-scaled.jpg\",\"width\":2560,\"height\":1310},{\"@type\":\"BreadcrumbList\",\"@id\":\"https:\\\/\\\/www.puertocdelu.com.ar\\\/index.php\\\/2022\\\/09\\\/05\\\/los-puertos-de-entre-rios-trabajan-por-la-sustentabilidad-ambiental\\\/#breadcrumb\",\"itemListElement\":[{\"@type\":\"ListItem\",\"position\":1,\"name\":\"Portada\",\"item\":\"https:\\\/\\\/www.puertocdelu.com.ar\\\/\"},{\"@type\":\"ListItem\",\"position\":2,\"name\":\"Los puertos de Entre R\u00edos trabajan por la sustentabilidad ambiental\"}]},{\"@type\":\"WebSite\",\"@id\":\"https:\\\/\\\/www.puertocdelu.com.ar\\\/#website\",\"url\":\"https:\\\/\\\/www.puertocdelu.com.ar\\\/\",\"name\":\"Puerto de Concepci\u00f3n del Uruguay\",\"description\":\"\",\"potentialAction\":[{\"@type\":\"SearchAction\",\"target\":{\"@type\":\"EntryPoint\",\"urlTemplate\":\"https:\\\/\\\/www.puertocdelu.com.ar\\\/?s={search_term_string}\"},\"query-input\":{\"@type\":\"PropertyValueSpecification\",\"valueRequired\":true,\"valueName\":\"search_term_string\"}}],\"inLanguage\":\"es\"},{\"@type\":\"Person\",\"@id\":\"https:\\\/\\\/www.puertocdelu.com.ar\\\/#\\\/schema\\\/person\\\/9d258b923b29bd5f47ca80d9c8cd72d1\",\"name\":\"PuertoCdelU\",\"image\":{\"@type\":\"ImageObject\",\"inLanguage\":\"es\",\"@id\":\"https:\\\/\\\/secure.gravatar.com\\\/avatar\\\/99e38dea1727d397df18aced5ac6840012bb7f24c8570dcfafabb73086aed88c?s=96&d=mm&r=g\",\"url\":\"https:\\\/\\\/secure.gravatar.com\\\/avatar\\\/99e38dea1727d397df18aced5ac6840012bb7f24c8570dcfafabb73086aed88c?s=96&d=mm&r=g\",\"contentUrl\":\"https:\\\/\\\/secure.gravatar.com\\\/avatar\\\/99e38dea1727d397df18aced5ac6840012bb7f24c8570dcfafabb73086aed88c?s=96&d=mm&r=g\",\"caption\":\"PuertoCdelU\"},\"url\":\"https:\\\/\\\/www.puertocdelu.com.ar\\\/index.php\\\/author\\\/hectordelos1\\\/\"}]}<\/script>\n<!-- \/ Yoast SEO plugin. -->","yoast_head_json":{"title":"Los puertos de Entre R\u00edos trabajan por la sustentabilidad ambiental - Puerto de Concepci\u00f3n del Uruguay","robots":{"index":"index","follow":"follow","max-snippet":"max-snippet:-1","max-image-preview":"max-image-preview:large","max-video-preview":"max-video-preview:-1"},"canonical":"https:\/\/www.puertocdelu.com.ar\/index.php\/2022\/09\/05\/los-puertos-de-entre-rios-trabajan-por-la-sustentabilidad-ambiental\/","og_locale":"es_ES","og_type":"article","og_title":"Los puertos de Entre R\u00edos trabajan por la sustentabilidad ambiental - Puerto de Concepci\u00f3n del Uruguay","og_description":"Entre R\u00edos contin\u00faa trabajando en la implementaci\u00f3n de medidas dedicadas a fortalecer la sustentabilidad ambiental en todos los \u00e1mbitos de trabajo de la provincia. En este marco, los puertos p\u00fablicos entrerrianos est\u00e1n elaborando informes sobre el impacto de la actividad portuaria en el ambiente, con el objetivo de sumar proyectos que permitan reducir variables que [&hellip;]","og_url":"https:\/\/www.puertocdelu.com.ar\/index.php\/2022\/09\/05\/los-puertos-de-entre-rios-trabajan-por-la-sustentabilidad-ambiental\/","og_site_name":"Puerto de Concepci\u00f3n del Uruguay","article_published_time":"2022-09-05T15:24:24+00:00","article_modified_time":"2022-09-07T15:26:33+00:00","og_image":[{"width":2560,"height":1310,"url":"https:\/\/www.puertocdelu.com.ar\/wp-content\/uploads\/2022\/09\/ambiente-scaled.jpg","type":"image\/jpeg"}],"author":"PuertoCdelU","twitter_card":"summary_large_image","twitter_misc":{"Escrito por":"PuertoCdelU","Tiempo de lectura":"5 minutos"},"schema":{"@context":"https:\/\/schema.org","@graph":[{"@type":"Article","@id":"https:\/\/www.puertocdelu.com.ar\/index.php\/2022\/09\/05\/los-puertos-de-entre-rios-trabajan-por-la-sustentabilidad-ambiental\/#article","isPartOf":{"@id":"https:\/\/www.puertocdelu.com.ar\/index.php\/2022\/09\/05\/los-puertos-de-entre-rios-trabajan-por-la-sustentabilidad-ambiental\/"},"author":{"name":"PuertoCdelU","@id":"https:\/\/www.puertocdelu.com.ar\/#\/schema\/person\/9d258b923b29bd5f47ca80d9c8cd72d1"},"headline":"Los puertos de Entre R\u00edos trabajan por la sustentabilidad ambiental","datePublished":"2022-09-05T15:24:24+00:00","dateModified":"2022-09-07T15:26:33+00:00","mainEntityOfPage":{"@id":"https:\/\/www.puertocdelu.com.ar\/index.php\/2022\/09\/05\/los-puertos-de-entre-rios-trabajan-por-la-sustentabilidad-ambiental\/"},"wordCount":930,"commentCount":0,"image":{"@id":"https:\/\/www.puertocdelu.com.ar\/index.php\/2022\/09\/05\/los-puertos-de-entre-rios-trabajan-por-la-sustentabilidad-ambiental\/#primaryimage"},"thumbnailUrl":"https:\/\/www.puertocdelu.com.ar\/wp-content\/uploads\/2022\/09\/ambiente-scaled.jpg","articleSection":["Noticias"],"inLanguage":"es","potentialAction":[{"@type":"CommentAction","name":"Comment","target":["https:\/\/www.puertocdelu.com.ar\/index.php\/2022\/09\/05\/los-puertos-de-entre-rios-trabajan-por-la-sustentabilidad-ambiental\/#respond"]}]},{"@type":"WebPage","@id":"https:\/\/www.puertocdelu.com.ar\/index.php\/2022\/09\/05\/los-puertos-de-entre-rios-trabajan-por-la-sustentabilidad-ambiental\/","url":"https:\/\/www.puertocdelu.com.ar\/index.php\/2022\/09\/05\/los-puertos-de-entre-rios-trabajan-por-la-sustentabilidad-ambiental\/","name":"Los puertos de Entre R\u00edos trabajan por la sustentabilidad ambiental - Puerto de Concepci\u00f3n del Uruguay","isPartOf":{"@id":"https:\/\/www.puertocdelu.com.ar\/#website"},"primaryImageOfPage":{"@id":"https:\/\/www.puertocdelu.com.ar\/index.php\/2022\/09\/05\/los-puertos-de-entre-rios-trabajan-por-la-sustentabilidad-ambiental\/#primaryimage"},"image":{"@id":"https:\/\/www.puertocdelu.com.ar\/index.php\/2022\/09\/05\/los-puertos-de-entre-rios-trabajan-por-la-sustentabilidad-ambiental\/#primaryimage"},"thumbnailUrl":"https:\/\/www.puertocdelu.com.ar\/wp-content\/uploads\/2022\/09\/ambiente-scaled.jpg","datePublished":"2022-09-05T15:24:24+00:00","dateModified":"2022-09-07T15:26:33+00:00","author":{"@id":"https:\/\/www.puertocdelu.com.ar\/#\/schema\/person\/9d258b923b29bd5f47ca80d9c8cd72d1"},"breadcrumb":{"@id":"https:\/\/www.puertocdelu.com.ar\/index.php\/2022\/09\/05\/los-puertos-de-entre-rios-trabajan-por-la-sustentabilidad-ambiental\/#breadcrumb"},"inLanguage":"es","potentialAction":[{"@type":"ReadAction","target":["https:\/\/www.puertocdelu.com.ar\/index.php\/2022\/09\/05\/los-puertos-de-entre-rios-trabajan-por-la-sustentabilidad-ambiental\/"]}]},{"@type":"ImageObject","inLanguage":"es","@id":"https:\/\/www.puertocdelu.com.ar\/index.php\/2022\/09\/05\/los-puertos-de-entre-rios-trabajan-por-la-sustentabilidad-ambiental\/#primaryimage","url":"https:\/\/www.puertocdelu.com.ar\/wp-content\/uploads\/2022\/09\/ambiente-scaled.jpg","contentUrl":"https:\/\/www.puertocdelu.com.ar\/wp-content\/uploads\/2022\/09\/ambiente-scaled.jpg","width":2560,"height":1310},{"@type":"BreadcrumbList","@id":"https:\/\/www.puertocdelu.com.ar\/index.php\/2022\/09\/05\/los-puertos-de-entre-rios-trabajan-por-la-sustentabilidad-ambiental\/#breadcrumb","itemListElement":[{"@type":"ListItem","position":1,"name":"Portada","item":"https:\/\/www.puertocdelu.com.ar\/"},{"@type":"ListItem","position":2,"name":"Los puertos de Entre R\u00edos trabajan por la sustentabilidad ambiental"}]},{"@type":"WebSite","@id":"https:\/\/www.puertocdelu.com.ar\/#website","url":"https:\/\/www.puertocdelu.com.ar\/","name":"Puerto de Concepci\u00f3n del Uruguay","description":"","potentialAction":[{"@type":"SearchAction","target":{"@type":"EntryPoint","urlTemplate":"https:\/\/www.puertocdelu.com.ar\/?s={search_term_string}"},"query-input":{"@type":"PropertyValueSpecification","valueRequired":true,"valueName":"search_term_string"}}],"inLanguage":"es"},{"@type":"Person","@id":"https:\/\/www.puertocdelu.com.ar\/#\/schema\/person\/9d258b923b29bd5f47ca80d9c8cd72d1","name":"PuertoCdelU","image":{"@type":"ImageObject","inLanguage":"es","@id":"https:\/\/secure.gravatar.com\/avatar\/99e38dea1727d397df18aced5ac6840012bb7f24c8570dcfafabb73086aed88c?s=96&d=mm&r=g","url":"https:\/\/secure.gravatar.com\/avatar\/99e38dea1727d397df18aced5ac6840012bb7f24c8570dcfafabb73086aed88c?s=96&d=mm&r=g","contentUrl":"https:\/\/secure.gravatar.com\/avatar\/99e38dea1727d397df18aced5ac6840012bb7f24c8570dcfafabb73086aed88c?s=96&d=mm&r=g","caption":"PuertoCdelU"},"url":"https:\/\/www.puertocdelu.com.ar\/index.php\/author\/hectordelos1\/"}]}},"_links":{"self":[{"href":"https:\/\/www.puertocdelu.com.ar\/index.php\/wp-json\/wp\/v2\/posts\/2485","targetHints":{"allow":["GET"]}}],"collection":[{"href":"https:\/\/www.puertocdelu.com.ar\/index.php\/wp-json\/wp\/v2\/posts"}],"about":[{"href":"https:\/\/www.puertocdelu.com.ar\/index.php\/wp-json\/wp\/v2\/types\/post"}],"author":[{"embeddable":true,"href":"https:\/\/www.puertocdelu.com.ar\/index.php\/wp-json\/wp\/v2\/users\/1"}],"replies":[{"embeddable":true,"href":"https:\/\/www.puertocdelu.com.ar\/index.php\/wp-json\/wp\/v2\/comments?post=2485"}],"version-history":[{"count":1,"href":"https:\/\/www.puertocdelu.com.ar\/index.php\/wp-json\/wp\/v2\/posts\/2485\/revisions"}],"predecessor-version":[{"id":2487,"href":"https:\/\/www.puertocdelu.com.ar\/index.php\/wp-json\/wp\/v2\/posts\/2485\/revisions\/2487"}],"wp:featuredmedia":[{"embeddable":true,"href":"https:\/\/www.puertocdelu.com.ar\/index.php\/wp-json\/wp\/v2\/media\/2486"}],"wp:attachment":[{"href":"https:\/\/www.puertocdelu.com.ar\/index.php\/wp-json\/wp\/v2\/media?parent=2485"}],"wp:term":[{"taxonomy":"category","embeddable":true,"href":"https:\/\/www.puertocdelu.com.ar\/index.php\/wp-json\/wp\/v2\/categories?post=2485"},{"taxonomy":"post_tag","embeddable":true,"href":"https:\/\/www.puertocdelu.com.ar\/index.php\/wp-json\/wp\/v2\/tags?post=2485"}],"curies":[{"name":"wp","href":"https:\/\/api.w.org\/{rel}","templated":true}]}}