{"id":2488,"date":"2022-08-26T15:26:59","date_gmt":"2022-08-26T15:26:59","guid":{"rendered":"https:\/\/www.puertocdelu.com.ar\/?p=2488"},"modified":"2022-09-07T15:35:10","modified_gmt":"2022-09-07T15:35:10","slug":"intensa-actividad-de-exportacion-en-los-puertos-entrerrianos","status":"publish","type":"post","link":"https:\/\/www.puertocdelu.com.ar\/index.php\/2022\/08\/26\/intensa-actividad-de-exportacion-en-los-puertos-entrerrianos\/","title":{"rendered":"Intensa actividad de exportaci\u00f3n en los puertos entrerrianos"},"content":{"rendered":"<p>Las exportaciones a trav\u00e9s de los puertos de Entre R\u00edos contin\u00faa desarroll\u00e1ndose con intensidad y de forma constante. Este jueves finaliz\u00f3 la primera parte de un embarque de troncos de pino a granel en el puerto de Concepci\u00f3n del Uruguay, operaci\u00f3n que sigue en el puerto de Ibicuy.<\/p>\n<p>Paralelamente, un segundo ultramarino hizo su ingreso a la terminal de La Hist\u00f3rica para realizar una nueva operaci\u00f3n de exportaci\u00f3n.<\/p>\n<p>En horas de la madrugada de este jueves, el China Spirit, un buque de 180 metros de eslora, con bandera de Hong Kong, termin\u00f3 de cargar 15.000 toneladas de troncos de pino a granel, producidos en montes de cultivo de Entre R\u00edos y Corrientes.<\/p>\n<p>La operaci\u00f3n de exportaci\u00f3n, como as\u00ed tambi\u00e9n la log\u00edstica para el transporte y embarque, estuvo a cargo de la empresa Urcel Argentina, una compa\u00f1\u00eda dedicada a la industria forestal que opera con base en los puertos entrerrianos de Concepci\u00f3n del Uruguay e Ibicuy.<\/p>\n<p>El carguero China Spirit zarp\u00f3 durante la ma\u00f1ana de este mismo d\u00eda rumbo a la terminal de Ibicuy, donde completar\u00e1 sus cinco bodegas con el mismo tipo de carga que est\u00e1 destinada al puerto de Tianjing, en China.<\/p>\n<p>A los pocos minutos de zarpar el China Spirit de los muelles 3 y 4 de Concepci\u00f3n del Uruguay, hizo su ingreso el African Merlin, un carguero de 180 metros del tipo bulk carrier que navega bajo bandera de Bahamas.<br \/>\nEste ultramarino arrib\u00f3 proveniente del puerto de Santos en Brasil, y cargar\u00e1 18.000 toneladas de troncos de pino para la empresa exportada ACB, con log\u00edstica para el transporte y embarque de la compa\u00f1\u00eda PTP Group, otras dos de las empresas que operan exportando desde los puertos entrerrianos. El destino final de esta carga ser\u00e1 el puerto de Kandla, en la India.<\/p>\n<p>Trabajo genuino<\/p>\n<p>Para abastecer un embarque de estas caracter\u00edsticas, se necesitan unos 600 viajes de camiones que trasladan la carga desde los acopios ubicados en la periferia de cada uno de los puertos, hasta los muelles de embarque.<\/p>\n<p>Cada operaci\u00f3n de embarque que se realiza en cualquiera de los dos puertos ultramarinos entrerrianos, Concepci\u00f3n del Uruguay e Ibicuy, ocupan un promedio de 450 personas entre los que se cuentan personal de estiba, guincheros, bodegueros, administrativos, maquinistas, mec\u00e1nicos, personal de seguridad, Prefectura Naval Argentina, Bomberos, personal sanitario, y camioneros, entre otros que se ocupan de forma directa.<\/p>\n<p>A esto hay que sumar todo el personal que ocupa la industria forestal asociada a este tipo de producci\u00f3n que tiene su origen en montes de cultivo especialmente dedicados a este tipo de producto, desde la plantaci\u00f3n y el cuidado, hasta la tala y el transporte.<\/p>\n","protected":false},"excerpt":{"rendered":"<p>Las exportaciones a trav\u00e9s de los puertos de Entre R\u00edos contin\u00faa desarroll\u00e1ndose con intensidad y de forma constante. Este jueves finaliz\u00f3 la primera parte de un embarque de troncos de pino a granel en el puerto de Concepci\u00f3n del Uruguay, operaci\u00f3n que sigue en el puerto de Ibicuy. Paralelamente, un segundo ultramarino hizo su ingreso [&hellip;]<\/p>\n","protected":false},"author":1,"featured_media":2489,"comment_status":"open","ping_status":"open","sticky":false,"template":"","format":"standard","meta":{"footnotes":""},"categories":[81],"tags":[],"class_list":{"0":"post-2488","1":"post","2":"type-post","3":"status-publish","4":"format-standard","5":"has-post-thumbnail","7":"category-noticias"},"yoast_head":"<!-- This site is optimized with the Yoast SEO plugin v27.4 - https:\/\/yoast.com\/product\/yoast-seo-wordpress\/ -->\n<title>Intensa actividad de exportaci\u00f3n en los puertos entrerrianos - Puerto de Concepci\u00f3n del Uruguay<\/title>\n<meta name=\"robots\" content=\"index, follow, max-snippet:-1, max-image-preview:large, max-video-preview:-1\" \/>\n<link rel=\"canonical\" href=\"https:\/\/www.puertocdelu.com.ar\/index.php\/2022\/08\/26\/intensa-actividad-de-exportacion-en-los-puertos-entrerrianos\/\" \/>\n<meta property=\"og:locale\" content=\"es_ES\" \/>\n<meta property=\"og:type\" content=\"article\" \/>\n<meta property=\"og:title\" content=\"Intensa actividad de exportaci\u00f3n en los puertos entrerrianos - Puerto de Concepci\u00f3n del Uruguay\" \/>\n<meta property=\"og:description\" content=\"Las exportaciones a trav\u00e9s de los puertos de Entre R\u00edos contin\u00faa desarroll\u00e1ndose con intensidad y de forma constante. Este jueves finaliz\u00f3 la primera parte de un embarque de troncos de pino a granel en el puerto de Concepci\u00f3n del Uruguay, operaci\u00f3n que sigue en el puerto de Ibicuy. Paralelamente, un segundo ultramarino hizo su ingreso [&hellip;]\" \/>\n<meta property=\"og:url\" content=\"https:\/\/www.puertocdelu.com.ar\/index.php\/2022\/08\/26\/intensa-actividad-de-exportacion-en-los-puertos-entrerrianos\/\" \/>\n<meta property=\"og:site_name\" content=\"Puerto de Concepci\u00f3n del Uruguay\" \/>\n<meta property=\"article:published_time\" content=\"2022-08-26T15:26:59+00:00\" \/>\n<meta property=\"article:modified_time\" content=\"2022-09-07T15:35:10+00:00\" \/>\n<meta property=\"og:image\" content=\"https:\/\/www.puertocdelu.com.ar\/wp-content\/uploads\/2022\/09\/DJI_0853-scaled.jpg\" \/>\n\t<meta property=\"og:image:width\" content=\"2560\" \/>\n\t<meta property=\"og:image:height\" content=\"1440\" \/>\n\t<meta property=\"og:image:type\" content=\"image\/jpeg\" \/>\n<meta name=\"author\" content=\"PuertoCdelU\" \/>\n<meta name=\"twitter:card\" content=\"summary_large_image\" \/>\n<meta name=\"twitter:label1\" content=\"Escrito por\" \/>\n\t<meta name=\"twitter:data1\" content=\"PuertoCdelU\" \/>\n\t<meta name=\"twitter:label2\" content=\"Tiempo de lectura\" \/>\n\t<meta name=\"twitter:data2\" content=\"2 minutos\" \/>\n<script type=\"application\/ld+json\" class=\"yoast-schema-graph\">{\"@context\":\"https:\\\/\\\/schema.org\",\"@graph\":[{\"@type\":\"Article\",\"@id\":\"https:\\\/\\\/www.puertocdelu.com.ar\\\/index.php\\\/2022\\\/08\\\/26\\\/intensa-actividad-de-exportacion-en-los-puertos-entrerrianos\\\/#article\",\"isPartOf\":{\"@id\":\"https:\\\/\\\/www.puertocdelu.com.ar\\\/index.php\\\/2022\\\/08\\\/26\\\/intensa-actividad-de-exportacion-en-los-puertos-entrerrianos\\\/\"},\"author\":{\"name\":\"PuertoCdelU\",\"@id\":\"https:\\\/\\\/www.puertocdelu.com.ar\\\/#\\\/schema\\\/person\\\/9d258b923b29bd5f47ca80d9c8cd72d1\"},\"headline\":\"Intensa actividad de exportaci\u00f3n en los puertos entrerrianos\",\"datePublished\":\"2022-08-26T15:26:59+00:00\",\"dateModified\":\"2022-09-07T15:35:10+00:00\",\"mainEntityOfPage\":{\"@id\":\"https:\\\/\\\/www.puertocdelu.com.ar\\\/index.php\\\/2022\\\/08\\\/26\\\/intensa-actividad-de-exportacion-en-los-puertos-entrerrianos\\\/\"},\"wordCount\":464,\"commentCount\":0,\"image\":{\"@id\":\"https:\\\/\\\/www.puertocdelu.com.ar\\\/index.php\\\/2022\\\/08\\\/26\\\/intensa-actividad-de-exportacion-en-los-puertos-entrerrianos\\\/#primaryimage\"},\"thumbnailUrl\":\"https:\\\/\\\/www.puertocdelu.com.ar\\\/wp-content\\\/uploads\\\/2022\\\/09\\\/DJI_0853-scaled.jpg\",\"articleSection\":[\"Noticias\"],\"inLanguage\":\"es\",\"potentialAction\":[{\"@type\":\"CommentAction\",\"name\":\"Comment\",\"target\":[\"https:\\\/\\\/www.puertocdelu.com.ar\\\/index.php\\\/2022\\\/08\\\/26\\\/intensa-actividad-de-exportacion-en-los-puertos-entrerrianos\\\/#respond\"]}]},{\"@type\":\"WebPage\",\"@id\":\"https:\\\/\\\/www.puertocdelu.com.ar\\\/index.php\\\/2022\\\/08\\\/26\\\/intensa-actividad-de-exportacion-en-los-puertos-entrerrianos\\\/\",\"url\":\"https:\\\/\\\/www.puertocdelu.com.ar\\\/index.php\\\/2022\\\/08\\\/26\\\/intensa-actividad-de-exportacion-en-los-puertos-entrerrianos\\\/\",\"name\":\"Intensa actividad de exportaci\u00f3n en los puertos entrerrianos - Puerto de Concepci\u00f3n del Uruguay\",\"isPartOf\":{\"@id\":\"https:\\\/\\\/www.puertocdelu.com.ar\\\/#website\"},\"primaryImageOfPage\":{\"@id\":\"https:\\\/\\\/www.puertocdelu.com.ar\\\/index.php\\\/2022\\\/08\\\/26\\\/intensa-actividad-de-exportacion-en-los-puertos-entrerrianos\\\/#primaryimage\"},\"image\":{\"@id\":\"https:\\\/\\\/www.puertocdelu.com.ar\\\/index.php\\\/2022\\\/08\\\/26\\\/intensa-actividad-de-exportacion-en-los-puertos-entrerrianos\\\/#primaryimage\"},\"thumbnailUrl\":\"https:\\\/\\\/www.puertocdelu.com.ar\\\/wp-content\\\/uploads\\\/2022\\\/09\\\/DJI_0853-scaled.jpg\",\"datePublished\":\"2022-08-26T15:26:59+00:00\",\"dateModified\":\"2022-09-07T15:35:10+00:00\",\"author\":{\"@id\":\"https:\\\/\\\/www.puertocdelu.com.ar\\\/#\\\/schema\\\/person\\\/9d258b923b29bd5f47ca80d9c8cd72d1\"},\"breadcrumb\":{\"@id\":\"https:\\\/\\\/www.puertocdelu.com.ar\\\/index.php\\\/2022\\\/08\\\/26\\\/intensa-actividad-de-exportacion-en-los-puertos-entrerrianos\\\/#breadcrumb\"},\"inLanguage\":\"es\",\"potentialAction\":[{\"@type\":\"ReadAction\",\"target\":[\"https:\\\/\\\/www.puertocdelu.com.ar\\\/index.php\\\/2022\\\/08\\\/26\\\/intensa-actividad-de-exportacion-en-los-puertos-entrerrianos\\\/\"]}]},{\"@type\":\"ImageObject\",\"inLanguage\":\"es\",\"@id\":\"https:\\\/\\\/www.puertocdelu.com.ar\\\/index.php\\\/2022\\\/08\\\/26\\\/intensa-actividad-de-exportacion-en-los-puertos-entrerrianos\\\/#primaryimage\",\"url\":\"https:\\\/\\\/www.puertocdelu.com.ar\\\/wp-content\\\/uploads\\\/2022\\\/09\\\/DJI_0853-scaled.jpg\",\"contentUrl\":\"https:\\\/\\\/www.puertocdelu.com.ar\\\/wp-content\\\/uploads\\\/2022\\\/09\\\/DJI_0853-scaled.jpg\",\"width\":2560,\"height\":1440},{\"@type\":\"BreadcrumbList\",\"@id\":\"https:\\\/\\\/www.puertocdelu.com.ar\\\/index.php\\\/2022\\\/08\\\/26\\\/intensa-actividad-de-exportacion-en-los-puertos-entrerrianos\\\/#breadcrumb\",\"itemListElement\":[{\"@type\":\"ListItem\",\"position\":1,\"name\":\"Portada\",\"item\":\"https:\\\/\\\/www.puertocdelu.com.ar\\\/\"},{\"@type\":\"ListItem\",\"position\":2,\"name\":\"Intensa actividad de exportaci\u00f3n en los puertos entrerrianos\"}]},{\"@type\":\"WebSite\",\"@id\":\"https:\\\/\\\/www.puertocdelu.com.ar\\\/#website\",\"url\":\"https:\\\/\\\/www.puertocdelu.com.ar\\\/\",\"name\":\"Puerto de Concepci\u00f3n del Uruguay\",\"description\":\"\",\"potentialAction\":[{\"@type\":\"SearchAction\",\"target\":{\"@type\":\"EntryPoint\",\"urlTemplate\":\"https:\\\/\\\/www.puertocdelu.com.ar\\\/?s={search_term_string}\"},\"query-input\":{\"@type\":\"PropertyValueSpecification\",\"valueRequired\":true,\"valueName\":\"search_term_string\"}}],\"inLanguage\":\"es\"},{\"@type\":\"Person\",\"@id\":\"https:\\\/\\\/www.puertocdelu.com.ar\\\/#\\\/schema\\\/person\\\/9d258b923b29bd5f47ca80d9c8cd72d1\",\"name\":\"PuertoCdelU\",\"image\":{\"@type\":\"ImageObject\",\"inLanguage\":\"es\",\"@id\":\"https:\\\/\\\/secure.gravatar.com\\\/avatar\\\/99e38dea1727d397df18aced5ac6840012bb7f24c8570dcfafabb73086aed88c?s=96&d=mm&r=g\",\"url\":\"https:\\\/\\\/secure.gravatar.com\\\/avatar\\\/99e38dea1727d397df18aced5ac6840012bb7f24c8570dcfafabb73086aed88c?s=96&d=mm&r=g\",\"contentUrl\":\"https:\\\/\\\/secure.gravatar.com\\\/avatar\\\/99e38dea1727d397df18aced5ac6840012bb7f24c8570dcfafabb73086aed88c?s=96&d=mm&r=g\",\"caption\":\"PuertoCdelU\"},\"url\":\"https:\\\/\\\/www.puertocdelu.com.ar\\\/index.php\\\/author\\\/hectordelos1\\\/\"}]}<\/script>\n<!-- \/ Yoast SEO plugin. -->","yoast_head_json":{"title":"Intensa actividad de exportaci\u00f3n en los puertos entrerrianos - Puerto de Concepci\u00f3n del Uruguay","robots":{"index":"index","follow":"follow","max-snippet":"max-snippet:-1","max-image-preview":"max-image-preview:large","max-video-preview":"max-video-preview:-1"},"canonical":"https:\/\/www.puertocdelu.com.ar\/index.php\/2022\/08\/26\/intensa-actividad-de-exportacion-en-los-puertos-entrerrianos\/","og_locale":"es_ES","og_type":"article","og_title":"Intensa actividad de exportaci\u00f3n en los puertos entrerrianos - Puerto de Concepci\u00f3n del Uruguay","og_description":"Las exportaciones a trav\u00e9s de los puertos de Entre R\u00edos contin\u00faa desarroll\u00e1ndose con intensidad y de forma constante. Este jueves finaliz\u00f3 la primera parte de un embarque de troncos de pino a granel en el puerto de Concepci\u00f3n del Uruguay, operaci\u00f3n que sigue en el puerto de Ibicuy. Paralelamente, un segundo ultramarino hizo su ingreso [&hellip;]","og_url":"https:\/\/www.puertocdelu.com.ar\/index.php\/2022\/08\/26\/intensa-actividad-de-exportacion-en-los-puertos-entrerrianos\/","og_site_name":"Puerto de Concepci\u00f3n del Uruguay","article_published_time":"2022-08-26T15:26:59+00:00","article_modified_time":"2022-09-07T15:35:10+00:00","og_image":[{"width":2560,"height":1440,"url":"https:\/\/www.puertocdelu.com.ar\/wp-content\/uploads\/2022\/09\/DJI_0853-scaled.jpg","type":"image\/jpeg"}],"author":"PuertoCdelU","twitter_card":"summary_large_image","twitter_misc":{"Escrito por":"PuertoCdelU","Tiempo de lectura":"2 minutos"},"schema":{"@context":"https:\/\/schema.org","@graph":[{"@type":"Article","@id":"https:\/\/www.puertocdelu.com.ar\/index.php\/2022\/08\/26\/intensa-actividad-de-exportacion-en-los-puertos-entrerrianos\/#article","isPartOf":{"@id":"https:\/\/www.puertocdelu.com.ar\/index.php\/2022\/08\/26\/intensa-actividad-de-exportacion-en-los-puertos-entrerrianos\/"},"author":{"name":"PuertoCdelU","@id":"https:\/\/www.puertocdelu.com.ar\/#\/schema\/person\/9d258b923b29bd5f47ca80d9c8cd72d1"},"headline":"Intensa actividad de exportaci\u00f3n en los puertos entrerrianos","datePublished":"2022-08-26T15:26:59+00:00","dateModified":"2022-09-07T15:35:10+00:00","mainEntityOfPage":{"@id":"https:\/\/www.puertocdelu.com.ar\/index.php\/2022\/08\/26\/intensa-actividad-de-exportacion-en-los-puertos-entrerrianos\/"},"wordCount":464,"commentCount":0,"image":{"@id":"https:\/\/www.puertocdelu.com.ar\/index.php\/2022\/08\/26\/intensa-actividad-de-exportacion-en-los-puertos-entrerrianos\/#primaryimage"},"thumbnailUrl":"https:\/\/www.puertocdelu.com.ar\/wp-content\/uploads\/2022\/09\/DJI_0853-scaled.jpg","articleSection":["Noticias"],"inLanguage":"es","potentialAction":[{"@type":"CommentAction","name":"Comment","target":["https:\/\/www.puertocdelu.com.ar\/index.php\/2022\/08\/26\/intensa-actividad-de-exportacion-en-los-puertos-entrerrianos\/#respond"]}]},{"@type":"WebPage","@id":"https:\/\/www.puertocdelu.com.ar\/index.php\/2022\/08\/26\/intensa-actividad-de-exportacion-en-los-puertos-entrerrianos\/","url":"https:\/\/www.puertocdelu.com.ar\/index.php\/2022\/08\/26\/intensa-actividad-de-exportacion-en-los-puertos-entrerrianos\/","name":"Intensa actividad de exportaci\u00f3n en los puertos entrerrianos - Puerto de Concepci\u00f3n del Uruguay","isPartOf":{"@id":"https:\/\/www.puertocdelu.com.ar\/#website"},"primaryImageOfPage":{"@id":"https:\/\/www.puertocdelu.com.ar\/index.php\/2022\/08\/26\/intensa-actividad-de-exportacion-en-los-puertos-entrerrianos\/#primaryimage"},"image":{"@id":"https:\/\/www.puertocdelu.com.ar\/index.php\/2022\/08\/26\/intensa-actividad-de-exportacion-en-los-puertos-entrerrianos\/#primaryimage"},"thumbnailUrl":"https:\/\/www.puertocdelu.com.ar\/wp-content\/uploads\/2022\/09\/DJI_0853-scaled.jpg","datePublished":"2022-08-26T15:26:59+00:00","dateModified":"2022-09-07T15:35:10+00:00","author":{"@id":"https:\/\/www.puertocdelu.com.ar\/#\/schema\/person\/9d258b923b29bd5f47ca80d9c8cd72d1"},"breadcrumb":{"@id":"https:\/\/www.puertocdelu.com.ar\/index.php\/2022\/08\/26\/intensa-actividad-de-exportacion-en-los-puertos-entrerrianos\/#breadcrumb"},"inLanguage":"es","potentialAction":[{"@type":"ReadAction","target":["https:\/\/www.puertocdelu.com.ar\/index.php\/2022\/08\/26\/intensa-actividad-de-exportacion-en-los-puertos-entrerrianos\/"]}]},{"@type":"ImageObject","inLanguage":"es","@id":"https:\/\/www.puertocdelu.com.ar\/index.php\/2022\/08\/26\/intensa-actividad-de-exportacion-en-los-puertos-entrerrianos\/#primaryimage","url":"https:\/\/www.puertocdelu.com.ar\/wp-content\/uploads\/2022\/09\/DJI_0853-scaled.jpg","contentUrl":"https:\/\/www.puertocdelu.com.ar\/wp-content\/uploads\/2022\/09\/DJI_0853-scaled.jpg","width":2560,"height":1440},{"@type":"BreadcrumbList","@id":"https:\/\/www.puertocdelu.com.ar\/index.php\/2022\/08\/26\/intensa-actividad-de-exportacion-en-los-puertos-entrerrianos\/#breadcrumb","itemListElement":[{"@type":"ListItem","position":1,"name":"Portada","item":"https:\/\/www.puertocdelu.com.ar\/"},{"@type":"ListItem","position":2,"name":"Intensa actividad de exportaci\u00f3n en los puertos entrerrianos"}]},{"@type":"WebSite","@id":"https:\/\/www.puertocdelu.com.ar\/#website","url":"https:\/\/www.puertocdelu.com.ar\/","name":"Puerto de Concepci\u00f3n del Uruguay","description":"","potentialAction":[{"@type":"SearchAction","target":{"@type":"EntryPoint","urlTemplate":"https:\/\/www.puertocdelu.com.ar\/?s={search_term_string}"},"query-input":{"@type":"PropertyValueSpecification","valueRequired":true,"valueName":"search_term_string"}}],"inLanguage":"es"},{"@type":"Person","@id":"https:\/\/www.puertocdelu.com.ar\/#\/schema\/person\/9d258b923b29bd5f47ca80d9c8cd72d1","name":"PuertoCdelU","image":{"@type":"ImageObject","inLanguage":"es","@id":"https:\/\/secure.gravatar.com\/avatar\/99e38dea1727d397df18aced5ac6840012bb7f24c8570dcfafabb73086aed88c?s=96&d=mm&r=g","url":"https:\/\/secure.gravatar.com\/avatar\/99e38dea1727d397df18aced5ac6840012bb7f24c8570dcfafabb73086aed88c?s=96&d=mm&r=g","contentUrl":"https:\/\/secure.gravatar.com\/avatar\/99e38dea1727d397df18aced5ac6840012bb7f24c8570dcfafabb73086aed88c?s=96&d=mm&r=g","caption":"PuertoCdelU"},"url":"https:\/\/www.puertocdelu.com.ar\/index.php\/author\/hectordelos1\/"}]}},"_links":{"self":[{"href":"https:\/\/www.puertocdelu.com.ar\/index.php\/wp-json\/wp\/v2\/posts\/2488","targetHints":{"allow":["GET"]}}],"collection":[{"href":"https:\/\/www.puertocdelu.com.ar\/index.php\/wp-json\/wp\/v2\/posts"}],"about":[{"href":"https:\/\/www.puertocdelu.com.ar\/index.php\/wp-json\/wp\/v2\/types\/post"}],"author":[{"embeddable":true,"href":"https:\/\/www.puertocdelu.com.ar\/index.php\/wp-json\/wp\/v2\/users\/1"}],"replies":[{"embeddable":true,"href":"https:\/\/www.puertocdelu.com.ar\/index.php\/wp-json\/wp\/v2\/comments?post=2488"}],"version-history":[{"count":1,"href":"https:\/\/www.puertocdelu.com.ar\/index.php\/wp-json\/wp\/v2\/posts\/2488\/revisions"}],"predecessor-version":[{"id":2490,"href":"https:\/\/www.puertocdelu.com.ar\/index.php\/wp-json\/wp\/v2\/posts\/2488\/revisions\/2490"}],"wp:featuredmedia":[{"embeddable":true,"href":"https:\/\/www.puertocdelu.com.ar\/index.php\/wp-json\/wp\/v2\/media\/2489"}],"wp:attachment":[{"href":"https:\/\/www.puertocdelu.com.ar\/index.php\/wp-json\/wp\/v2\/media?parent=2488"}],"wp:term":[{"taxonomy":"category","embeddable":true,"href":"https:\/\/www.puertocdelu.com.ar\/index.php\/wp-json\/wp\/v2\/categories?post=2488"},{"taxonomy":"post_tag","embeddable":true,"href":"https:\/\/www.puertocdelu.com.ar\/index.php\/wp-json\/wp\/v2\/tags?post=2488"}],"curies":[{"name":"wp","href":"https:\/\/api.w.org\/{rel}","templated":true}]}}