{"id":2492,"date":"2022-09-20T12:46:39","date_gmt":"2022-09-20T12:46:39","guid":{"rendered":"https:\/\/www.puertocdelu.com.ar\/?p=2492"},"modified":"2022-09-28T12:48:16","modified_gmt":"2022-09-28T12:48:16","slug":"puertos-y-ferrocarriles-buscan-potenciar-el-desarrollo-entrerriano","status":"publish","type":"post","link":"https:\/\/www.puertocdelu.com.ar\/index.php\/2022\/09\/20\/puertos-y-ferrocarriles-buscan-potenciar-el-desarrollo-entrerriano\/","title":{"rendered":"Puertos y ferrocarriles buscan potenciar el desarrollo entrerriano"},"content":{"rendered":"<p>La necesidad de avanzar hacia una nueva etapa en el desarrollo de los puertos p\u00fablicos de la Provincia, desde el Gobierno de Entre R\u00edos se impulsa el fortalecimiento de una red de transporte multimodal a trav\u00e9s de la complementariedad del sistema portuario de Entre R\u00edos con la L\u00ednea Urquiza de ferrocarriles.<\/p>\n<p>Carlos Schepens, presidente del Instituto Portuario Provincial de Entre R\u00edos (IPPER), mantuvo un encuentro con Mart\u00edn Marinucci, Presidente de Trenes Argentinos Cargas, con el objeto de avanzar en mejoras en el servicio de cargas que conecta los puertos de Entre R\u00edos con la red ferroviaria de la L\u00ednea Urquiza.<\/p>\n<p>\u201cLa etapa de la reactivaci\u00f3n portuaria que impuso el gobernador Gustavo Bordet est\u00e1 cumplida, tenemos los puertos p\u00fablicos entrerrianos trabajando y alcanzando niveles de carga que no se registraban desde hace 20 a\u00f1os, y el fortalecimiento del sistema portuario es una pol\u00edtica de Estado. Ahora es necesario avanzar hacia la ampliaci\u00f3n y la modernizaci\u00f3n de nuestros puertos para adaptarlos a las exigencias que impone el comercio internacional actual\u201d, remarc\u00f3 Schepens.<\/p>\n<p>En este mismo sentido, el Presidente del IPPER sostuvo que \u201clos puertos y los trenes son los ejes de una complementariedad que sustenta el crecimiento y el desarrollo de las econom\u00edas en todo el mundo, es por eso que queremos avanzar con Trenes Argentinos en temas centrales para la producci\u00f3n, la industria, y el empleo en toda la regi\u00f3n\u201d.<\/p>\n<p>El Presidente del IPPER record\u00f3 que la decisi\u00f3n pol\u00edtica del gobierno entrerriano posibilit\u00f3 la recuperaci\u00f3n de la industria forestal en Entre R\u00edos, \u201cy a partir de esto fue posible la reactivaci\u00f3n de tren de cargas en la Mesopotamia, ya que surgieron convenios entre empresas privadas y Trenes Argentinos que posibilitaron las inversiones necesarias para la recuperaci\u00f3n de tramos de v\u00edas, como as\u00ed tambi\u00e9n la incorporaci\u00f3n de equipamiento\u201d.<\/p>\n<p><a href=\"https:\/\/www.puertocdelu.com.ar\/wp-content\/uploads\/2022\/09\/marinucci03.jpg\"><img loading=\"lazy\" decoding=\"async\" class=\"aligncenter size-full wp-image-2493\" src=\"https:\/\/www.puertocdelu.com.ar\/wp-content\/uploads\/2022\/09\/marinucci03.jpg\" alt=\"\" width=\"1238\" height=\"744\" srcset=\"https:\/\/www.puertocdelu.com.ar\/wp-content\/uploads\/2022\/09\/marinucci03.jpg 1238w, https:\/\/www.puertocdelu.com.ar\/wp-content\/uploads\/2022\/09\/marinucci03-300x180.jpg 300w, https:\/\/www.puertocdelu.com.ar\/wp-content\/uploads\/2022\/09\/marinucci03-1024x615.jpg 1024w, https:\/\/www.puertocdelu.com.ar\/wp-content\/uploads\/2022\/09\/marinucci03-768x462.jpg 768w, https:\/\/www.puertocdelu.com.ar\/wp-content\/uploads\/2022\/09\/marinucci03-696x418.jpg 696w, https:\/\/www.puertocdelu.com.ar\/wp-content\/uploads\/2022\/09\/marinucci03-1068x642.jpg 1068w, https:\/\/www.puertocdelu.com.ar\/wp-content\/uploads\/2022\/09\/marinucci03-699x420.jpg 699w\" sizes=\"auto, (max-width: 1238px) 100vw, 1238px\" \/><\/a><\/p>\n<p>Seg\u00fan especific\u00f3 Schepens, el encuentro con Mart\u00edn Marinucci, Presidente de Trenes Argentinos Cargas, estuvo dedicado a establecer \u201cuna agenda de trabajo que permita avanzar sobre necesidades centrales para los puertos, como son la conexi\u00f3n del ferrocarril con los puertos y la incorporaci\u00f3n de nuevo material rodante para sumar cargas\u201d.<\/p>\n<p>En los pr\u00f3ximos d\u00edas tendr\u00e1 lugar un nuevo encuentro para avanzar sobre los estudios de factibilidad que demandan todas estas necesidades planteadas desde el sector portuario entrerriano ante Ferrocarriles Argentinos.<\/p>\n<p>&nbsp;<\/p>\n","protected":false},"excerpt":{"rendered":"<p>La necesidad de avanzar hacia una nueva etapa en el desarrollo de los puertos p\u00fablicos de la Provincia, desde el Gobierno de Entre R\u00edos se impulsa el fortalecimiento de una red de transporte multimodal a trav\u00e9s de la complementariedad del sistema portuario de Entre R\u00edos con la L\u00ednea Urquiza de ferrocarriles. Carlos Schepens, presidente del [&hellip;]<\/p>\n","protected":false},"author":1,"featured_media":2494,"comment_status":"open","ping_status":"open","sticky":false,"template":"","format":"standard","meta":{"footnotes":""},"categories":[81],"tags":[],"class_list":{"0":"post-2492","1":"post","2":"type-post","3":"status-publish","4":"format-standard","5":"has-post-thumbnail","7":"category-noticias"},"yoast_head":"<!-- This site is optimized with the Yoast SEO plugin v27.4 - https:\/\/yoast.com\/product\/yoast-seo-wordpress\/ -->\n<title>Puertos y ferrocarriles buscan potenciar el desarrollo entrerriano - Puerto de Concepci\u00f3n del Uruguay<\/title>\n<meta name=\"robots\" content=\"index, follow, max-snippet:-1, max-image-preview:large, max-video-preview:-1\" \/>\n<link rel=\"canonical\" href=\"https:\/\/www.puertocdelu.com.ar\/index.php\/2022\/09\/20\/puertos-y-ferrocarriles-buscan-potenciar-el-desarrollo-entrerriano\/\" \/>\n<meta property=\"og:locale\" content=\"es_ES\" \/>\n<meta property=\"og:type\" content=\"article\" \/>\n<meta property=\"og:title\" content=\"Puertos y ferrocarriles buscan potenciar el desarrollo entrerriano - Puerto de Concepci\u00f3n del Uruguay\" \/>\n<meta property=\"og:description\" content=\"La necesidad de avanzar hacia una nueva etapa en el desarrollo de los puertos p\u00fablicos de la Provincia, desde el Gobierno de Entre R\u00edos se impulsa el fortalecimiento de una red de transporte multimodal a trav\u00e9s de la complementariedad del sistema portuario de Entre R\u00edos con la L\u00ednea Urquiza de ferrocarriles. Carlos Schepens, presidente del [&hellip;]\" \/>\n<meta property=\"og:url\" content=\"https:\/\/www.puertocdelu.com.ar\/index.php\/2022\/09\/20\/puertos-y-ferrocarriles-buscan-potenciar-el-desarrollo-entrerriano\/\" \/>\n<meta property=\"og:site_name\" content=\"Puerto de Concepci\u00f3n del Uruguay\" \/>\n<meta property=\"article:published_time\" content=\"2022-09-20T12:46:39+00:00\" \/>\n<meta property=\"article:modified_time\" content=\"2022-09-28T12:48:16+00:00\" \/>\n<meta property=\"og:image\" content=\"https:\/\/www.puertocdelu.com.ar\/wp-content\/uploads\/2022\/09\/02.jpg\" \/>\n\t<meta property=\"og:image:width\" content=\"1200\" \/>\n\t<meta property=\"og:image:height\" content=\"675\" \/>\n\t<meta property=\"og:image:type\" content=\"image\/jpeg\" \/>\n<meta name=\"author\" content=\"PuertoCdelU\" \/>\n<meta name=\"twitter:card\" content=\"summary_large_image\" \/>\n<meta name=\"twitter:label1\" content=\"Escrito por\" \/>\n\t<meta name=\"twitter:data1\" content=\"PuertoCdelU\" \/>\n\t<meta name=\"twitter:label2\" content=\"Tiempo de lectura\" \/>\n\t<meta name=\"twitter:data2\" content=\"2 minutos\" \/>\n<script type=\"application\/ld+json\" class=\"yoast-schema-graph\">{\"@context\":\"https:\\\/\\\/schema.org\",\"@graph\":[{\"@type\":\"Article\",\"@id\":\"https:\\\/\\\/www.puertocdelu.com.ar\\\/index.php\\\/2022\\\/09\\\/20\\\/puertos-y-ferrocarriles-buscan-potenciar-el-desarrollo-entrerriano\\\/#article\",\"isPartOf\":{\"@id\":\"https:\\\/\\\/www.puertocdelu.com.ar\\\/index.php\\\/2022\\\/09\\\/20\\\/puertos-y-ferrocarriles-buscan-potenciar-el-desarrollo-entrerriano\\\/\"},\"author\":{\"name\":\"PuertoCdelU\",\"@id\":\"https:\\\/\\\/www.puertocdelu.com.ar\\\/#\\\/schema\\\/person\\\/9d258b923b29bd5f47ca80d9c8cd72d1\"},\"headline\":\"Puertos y ferrocarriles buscan potenciar el desarrollo entrerriano\",\"datePublished\":\"2022-09-20T12:46:39+00:00\",\"dateModified\":\"2022-09-28T12:48:16+00:00\",\"mainEntityOfPage\":{\"@id\":\"https:\\\/\\\/www.puertocdelu.com.ar\\\/index.php\\\/2022\\\/09\\\/20\\\/puertos-y-ferrocarriles-buscan-potenciar-el-desarrollo-entrerriano\\\/\"},\"wordCount\":416,\"commentCount\":0,\"image\":{\"@id\":\"https:\\\/\\\/www.puertocdelu.com.ar\\\/index.php\\\/2022\\\/09\\\/20\\\/puertos-y-ferrocarriles-buscan-potenciar-el-desarrollo-entrerriano\\\/#primaryimage\"},\"thumbnailUrl\":\"https:\\\/\\\/www.puertocdelu.com.ar\\\/wp-content\\\/uploads\\\/2022\\\/09\\\/02.jpg\",\"articleSection\":[\"Noticias\"],\"inLanguage\":\"es\",\"potentialAction\":[{\"@type\":\"CommentAction\",\"name\":\"Comment\",\"target\":[\"https:\\\/\\\/www.puertocdelu.com.ar\\\/index.php\\\/2022\\\/09\\\/20\\\/puertos-y-ferrocarriles-buscan-potenciar-el-desarrollo-entrerriano\\\/#respond\"]}]},{\"@type\":\"WebPage\",\"@id\":\"https:\\\/\\\/www.puertocdelu.com.ar\\\/index.php\\\/2022\\\/09\\\/20\\\/puertos-y-ferrocarriles-buscan-potenciar-el-desarrollo-entrerriano\\\/\",\"url\":\"https:\\\/\\\/www.puertocdelu.com.ar\\\/index.php\\\/2022\\\/09\\\/20\\\/puertos-y-ferrocarriles-buscan-potenciar-el-desarrollo-entrerriano\\\/\",\"name\":\"Puertos y ferrocarriles buscan potenciar el desarrollo entrerriano - Puerto de Concepci\u00f3n del Uruguay\",\"isPartOf\":{\"@id\":\"https:\\\/\\\/www.puertocdelu.com.ar\\\/#website\"},\"primaryImageOfPage\":{\"@id\":\"https:\\\/\\\/www.puertocdelu.com.ar\\\/index.php\\\/2022\\\/09\\\/20\\\/puertos-y-ferrocarriles-buscan-potenciar-el-desarrollo-entrerriano\\\/#primaryimage\"},\"image\":{\"@id\":\"https:\\\/\\\/www.puertocdelu.com.ar\\\/index.php\\\/2022\\\/09\\\/20\\\/puertos-y-ferrocarriles-buscan-potenciar-el-desarrollo-entrerriano\\\/#primaryimage\"},\"thumbnailUrl\":\"https:\\\/\\\/www.puertocdelu.com.ar\\\/wp-content\\\/uploads\\\/2022\\\/09\\\/02.jpg\",\"datePublished\":\"2022-09-20T12:46:39+00:00\",\"dateModified\":\"2022-09-28T12:48:16+00:00\",\"author\":{\"@id\":\"https:\\\/\\\/www.puertocdelu.com.ar\\\/#\\\/schema\\\/person\\\/9d258b923b29bd5f47ca80d9c8cd72d1\"},\"breadcrumb\":{\"@id\":\"https:\\\/\\\/www.puertocdelu.com.ar\\\/index.php\\\/2022\\\/09\\\/20\\\/puertos-y-ferrocarriles-buscan-potenciar-el-desarrollo-entrerriano\\\/#breadcrumb\"},\"inLanguage\":\"es\",\"potentialAction\":[{\"@type\":\"ReadAction\",\"target\":[\"https:\\\/\\\/www.puertocdelu.com.ar\\\/index.php\\\/2022\\\/09\\\/20\\\/puertos-y-ferrocarriles-buscan-potenciar-el-desarrollo-entrerriano\\\/\"]}]},{\"@type\":\"ImageObject\",\"inLanguage\":\"es\",\"@id\":\"https:\\\/\\\/www.puertocdelu.com.ar\\\/index.php\\\/2022\\\/09\\\/20\\\/puertos-y-ferrocarriles-buscan-potenciar-el-desarrollo-entrerriano\\\/#primaryimage\",\"url\":\"https:\\\/\\\/www.puertocdelu.com.ar\\\/wp-content\\\/uploads\\\/2022\\\/09\\\/02.jpg\",\"contentUrl\":\"https:\\\/\\\/www.puertocdelu.com.ar\\\/wp-content\\\/uploads\\\/2022\\\/09\\\/02.jpg\",\"width\":1200,\"height\":675,\"caption\":\"default\"},{\"@type\":\"BreadcrumbList\",\"@id\":\"https:\\\/\\\/www.puertocdelu.com.ar\\\/index.php\\\/2022\\\/09\\\/20\\\/puertos-y-ferrocarriles-buscan-potenciar-el-desarrollo-entrerriano\\\/#breadcrumb\",\"itemListElement\":[{\"@type\":\"ListItem\",\"position\":1,\"name\":\"Portada\",\"item\":\"https:\\\/\\\/www.puertocdelu.com.ar\\\/\"},{\"@type\":\"ListItem\",\"position\":2,\"name\":\"Puertos y ferrocarriles buscan potenciar el desarrollo entrerriano\"}]},{\"@type\":\"WebSite\",\"@id\":\"https:\\\/\\\/www.puertocdelu.com.ar\\\/#website\",\"url\":\"https:\\\/\\\/www.puertocdelu.com.ar\\\/\",\"name\":\"Puerto de Concepci\u00f3n del Uruguay\",\"description\":\"\",\"potentialAction\":[{\"@type\":\"SearchAction\",\"target\":{\"@type\":\"EntryPoint\",\"urlTemplate\":\"https:\\\/\\\/www.puertocdelu.com.ar\\\/?s={search_term_string}\"},\"query-input\":{\"@type\":\"PropertyValueSpecification\",\"valueRequired\":true,\"valueName\":\"search_term_string\"}}],\"inLanguage\":\"es\"},{\"@type\":\"Person\",\"@id\":\"https:\\\/\\\/www.puertocdelu.com.ar\\\/#\\\/schema\\\/person\\\/9d258b923b29bd5f47ca80d9c8cd72d1\",\"name\":\"PuertoCdelU\",\"image\":{\"@type\":\"ImageObject\",\"inLanguage\":\"es\",\"@id\":\"https:\\\/\\\/secure.gravatar.com\\\/avatar\\\/99e38dea1727d397df18aced5ac6840012bb7f24c8570dcfafabb73086aed88c?s=96&d=mm&r=g\",\"url\":\"https:\\\/\\\/secure.gravatar.com\\\/avatar\\\/99e38dea1727d397df18aced5ac6840012bb7f24c8570dcfafabb73086aed88c?s=96&d=mm&r=g\",\"contentUrl\":\"https:\\\/\\\/secure.gravatar.com\\\/avatar\\\/99e38dea1727d397df18aced5ac6840012bb7f24c8570dcfafabb73086aed88c?s=96&d=mm&r=g\",\"caption\":\"PuertoCdelU\"},\"url\":\"https:\\\/\\\/www.puertocdelu.com.ar\\\/index.php\\\/author\\\/hectordelos1\\\/\"}]}<\/script>\n<!-- \/ Yoast SEO plugin. -->","yoast_head_json":{"title":"Puertos y ferrocarriles buscan potenciar el desarrollo entrerriano - Puerto de Concepci\u00f3n del Uruguay","robots":{"index":"index","follow":"follow","max-snippet":"max-snippet:-1","max-image-preview":"max-image-preview:large","max-video-preview":"max-video-preview:-1"},"canonical":"https:\/\/www.puertocdelu.com.ar\/index.php\/2022\/09\/20\/puertos-y-ferrocarriles-buscan-potenciar-el-desarrollo-entrerriano\/","og_locale":"es_ES","og_type":"article","og_title":"Puertos y ferrocarriles buscan potenciar el desarrollo entrerriano - Puerto de Concepci\u00f3n del Uruguay","og_description":"La necesidad de avanzar hacia una nueva etapa en el desarrollo de los puertos p\u00fablicos de la Provincia, desde el Gobierno de Entre R\u00edos se impulsa el fortalecimiento de una red de transporte multimodal a trav\u00e9s de la complementariedad del sistema portuario de Entre R\u00edos con la L\u00ednea Urquiza de ferrocarriles. Carlos Schepens, presidente del [&hellip;]","og_url":"https:\/\/www.puertocdelu.com.ar\/index.php\/2022\/09\/20\/puertos-y-ferrocarriles-buscan-potenciar-el-desarrollo-entrerriano\/","og_site_name":"Puerto de Concepci\u00f3n del Uruguay","article_published_time":"2022-09-20T12:46:39+00:00","article_modified_time":"2022-09-28T12:48:16+00:00","og_image":[{"width":1200,"height":675,"url":"https:\/\/www.puertocdelu.com.ar\/wp-content\/uploads\/2022\/09\/02.jpg","type":"image\/jpeg"}],"author":"PuertoCdelU","twitter_card":"summary_large_image","twitter_misc":{"Escrito por":"PuertoCdelU","Tiempo de lectura":"2 minutos"},"schema":{"@context":"https:\/\/schema.org","@graph":[{"@type":"Article","@id":"https:\/\/www.puertocdelu.com.ar\/index.php\/2022\/09\/20\/puertos-y-ferrocarriles-buscan-potenciar-el-desarrollo-entrerriano\/#article","isPartOf":{"@id":"https:\/\/www.puertocdelu.com.ar\/index.php\/2022\/09\/20\/puertos-y-ferrocarriles-buscan-potenciar-el-desarrollo-entrerriano\/"},"author":{"name":"PuertoCdelU","@id":"https:\/\/www.puertocdelu.com.ar\/#\/schema\/person\/9d258b923b29bd5f47ca80d9c8cd72d1"},"headline":"Puertos y ferrocarriles buscan potenciar el desarrollo entrerriano","datePublished":"2022-09-20T12:46:39+00:00","dateModified":"2022-09-28T12:48:16+00:00","mainEntityOfPage":{"@id":"https:\/\/www.puertocdelu.com.ar\/index.php\/2022\/09\/20\/puertos-y-ferrocarriles-buscan-potenciar-el-desarrollo-entrerriano\/"},"wordCount":416,"commentCount":0,"image":{"@id":"https:\/\/www.puertocdelu.com.ar\/index.php\/2022\/09\/20\/puertos-y-ferrocarriles-buscan-potenciar-el-desarrollo-entrerriano\/#primaryimage"},"thumbnailUrl":"https:\/\/www.puertocdelu.com.ar\/wp-content\/uploads\/2022\/09\/02.jpg","articleSection":["Noticias"],"inLanguage":"es","potentialAction":[{"@type":"CommentAction","name":"Comment","target":["https:\/\/www.puertocdelu.com.ar\/index.php\/2022\/09\/20\/puertos-y-ferrocarriles-buscan-potenciar-el-desarrollo-entrerriano\/#respond"]}]},{"@type":"WebPage","@id":"https:\/\/www.puertocdelu.com.ar\/index.php\/2022\/09\/20\/puertos-y-ferrocarriles-buscan-potenciar-el-desarrollo-entrerriano\/","url":"https:\/\/www.puertocdelu.com.ar\/index.php\/2022\/09\/20\/puertos-y-ferrocarriles-buscan-potenciar-el-desarrollo-entrerriano\/","name":"Puertos y ferrocarriles buscan potenciar el desarrollo entrerriano - Puerto de Concepci\u00f3n del Uruguay","isPartOf":{"@id":"https:\/\/www.puertocdelu.com.ar\/#website"},"primaryImageOfPage":{"@id":"https:\/\/www.puertocdelu.com.ar\/index.php\/2022\/09\/20\/puertos-y-ferrocarriles-buscan-potenciar-el-desarrollo-entrerriano\/#primaryimage"},"image":{"@id":"https:\/\/www.puertocdelu.com.ar\/index.php\/2022\/09\/20\/puertos-y-ferrocarriles-buscan-potenciar-el-desarrollo-entrerriano\/#primaryimage"},"thumbnailUrl":"https:\/\/www.puertocdelu.com.ar\/wp-content\/uploads\/2022\/09\/02.jpg","datePublished":"2022-09-20T12:46:39+00:00","dateModified":"2022-09-28T12:48:16+00:00","author":{"@id":"https:\/\/www.puertocdelu.com.ar\/#\/schema\/person\/9d258b923b29bd5f47ca80d9c8cd72d1"},"breadcrumb":{"@id":"https:\/\/www.puertocdelu.com.ar\/index.php\/2022\/09\/20\/puertos-y-ferrocarriles-buscan-potenciar-el-desarrollo-entrerriano\/#breadcrumb"},"inLanguage":"es","potentialAction":[{"@type":"ReadAction","target":["https:\/\/www.puertocdelu.com.ar\/index.php\/2022\/09\/20\/puertos-y-ferrocarriles-buscan-potenciar-el-desarrollo-entrerriano\/"]}]},{"@type":"ImageObject","inLanguage":"es","@id":"https:\/\/www.puertocdelu.com.ar\/index.php\/2022\/09\/20\/puertos-y-ferrocarriles-buscan-potenciar-el-desarrollo-entrerriano\/#primaryimage","url":"https:\/\/www.puertocdelu.com.ar\/wp-content\/uploads\/2022\/09\/02.jpg","contentUrl":"https:\/\/www.puertocdelu.com.ar\/wp-content\/uploads\/2022\/09\/02.jpg","width":1200,"height":675,"caption":"default"},{"@type":"BreadcrumbList","@id":"https:\/\/www.puertocdelu.com.ar\/index.php\/2022\/09\/20\/puertos-y-ferrocarriles-buscan-potenciar-el-desarrollo-entrerriano\/#breadcrumb","itemListElement":[{"@type":"ListItem","position":1,"name":"Portada","item":"https:\/\/www.puertocdelu.com.ar\/"},{"@type":"ListItem","position":2,"name":"Puertos y ferrocarriles buscan potenciar el desarrollo entrerriano"}]},{"@type":"WebSite","@id":"https:\/\/www.puertocdelu.com.ar\/#website","url":"https:\/\/www.puertocdelu.com.ar\/","name":"Puerto de Concepci\u00f3n del Uruguay","description":"","potentialAction":[{"@type":"SearchAction","target":{"@type":"EntryPoint","urlTemplate":"https:\/\/www.puertocdelu.com.ar\/?s={search_term_string}"},"query-input":{"@type":"PropertyValueSpecification","valueRequired":true,"valueName":"search_term_string"}}],"inLanguage":"es"},{"@type":"Person","@id":"https:\/\/www.puertocdelu.com.ar\/#\/schema\/person\/9d258b923b29bd5f47ca80d9c8cd72d1","name":"PuertoCdelU","image":{"@type":"ImageObject","inLanguage":"es","@id":"https:\/\/secure.gravatar.com\/avatar\/99e38dea1727d397df18aced5ac6840012bb7f24c8570dcfafabb73086aed88c?s=96&d=mm&r=g","url":"https:\/\/secure.gravatar.com\/avatar\/99e38dea1727d397df18aced5ac6840012bb7f24c8570dcfafabb73086aed88c?s=96&d=mm&r=g","contentUrl":"https:\/\/secure.gravatar.com\/avatar\/99e38dea1727d397df18aced5ac6840012bb7f24c8570dcfafabb73086aed88c?s=96&d=mm&r=g","caption":"PuertoCdelU"},"url":"https:\/\/www.puertocdelu.com.ar\/index.php\/author\/hectordelos1\/"}]}},"_links":{"self":[{"href":"https:\/\/www.puertocdelu.com.ar\/index.php\/wp-json\/wp\/v2\/posts\/2492","targetHints":{"allow":["GET"]}}],"collection":[{"href":"https:\/\/www.puertocdelu.com.ar\/index.php\/wp-json\/wp\/v2\/posts"}],"about":[{"href":"https:\/\/www.puertocdelu.com.ar\/index.php\/wp-json\/wp\/v2\/types\/post"}],"author":[{"embeddable":true,"href":"https:\/\/www.puertocdelu.com.ar\/index.php\/wp-json\/wp\/v2\/users\/1"}],"replies":[{"embeddable":true,"href":"https:\/\/www.puertocdelu.com.ar\/index.php\/wp-json\/wp\/v2\/comments?post=2492"}],"version-history":[{"count":1,"href":"https:\/\/www.puertocdelu.com.ar\/index.php\/wp-json\/wp\/v2\/posts\/2492\/revisions"}],"predecessor-version":[{"id":2495,"href":"https:\/\/www.puertocdelu.com.ar\/index.php\/wp-json\/wp\/v2\/posts\/2492\/revisions\/2495"}],"wp:featuredmedia":[{"embeddable":true,"href":"https:\/\/www.puertocdelu.com.ar\/index.php\/wp-json\/wp\/v2\/media\/2494"}],"wp:attachment":[{"href":"https:\/\/www.puertocdelu.com.ar\/index.php\/wp-json\/wp\/v2\/media?parent=2492"}],"wp:term":[{"taxonomy":"category","embeddable":true,"href":"https:\/\/www.puertocdelu.com.ar\/index.php\/wp-json\/wp\/v2\/categories?post=2492"},{"taxonomy":"post_tag","embeddable":true,"href":"https:\/\/www.puertocdelu.com.ar\/index.php\/wp-json\/wp\/v2\/tags?post=2492"}],"curies":[{"name":"wp","href":"https:\/\/api.w.org\/{rel}","templated":true}]}}