{"id":2500,"date":"2022-10-11T14:34:04","date_gmt":"2022-10-11T14:34:04","guid":{"rendered":"https:\/\/www.puertocdelu.com.ar\/?p=2500"},"modified":"2022-10-11T14:34:04","modified_gmt":"2022-10-11T14:34:04","slug":"argentina-autorizara-el-estudio-para-el-dragado-a-34-pies-del-rio-uruguay","status":"publish","type":"post","link":"https:\/\/www.puertocdelu.com.ar\/index.php\/2022\/10\/11\/argentina-autorizara-el-estudio-para-el-dragado-a-34-pies-del-rio-uruguay\/","title":{"rendered":"Argentina autorizar\u00e1 el estudio para el dragado a 34 pies del r\u00edo Uruguay"},"content":{"rendered":"<p>Marcelo Gay Balm\u00e1z, Presidente del Ente Aut\u00e1rquico Puerto Concepci\u00f3n del Uruguay, confirm\u00f3 que, tanto la delegaci\u00f3n argentina, como la uruguaya en la Comisi\u00f3n Administradora del R\u00edo Uruguay (CARU) se\u00f1alaron que Argentina ha dado el visto bueno para realizar el estudio de factibilidad para un dragado a 34 pies en el r\u00edo Uruguay.<\/p>\n<p>\u201cPara nosotros ha sido una noticia de enorme importancia porque es lo que est\u00e1bamos esperando. Desde la delegaci\u00f3n argentina nos han confirmado que Argentina ha dado el visto bueno para realizar este estudio que ser\u00e1 el que finalmente dictamine las posibilidades t\u00e9cnicas, operativas, ambientales, y econ\u00f3micas para llevar adelante este trabajo\u201d, se\u00f1al\u00f3 Gay Balm\u00e1z.<\/p>\n<p>De igual manera sostuvo que desde la delegaci\u00f3n uruguaya tambi\u00e9n se confirm\u00f3 esta noticia. \u201cS\u00f3lo restaba la decisi\u00f3n de Argentina, pues Uruguay ya hab\u00eda confirmado su respaldo a la realizaci\u00f3n de los estudios necesarios para el dragado, as\u00ed que, si ambos pa\u00edses est\u00e1n de acuerdo, solo resta esperar los tr\u00e1mites necesarios para hacer el estudio, esto es que ambos pa\u00edses encomienden el trabajo a la CARU, le asignen los fondos, y se licite el trabajo\u201d, se\u00f1al\u00f3 el presidente del EAPCU.<\/p>\n<p>Gay Balm\u00e1z record\u00f3 que \u201chemos estado trabajando en este proyecto con el respaldo del Gobierno Provincial, con el gobernador Gustavo Bordet apoyando esta idea, y con Carlos Schepens, desde el Instituto Portuario, fortaleciendo una iniciativa que hemos expuesto en distintos \u00e1mbitos y argumentando todos los beneficios que un dragado a 34 pies puede aportar para el desarrollo, no solo del puerto de Concepci\u00f3n del Uruguay, sino para todos los puertos sobre el r\u00edo Uruguay, y para el crecimiento econ\u00f3mico de toda la regi\u00f3n\u201d.<\/p>\n<p>Gay Balm\u00e1z record\u00f3 que \u201choy los buques no pueden cargar de forma completa en Concepci\u00f3n del Uruguay por cuestiones de calado, y deben sumar una escala m\u00e1s en otros puertos para completar sus bodegas, esto representa un costo adicional de casi 100 mil d\u00f3lares para todos los exportadores. Eso nos quita competitividad\u201d, destac\u00f3.<\/p>\n<p>\u201cCada buque genera hoy unos 700 puestos de trabajo, con un dragado a 34 pies estas cifras pueden llegar a multiplicarse por 10, y no solo eso, asegurar la continuidad del trabajo para la gente es un aspecto fundamental para todo un sector laboral que necesita de forma urgente tener una fuente de trabajo previsible y con excelentes jornales\u201d, enfatiz\u00f3.<\/p>\n<p>\u201cCon las rutas, los trenes en marcha, y con 34 pies de calado, estas cifras se transforman en verdaderos motores para la generaci\u00f3n de empleo, el desarrollo agrario e industrial, y la entrada de divisas genuinas por exportaci\u00f3n\u201d, finaliz\u00f3.<\/p>\n<p>&nbsp;<\/p>\n","protected":false},"excerpt":{"rendered":"<p>Marcelo Gay Balm\u00e1z, Presidente del Ente Aut\u00e1rquico Puerto Concepci\u00f3n del Uruguay, confirm\u00f3 que, tanto la delegaci\u00f3n argentina, como la uruguaya en la Comisi\u00f3n Administradora del R\u00edo Uruguay (CARU) se\u00f1alaron que Argentina ha dado el visto bueno para realizar el estudio de factibilidad para un dragado a 34 pies en el r\u00edo Uruguay. \u201cPara nosotros ha [&hellip;]<\/p>\n","protected":false},"author":1,"featured_media":2501,"comment_status":"open","ping_status":"open","sticky":false,"template":"","format":"standard","meta":{"footnotes":""},"categories":[81],"tags":[],"class_list":{"0":"post-2500","1":"post","2":"type-post","3":"status-publish","4":"format-standard","5":"has-post-thumbnail","7":"category-noticias"},"yoast_head":"<!-- This site is optimized with the Yoast SEO plugin v27.4 - https:\/\/yoast.com\/product\/yoast-seo-wordpress\/ -->\n<title>Argentina autorizar\u00e1 el estudio para el dragado a 34 pies del r\u00edo Uruguay - Puerto de Concepci\u00f3n del Uruguay<\/title>\n<meta name=\"robots\" content=\"index, follow, max-snippet:-1, max-image-preview:large, max-video-preview:-1\" \/>\n<link rel=\"canonical\" href=\"https:\/\/www.puertocdelu.com.ar\/index.php\/2022\/10\/11\/argentina-autorizara-el-estudio-para-el-dragado-a-34-pies-del-rio-uruguay\/\" \/>\n<meta property=\"og:locale\" content=\"es_ES\" \/>\n<meta property=\"og:type\" content=\"article\" \/>\n<meta property=\"og:title\" content=\"Argentina autorizar\u00e1 el estudio para el dragado a 34 pies del r\u00edo Uruguay - Puerto de Concepci\u00f3n del Uruguay\" \/>\n<meta property=\"og:description\" content=\"Marcelo Gay Balm\u00e1z, Presidente del Ente Aut\u00e1rquico Puerto Concepci\u00f3n del Uruguay, confirm\u00f3 que, tanto la delegaci\u00f3n argentina, como la uruguaya en la Comisi\u00f3n Administradora del R\u00edo Uruguay (CARU) se\u00f1alaron que Argentina ha dado el visto bueno para realizar el estudio de factibilidad para un dragado a 34 pies en el r\u00edo Uruguay. \u201cPara nosotros ha [&hellip;]\" \/>\n<meta property=\"og:url\" content=\"https:\/\/www.puertocdelu.com.ar\/index.php\/2022\/10\/11\/argentina-autorizara-el-estudio-para-el-dragado-a-34-pies-del-rio-uruguay\/\" \/>\n<meta property=\"og:site_name\" content=\"Puerto de Concepci\u00f3n del Uruguay\" \/>\n<meta property=\"article:published_time\" content=\"2022-10-11T14:34:04+00:00\" \/>\n<meta property=\"og:image\" content=\"https:\/\/www.puertocdelu.com.ar\/wp-content\/uploads\/2022\/10\/dragado-34-pies.jpg\" \/>\n\t<meta property=\"og:image:width\" content=\"1200\" \/>\n\t<meta property=\"og:image:height\" content=\"675\" \/>\n\t<meta property=\"og:image:type\" content=\"image\/jpeg\" \/>\n<meta name=\"author\" content=\"PuertoCdelU\" \/>\n<meta name=\"twitter:card\" content=\"summary_large_image\" \/>\n<meta name=\"twitter:label1\" content=\"Escrito por\" \/>\n\t<meta name=\"twitter:data1\" content=\"PuertoCdelU\" \/>\n\t<meta name=\"twitter:label2\" content=\"Tiempo de lectura\" \/>\n\t<meta name=\"twitter:data2\" content=\"2 minutos\" \/>\n<script type=\"application\/ld+json\" class=\"yoast-schema-graph\">{\"@context\":\"https:\\\/\\\/schema.org\",\"@graph\":[{\"@type\":\"Article\",\"@id\":\"https:\\\/\\\/www.puertocdelu.com.ar\\\/index.php\\\/2022\\\/10\\\/11\\\/argentina-autorizara-el-estudio-para-el-dragado-a-34-pies-del-rio-uruguay\\\/#article\",\"isPartOf\":{\"@id\":\"https:\\\/\\\/www.puertocdelu.com.ar\\\/index.php\\\/2022\\\/10\\\/11\\\/argentina-autorizara-el-estudio-para-el-dragado-a-34-pies-del-rio-uruguay\\\/\"},\"author\":{\"name\":\"PuertoCdelU\",\"@id\":\"https:\\\/\\\/www.puertocdelu.com.ar\\\/#\\\/schema\\\/person\\\/9d258b923b29bd5f47ca80d9c8cd72d1\"},\"headline\":\"Argentina autorizar\u00e1 el estudio para el dragado a 34 pies del r\u00edo Uruguay\",\"datePublished\":\"2022-10-11T14:34:04+00:00\",\"mainEntityOfPage\":{\"@id\":\"https:\\\/\\\/www.puertocdelu.com.ar\\\/index.php\\\/2022\\\/10\\\/11\\\/argentina-autorizara-el-estudio-para-el-dragado-a-34-pies-del-rio-uruguay\\\/\"},\"wordCount\":464,\"commentCount\":0,\"image\":{\"@id\":\"https:\\\/\\\/www.puertocdelu.com.ar\\\/index.php\\\/2022\\\/10\\\/11\\\/argentina-autorizara-el-estudio-para-el-dragado-a-34-pies-del-rio-uruguay\\\/#primaryimage\"},\"thumbnailUrl\":\"https:\\\/\\\/www.puertocdelu.com.ar\\\/wp-content\\\/uploads\\\/2022\\\/10\\\/dragado-34-pies.jpg\",\"articleSection\":[\"Noticias\"],\"inLanguage\":\"es\",\"potentialAction\":[{\"@type\":\"CommentAction\",\"name\":\"Comment\",\"target\":[\"https:\\\/\\\/www.puertocdelu.com.ar\\\/index.php\\\/2022\\\/10\\\/11\\\/argentina-autorizara-el-estudio-para-el-dragado-a-34-pies-del-rio-uruguay\\\/#respond\"]}]},{\"@type\":\"WebPage\",\"@id\":\"https:\\\/\\\/www.puertocdelu.com.ar\\\/index.php\\\/2022\\\/10\\\/11\\\/argentina-autorizara-el-estudio-para-el-dragado-a-34-pies-del-rio-uruguay\\\/\",\"url\":\"https:\\\/\\\/www.puertocdelu.com.ar\\\/index.php\\\/2022\\\/10\\\/11\\\/argentina-autorizara-el-estudio-para-el-dragado-a-34-pies-del-rio-uruguay\\\/\",\"name\":\"Argentina autorizar\u00e1 el estudio para el dragado a 34 pies del r\u00edo Uruguay - Puerto de Concepci\u00f3n del Uruguay\",\"isPartOf\":{\"@id\":\"https:\\\/\\\/www.puertocdelu.com.ar\\\/#website\"},\"primaryImageOfPage\":{\"@id\":\"https:\\\/\\\/www.puertocdelu.com.ar\\\/index.php\\\/2022\\\/10\\\/11\\\/argentina-autorizara-el-estudio-para-el-dragado-a-34-pies-del-rio-uruguay\\\/#primaryimage\"},\"image\":{\"@id\":\"https:\\\/\\\/www.puertocdelu.com.ar\\\/index.php\\\/2022\\\/10\\\/11\\\/argentina-autorizara-el-estudio-para-el-dragado-a-34-pies-del-rio-uruguay\\\/#primaryimage\"},\"thumbnailUrl\":\"https:\\\/\\\/www.puertocdelu.com.ar\\\/wp-content\\\/uploads\\\/2022\\\/10\\\/dragado-34-pies.jpg\",\"datePublished\":\"2022-10-11T14:34:04+00:00\",\"author\":{\"@id\":\"https:\\\/\\\/www.puertocdelu.com.ar\\\/#\\\/schema\\\/person\\\/9d258b923b29bd5f47ca80d9c8cd72d1\"},\"breadcrumb\":{\"@id\":\"https:\\\/\\\/www.puertocdelu.com.ar\\\/index.php\\\/2022\\\/10\\\/11\\\/argentina-autorizara-el-estudio-para-el-dragado-a-34-pies-del-rio-uruguay\\\/#breadcrumb\"},\"inLanguage\":\"es\",\"potentialAction\":[{\"@type\":\"ReadAction\",\"target\":[\"https:\\\/\\\/www.puertocdelu.com.ar\\\/index.php\\\/2022\\\/10\\\/11\\\/argentina-autorizara-el-estudio-para-el-dragado-a-34-pies-del-rio-uruguay\\\/\"]}]},{\"@type\":\"ImageObject\",\"inLanguage\":\"es\",\"@id\":\"https:\\\/\\\/www.puertocdelu.com.ar\\\/index.php\\\/2022\\\/10\\\/11\\\/argentina-autorizara-el-estudio-para-el-dragado-a-34-pies-del-rio-uruguay\\\/#primaryimage\",\"url\":\"https:\\\/\\\/www.puertocdelu.com.ar\\\/wp-content\\\/uploads\\\/2022\\\/10\\\/dragado-34-pies.jpg\",\"contentUrl\":\"https:\\\/\\\/www.puertocdelu.com.ar\\\/wp-content\\\/uploads\\\/2022\\\/10\\\/dragado-34-pies.jpg\",\"width\":1200,\"height\":675},{\"@type\":\"BreadcrumbList\",\"@id\":\"https:\\\/\\\/www.puertocdelu.com.ar\\\/index.php\\\/2022\\\/10\\\/11\\\/argentina-autorizara-el-estudio-para-el-dragado-a-34-pies-del-rio-uruguay\\\/#breadcrumb\",\"itemListElement\":[{\"@type\":\"ListItem\",\"position\":1,\"name\":\"Portada\",\"item\":\"https:\\\/\\\/www.puertocdelu.com.ar\\\/\"},{\"@type\":\"ListItem\",\"position\":2,\"name\":\"Argentina autorizar\u00e1 el estudio para el dragado a 34 pies del r\u00edo Uruguay\"}]},{\"@type\":\"WebSite\",\"@id\":\"https:\\\/\\\/www.puertocdelu.com.ar\\\/#website\",\"url\":\"https:\\\/\\\/www.puertocdelu.com.ar\\\/\",\"name\":\"Puerto de Concepci\u00f3n del Uruguay\",\"description\":\"\",\"potentialAction\":[{\"@type\":\"SearchAction\",\"target\":{\"@type\":\"EntryPoint\",\"urlTemplate\":\"https:\\\/\\\/www.puertocdelu.com.ar\\\/?s={search_term_string}\"},\"query-input\":{\"@type\":\"PropertyValueSpecification\",\"valueRequired\":true,\"valueName\":\"search_term_string\"}}],\"inLanguage\":\"es\"},{\"@type\":\"Person\",\"@id\":\"https:\\\/\\\/www.puertocdelu.com.ar\\\/#\\\/schema\\\/person\\\/9d258b923b29bd5f47ca80d9c8cd72d1\",\"name\":\"PuertoCdelU\",\"image\":{\"@type\":\"ImageObject\",\"inLanguage\":\"es\",\"@id\":\"https:\\\/\\\/secure.gravatar.com\\\/avatar\\\/99e38dea1727d397df18aced5ac6840012bb7f24c8570dcfafabb73086aed88c?s=96&d=mm&r=g\",\"url\":\"https:\\\/\\\/secure.gravatar.com\\\/avatar\\\/99e38dea1727d397df18aced5ac6840012bb7f24c8570dcfafabb73086aed88c?s=96&d=mm&r=g\",\"contentUrl\":\"https:\\\/\\\/secure.gravatar.com\\\/avatar\\\/99e38dea1727d397df18aced5ac6840012bb7f24c8570dcfafabb73086aed88c?s=96&d=mm&r=g\",\"caption\":\"PuertoCdelU\"},\"url\":\"https:\\\/\\\/www.puertocdelu.com.ar\\\/index.php\\\/author\\\/hectordelos1\\\/\"}]}<\/script>\n<!-- \/ Yoast SEO plugin. -->","yoast_head_json":{"title":"Argentina autorizar\u00e1 el estudio para el dragado a 34 pies del r\u00edo Uruguay - Puerto de Concepci\u00f3n del Uruguay","robots":{"index":"index","follow":"follow","max-snippet":"max-snippet:-1","max-image-preview":"max-image-preview:large","max-video-preview":"max-video-preview:-1"},"canonical":"https:\/\/www.puertocdelu.com.ar\/index.php\/2022\/10\/11\/argentina-autorizara-el-estudio-para-el-dragado-a-34-pies-del-rio-uruguay\/","og_locale":"es_ES","og_type":"article","og_title":"Argentina autorizar\u00e1 el estudio para el dragado a 34 pies del r\u00edo Uruguay - Puerto de Concepci\u00f3n del Uruguay","og_description":"Marcelo Gay Balm\u00e1z, Presidente del Ente Aut\u00e1rquico Puerto Concepci\u00f3n del Uruguay, confirm\u00f3 que, tanto la delegaci\u00f3n argentina, como la uruguaya en la Comisi\u00f3n Administradora del R\u00edo Uruguay (CARU) se\u00f1alaron que Argentina ha dado el visto bueno para realizar el estudio de factibilidad para un dragado a 34 pies en el r\u00edo Uruguay. \u201cPara nosotros ha [&hellip;]","og_url":"https:\/\/www.puertocdelu.com.ar\/index.php\/2022\/10\/11\/argentina-autorizara-el-estudio-para-el-dragado-a-34-pies-del-rio-uruguay\/","og_site_name":"Puerto de Concepci\u00f3n del Uruguay","article_published_time":"2022-10-11T14:34:04+00:00","og_image":[{"width":1200,"height":675,"url":"https:\/\/www.puertocdelu.com.ar\/wp-content\/uploads\/2022\/10\/dragado-34-pies.jpg","type":"image\/jpeg"}],"author":"PuertoCdelU","twitter_card":"summary_large_image","twitter_misc":{"Escrito por":"PuertoCdelU","Tiempo de lectura":"2 minutos"},"schema":{"@context":"https:\/\/schema.org","@graph":[{"@type":"Article","@id":"https:\/\/www.puertocdelu.com.ar\/index.php\/2022\/10\/11\/argentina-autorizara-el-estudio-para-el-dragado-a-34-pies-del-rio-uruguay\/#article","isPartOf":{"@id":"https:\/\/www.puertocdelu.com.ar\/index.php\/2022\/10\/11\/argentina-autorizara-el-estudio-para-el-dragado-a-34-pies-del-rio-uruguay\/"},"author":{"name":"PuertoCdelU","@id":"https:\/\/www.puertocdelu.com.ar\/#\/schema\/person\/9d258b923b29bd5f47ca80d9c8cd72d1"},"headline":"Argentina autorizar\u00e1 el estudio para el dragado a 34 pies del r\u00edo Uruguay","datePublished":"2022-10-11T14:34:04+00:00","mainEntityOfPage":{"@id":"https:\/\/www.puertocdelu.com.ar\/index.php\/2022\/10\/11\/argentina-autorizara-el-estudio-para-el-dragado-a-34-pies-del-rio-uruguay\/"},"wordCount":464,"commentCount":0,"image":{"@id":"https:\/\/www.puertocdelu.com.ar\/index.php\/2022\/10\/11\/argentina-autorizara-el-estudio-para-el-dragado-a-34-pies-del-rio-uruguay\/#primaryimage"},"thumbnailUrl":"https:\/\/www.puertocdelu.com.ar\/wp-content\/uploads\/2022\/10\/dragado-34-pies.jpg","articleSection":["Noticias"],"inLanguage":"es","potentialAction":[{"@type":"CommentAction","name":"Comment","target":["https:\/\/www.puertocdelu.com.ar\/index.php\/2022\/10\/11\/argentina-autorizara-el-estudio-para-el-dragado-a-34-pies-del-rio-uruguay\/#respond"]}]},{"@type":"WebPage","@id":"https:\/\/www.puertocdelu.com.ar\/index.php\/2022\/10\/11\/argentina-autorizara-el-estudio-para-el-dragado-a-34-pies-del-rio-uruguay\/","url":"https:\/\/www.puertocdelu.com.ar\/index.php\/2022\/10\/11\/argentina-autorizara-el-estudio-para-el-dragado-a-34-pies-del-rio-uruguay\/","name":"Argentina autorizar\u00e1 el estudio para el dragado a 34 pies del r\u00edo Uruguay - Puerto de Concepci\u00f3n del Uruguay","isPartOf":{"@id":"https:\/\/www.puertocdelu.com.ar\/#website"},"primaryImageOfPage":{"@id":"https:\/\/www.puertocdelu.com.ar\/index.php\/2022\/10\/11\/argentina-autorizara-el-estudio-para-el-dragado-a-34-pies-del-rio-uruguay\/#primaryimage"},"image":{"@id":"https:\/\/www.puertocdelu.com.ar\/index.php\/2022\/10\/11\/argentina-autorizara-el-estudio-para-el-dragado-a-34-pies-del-rio-uruguay\/#primaryimage"},"thumbnailUrl":"https:\/\/www.puertocdelu.com.ar\/wp-content\/uploads\/2022\/10\/dragado-34-pies.jpg","datePublished":"2022-10-11T14:34:04+00:00","author":{"@id":"https:\/\/www.puertocdelu.com.ar\/#\/schema\/person\/9d258b923b29bd5f47ca80d9c8cd72d1"},"breadcrumb":{"@id":"https:\/\/www.puertocdelu.com.ar\/index.php\/2022\/10\/11\/argentina-autorizara-el-estudio-para-el-dragado-a-34-pies-del-rio-uruguay\/#breadcrumb"},"inLanguage":"es","potentialAction":[{"@type":"ReadAction","target":["https:\/\/www.puertocdelu.com.ar\/index.php\/2022\/10\/11\/argentina-autorizara-el-estudio-para-el-dragado-a-34-pies-del-rio-uruguay\/"]}]},{"@type":"ImageObject","inLanguage":"es","@id":"https:\/\/www.puertocdelu.com.ar\/index.php\/2022\/10\/11\/argentina-autorizara-el-estudio-para-el-dragado-a-34-pies-del-rio-uruguay\/#primaryimage","url":"https:\/\/www.puertocdelu.com.ar\/wp-content\/uploads\/2022\/10\/dragado-34-pies.jpg","contentUrl":"https:\/\/www.puertocdelu.com.ar\/wp-content\/uploads\/2022\/10\/dragado-34-pies.jpg","width":1200,"height":675},{"@type":"BreadcrumbList","@id":"https:\/\/www.puertocdelu.com.ar\/index.php\/2022\/10\/11\/argentina-autorizara-el-estudio-para-el-dragado-a-34-pies-del-rio-uruguay\/#breadcrumb","itemListElement":[{"@type":"ListItem","position":1,"name":"Portada","item":"https:\/\/www.puertocdelu.com.ar\/"},{"@type":"ListItem","position":2,"name":"Argentina autorizar\u00e1 el estudio para el dragado a 34 pies del r\u00edo Uruguay"}]},{"@type":"WebSite","@id":"https:\/\/www.puertocdelu.com.ar\/#website","url":"https:\/\/www.puertocdelu.com.ar\/","name":"Puerto de Concepci\u00f3n del Uruguay","description":"","potentialAction":[{"@type":"SearchAction","target":{"@type":"EntryPoint","urlTemplate":"https:\/\/www.puertocdelu.com.ar\/?s={search_term_string}"},"query-input":{"@type":"PropertyValueSpecification","valueRequired":true,"valueName":"search_term_string"}}],"inLanguage":"es"},{"@type":"Person","@id":"https:\/\/www.puertocdelu.com.ar\/#\/schema\/person\/9d258b923b29bd5f47ca80d9c8cd72d1","name":"PuertoCdelU","image":{"@type":"ImageObject","inLanguage":"es","@id":"https:\/\/secure.gravatar.com\/avatar\/99e38dea1727d397df18aced5ac6840012bb7f24c8570dcfafabb73086aed88c?s=96&d=mm&r=g","url":"https:\/\/secure.gravatar.com\/avatar\/99e38dea1727d397df18aced5ac6840012bb7f24c8570dcfafabb73086aed88c?s=96&d=mm&r=g","contentUrl":"https:\/\/secure.gravatar.com\/avatar\/99e38dea1727d397df18aced5ac6840012bb7f24c8570dcfafabb73086aed88c?s=96&d=mm&r=g","caption":"PuertoCdelU"},"url":"https:\/\/www.puertocdelu.com.ar\/index.php\/author\/hectordelos1\/"}]}},"_links":{"self":[{"href":"https:\/\/www.puertocdelu.com.ar\/index.php\/wp-json\/wp\/v2\/posts\/2500","targetHints":{"allow":["GET"]}}],"collection":[{"href":"https:\/\/www.puertocdelu.com.ar\/index.php\/wp-json\/wp\/v2\/posts"}],"about":[{"href":"https:\/\/www.puertocdelu.com.ar\/index.php\/wp-json\/wp\/v2\/types\/post"}],"author":[{"embeddable":true,"href":"https:\/\/www.puertocdelu.com.ar\/index.php\/wp-json\/wp\/v2\/users\/1"}],"replies":[{"embeddable":true,"href":"https:\/\/www.puertocdelu.com.ar\/index.php\/wp-json\/wp\/v2\/comments?post=2500"}],"version-history":[{"count":1,"href":"https:\/\/www.puertocdelu.com.ar\/index.php\/wp-json\/wp\/v2\/posts\/2500\/revisions"}],"predecessor-version":[{"id":2502,"href":"https:\/\/www.puertocdelu.com.ar\/index.php\/wp-json\/wp\/v2\/posts\/2500\/revisions\/2502"}],"wp:featuredmedia":[{"embeddable":true,"href":"https:\/\/www.puertocdelu.com.ar\/index.php\/wp-json\/wp\/v2\/media\/2501"}],"wp:attachment":[{"href":"https:\/\/www.puertocdelu.com.ar\/index.php\/wp-json\/wp\/v2\/media?parent=2500"}],"wp:term":[{"taxonomy":"category","embeddable":true,"href":"https:\/\/www.puertocdelu.com.ar\/index.php\/wp-json\/wp\/v2\/categories?post=2500"},{"taxonomy":"post_tag","embeddable":true,"href":"https:\/\/www.puertocdelu.com.ar\/index.php\/wp-json\/wp\/v2\/tags?post=2500"}],"curies":[{"name":"wp","href":"https:\/\/api.w.org\/{rel}","templated":true}]}}