{"id":2523,"date":"2022-12-19T12:05:48","date_gmt":"2022-12-19T12:05:48","guid":{"rendered":"https:\/\/www.puertocdelu.com.ar\/?p=2523"},"modified":"2022-12-19T12:05:48","modified_gmt":"2022-12-19T12:05:48","slug":"bordet-encabezo-la-firma-del-dragado-del-rio-uruguay-y-destaco-el-impulso-a-la-produccion-y-las-exportaciones","status":"publish","type":"post","link":"https:\/\/www.puertocdelu.com.ar\/index.php\/2022\/12\/19\/bordet-encabezo-la-firma-del-dragado-del-rio-uruguay-y-destaco-el-impulso-a-la-produccion-y-las-exportaciones\/","title":{"rendered":"Bordet encabez\u00f3 la firma del dragado del r\u00edo Uruguay y destac\u00f3 el impulso a la producci\u00f3n y las exportaciones"},"content":{"rendered":"<p>El gobernador Gustavo Bordet particip\u00f3 en Paysand\u00fa de la firma del contrato para realizar el dragado del r\u00edo Uruguay a 23 pies. Tambi\u00e9n ratific\u00f3 su compromiso para llevar el dragado a 34 pies. Destac\u00f3 la importancia para mejorar la competitividad de la oferta exportable de la provincia.<\/p>\n<p>\u201cEsto brinda previsibilidad a nuestra oferta exportable para poder seguir incrementado la pol\u00edtica portuaria\u201d, resalt\u00f3 Bordet en referencia al contrato para realizar el dragado y sostenerlo a 23 pies por los pr\u00f3ximos tres a\u00f1os. La firma se concret\u00f3 este viernes en la sede de la Comisi\u00f3n Administradora del R\u00edo Uruguay (CARU), en Paysand\u00fa, Uruguay.<\/p>\n<p>Asimismo, mencion\u00f3 la necesidad de seguir peticionando para llegar a los 34 pies \u201cque nos permita salir directo a ultramar desde nuestros puertos y los uruguayos\u201d, como as\u00ed tambi\u00e9n realizar un dragado para barcazas que conecta aguas arriba en la zona de Salto y Concordia.<\/p>\n<p>\u201cEstar hoy aqu\u00ed en Paysand\u00fa para esta firma es ratificar un compromiso de trabajo en la regi\u00f3n que venimos llevando adelante y que va dando sus frutos\u201d, asegur\u00f3 el mandatario entrerriano que comparti\u00f3 el acto con el presidente y el vicepresidente de la CARU, Mario Ayala Barrios y Jos\u00e9 Eduardo Lauritto, respectivamente, y otras autoridades de ese organismo, intendentes de ciudades entrerrianas y uruguayas de esa regi\u00f3n, legisladores, concejales y representantes de la empresa adjudicataria, entre otros.<\/p>\n<p>\u00abEsta es una tarea que nos hemos propuesto hace mucho tiempo y es lo que nos motiv\u00f3 a estar hoy aqu\u00ed celebrando este contrato de inicio de obra, pero tambi\u00e9n a seguir comprometi\u00e9ndonos para ir un poco m\u00e1s all\u00e1 e ir logrando esta integraci\u00f3n entre dos pueblos hermanos que tiene que perdurar por muchas generaciones\u00bb, asegur\u00f3 Bordet.<\/p>\n<p>El acto de la firma de contrato entre la CARU y la empresa belga Jan De Nul se concret\u00f3 en la sede del organismo binacional ubicado en Paysand\u00fa, donde tambi\u00e9n estuvieron el presidente del Instituto Portuario de Entre R\u00edos, Carlos Schepens, y el presidente de la CTM Delegaci\u00f3n Argentina, Luis Benedetto.<\/p>\n<p>El contrato que se firm\u00f3 en la fecha prev\u00e9 el dragado y mantenimiento del r\u00edo Uruguay desde el kil\u00f3metro cero a el 187,1, a 23 pies de navegaci\u00f3n y 25 pies de profundidad, incluyendo el canal de acceso al puerto de Concepci\u00f3n del Uruguay, y entre el kil\u00f3metro 187,1 y el 207,8, a la altura del puerto de Paysand\u00fa, a 17 pies de navegaci\u00f3n y 19 pies de navegaci\u00f3n. El plazo de los trabajos es de tres a\u00f1os.<\/p>\n<p><strong>Nuevos desaf\u00edos<\/strong><\/p>\n<p>El gobernador destac\u00f3 la importancia de poder seguir sosteniendo este dragado que \u00abfue gestado hace 12 a\u00f1os en que comenzamos con el Comit\u00e9 para la Hidrov\u00eda\u201d, hoy Comit\u00e9 de Cuenca. \u201cParec\u00eda muy lejano lograr el cometido y sin embargo pudimos hacerlo\u00bb, dijo Bordet y agreg\u00f3: \u00abPero tambi\u00e9n el desaf\u00edo y la vocaci\u00f3n que tenemos todos quienes estamos integrando este Comit\u00e9 de Cuenca, quienes participamos de la vida activa, pol\u00edtica, social y econ\u00f3mica de la cuenca del r\u00edo Uruguay, es poder llevar el dragado a 34 pies, que es clave\u00bb<\/p>\n<p>Destac\u00f3 el beneficio comercial que posee esta navegaci\u00f3n y asegur\u00f3 que la posibilidad de salir con carga completa a cualquier puerto del mundo es sumamente necesario. \u00abEstamos haciendo y seguiremos haciendo todas las gestiones necesarias para llevar adelante esta obra que es darle una perspectiva y una trazabilidad a toda la pol\u00edtica que tienen en materia de exportaciones ambos pa\u00edses\u00bb.<\/p>\n<p>El mandatario agradeci\u00f3 adem\u00e1s a las canciller\u00edas de Uruguay y Argentina \u00abque han escuchado este reclamo y han llevado adelante este proceso de licitaci\u00f3n internacional\u00bb, como as\u00ed tambi\u00e9n la labor de la CARU.<\/p>\n<p>Mencion\u00f3 otros desaf\u00edos que se tienen a futuro en este \u00e1mbito, como el puente entre Bella Uni\u00f3n y Monte Caseros \u00abque es algo que impulsa el desarrollo de toda la regi\u00f3n y nos conecta\u00bb, dijo.<\/p>\n<p>\u00abLos puentes no est\u00e1n para cortarse, los puentes est\u00e1n para unirnos y profundizar la integraci\u00f3n que siempre nos caracteriz\u00f3 a la provincia de Entre R\u00edos y la Rep\u00fablica Oriental del Uruguay, hist\u00f3ricamente desde la \u00e9poca del General Artigas\u201d, expres\u00f3.<\/p>\n<p><strong>Pol\u00edtica p\u00fablica<\/strong><\/p>\n<p>A su turno, el vicepresidente de la CARU, Jos\u00e9 Eduardo Lauritto, agradeci\u00f3 las presencias y el acompa\u00f1amiento en esta tarea y record\u00f3 hechos hist\u00f3ricos que refieren a la CARU.<\/p>\n<p>\u00abEste trabajo que lleva a\u00f1os ha continuado sin distinguir quienes han estado aqu\u00ed, y al cabo de los a\u00f1os hay una pol\u00edtica p\u00fablica que se ha sostenido\u00bb, dijo tras agradecer tambi\u00e9n al personal involucrado en la tramitaci\u00f3n del llamado a licitaci\u00f3n internacional en la que participan cuatro empresas de cinco nacionalidades.<\/p>\n<p>\u00abNo solo firmamos el contrato que permite continuar el dragado, sino que comenz\u00f3 a trabajar el grupo que elaborar\u00e1 el estudio hidrosedimentol\u00f3gico y ambiental, y a actualizar los socioecon\u00f3mico y t\u00e9cnico que tiene que ver con el dragado a 10 pies de profundidad hasta la ciudad de Concordia y Salto. Eso est\u00e1 con la posibilidad de ser incluidos en el presupuesto\u00bb, inform\u00f3.<\/p>\n<p>Mencion\u00f3 tambi\u00e9n que el mi\u00e9rcoles se sabr\u00e1 si se aprueba lo que tienen que ver con la se\u00f1alizaci\u00f3n de ese sector, e indic\u00f3 que tambi\u00e9n se elaborar\u00e1 un estudio previo para una eventual profundizaci\u00f3n a 34 pies hasta el puerto de Concepci\u00f3n del Uruguay.<\/p>\n<p>Finalmente mencion\u00f3 el apoyo del gobernador Bordet para avanzar con el puente entre Monte Caseros y Bella Uni\u00f3n, gracias a lo cual los presidentes de Uruguay y de Argentina definieron su prioridad.<\/p>\n<p>Potenciar la regi\u00f3n<\/p>\n<p>En tanto, el presidente de la CARU, Mario Ayala Barrios, dio la bienvenida a las autoridades y expres\u00f3: \u00abHace 20 a\u00f1os nuestros pa\u00edses manifestaron la decisi\u00f3n de fortalecer el modo de transporte por el r\u00edo Uruguay, mejorar su navegabilidad y permitir un aprovechamiento \u00f3ptimo del mismo con menores costos y mayores beneficios para el comercio exterior de ambos pa\u00edses\u00bb. Tambi\u00e9n hizo referencia a tareas ejecutadas a lo largo de estos a\u00f1os con ese fin.<\/p>\n<p>Entre los logros obtenidos, mencion\u00f3 el fin de la obra del sistema de peaje autom\u00e1tico; la licitaci\u00f3n p\u00fablica internacional para la inspecci\u00f3n principal de los puentes General Artigas y Libertador General San Mart\u00edn, la firma de un pr\u00e9stamo no reembolsable con la Corporaci\u00f3n Andina de Fomento (CAF) por hasta 950.000 d\u00f3lares para la actualizaci\u00f3n de estudios del proyecto del puente Bella Uni\u00f3n-Monte Caseros, y el comienzo de los estudios de la profundizaci\u00f3n hasta 34 pies del canal de navegaci\u00f3n del kil\u00f3metro 0 al puerto de Fray Bentos y de Concepci\u00f3n del Uruguay.<\/p>\n<p>\u00abSon 20 a\u00f1os de este proceso que consolida una pol\u00edtica de Estado y que le dan certeza a la navegabilidad del r\u00edo Uruguay, condici\u00f3n imprescindible para que los operadores privados puedan desarrollar esta v\u00eda navegable, la puedan utilizar, y que en definitiva se cumpla el objetivo de los gobiernos que es potenciar, a trav\u00e9s de la navegabilidad, las econom\u00edas regionales de esta zona\u00bb.<\/p>\n","protected":false},"excerpt":{"rendered":"<p>El gobernador Gustavo Bordet particip\u00f3 en Paysand\u00fa de la firma del contrato para realizar el dragado del r\u00edo Uruguay a 23 pies. Tambi\u00e9n ratific\u00f3 su compromiso para llevar el dragado a 34 pies. Destac\u00f3 la importancia para mejorar la competitividad de la oferta exportable de la provincia. \u201cEsto brinda previsibilidad a nuestra oferta exportable para [&hellip;]<\/p>\n","protected":false},"author":1,"featured_media":2524,"comment_status":"open","ping_status":"open","sticky":false,"template":"","format":"standard","meta":{"footnotes":""},"categories":[81],"tags":[],"class_list":{"0":"post-2523","1":"post","2":"type-post","3":"status-publish","4":"format-standard","5":"has-post-thumbnail","7":"category-noticias"},"yoast_head":"<!-- This site is optimized with the Yoast SEO plugin v27.4 - https:\/\/yoast.com\/product\/yoast-seo-wordpress\/ -->\n<title>Bordet encabez\u00f3 la firma del dragado del r\u00edo Uruguay y destac\u00f3 el impulso a la producci\u00f3n y las exportaciones - Puerto de Concepci\u00f3n del Uruguay<\/title>\n<meta name=\"robots\" content=\"index, follow, max-snippet:-1, max-image-preview:large, max-video-preview:-1\" \/>\n<link rel=\"canonical\" href=\"https:\/\/www.puertocdelu.com.ar\/index.php\/2022\/12\/19\/bordet-encabezo-la-firma-del-dragado-del-rio-uruguay-y-destaco-el-impulso-a-la-produccion-y-las-exportaciones\/\" \/>\n<meta property=\"og:locale\" content=\"es_ES\" \/>\n<meta property=\"og:type\" content=\"article\" \/>\n<meta property=\"og:title\" content=\"Bordet encabez\u00f3 la firma del dragado del r\u00edo Uruguay y destac\u00f3 el impulso a la producci\u00f3n y las exportaciones - Puerto de Concepci\u00f3n del Uruguay\" \/>\n<meta property=\"og:description\" content=\"El gobernador Gustavo Bordet particip\u00f3 en Paysand\u00fa de la firma del contrato para realizar el dragado del r\u00edo Uruguay a 23 pies. Tambi\u00e9n ratific\u00f3 su compromiso para llevar el dragado a 34 pies. Destac\u00f3 la importancia para mejorar la competitividad de la oferta exportable de la provincia. \u201cEsto brinda previsibilidad a nuestra oferta exportable para [&hellip;]\" \/>\n<meta property=\"og:url\" content=\"https:\/\/www.puertocdelu.com.ar\/index.php\/2022\/12\/19\/bordet-encabezo-la-firma-del-dragado-del-rio-uruguay-y-destaco-el-impulso-a-la-produccion-y-las-exportaciones\/\" \/>\n<meta property=\"og:site_name\" content=\"Puerto de Concepci\u00f3n del Uruguay\" \/>\n<meta property=\"article:published_time\" content=\"2022-12-19T12:05:48+00:00\" \/>\n<meta property=\"og:image\" content=\"https:\/\/www.puertocdelu.com.ar\/wp-content\/uploads\/2022\/12\/caru.jpg\" \/>\n\t<meta property=\"og:image:width\" content=\"1920\" \/>\n\t<meta property=\"og:image:height\" content=\"1280\" \/>\n\t<meta property=\"og:image:type\" content=\"image\/jpeg\" \/>\n<meta name=\"author\" content=\"PuertoCdelU\" \/>\n<meta name=\"twitter:card\" content=\"summary_large_image\" \/>\n<meta name=\"twitter:label1\" content=\"Escrito por\" \/>\n\t<meta name=\"twitter:data1\" content=\"PuertoCdelU\" \/>\n\t<meta name=\"twitter:label2\" content=\"Tiempo de lectura\" \/>\n\t<meta name=\"twitter:data2\" content=\"6 minutos\" \/>\n<script type=\"application\/ld+json\" class=\"yoast-schema-graph\">{\"@context\":\"https:\\\/\\\/schema.org\",\"@graph\":[{\"@type\":\"Article\",\"@id\":\"https:\\\/\\\/www.puertocdelu.com.ar\\\/index.php\\\/2022\\\/12\\\/19\\\/bordet-encabezo-la-firma-del-dragado-del-rio-uruguay-y-destaco-el-impulso-a-la-produccion-y-las-exportaciones\\\/#article\",\"isPartOf\":{\"@id\":\"https:\\\/\\\/www.puertocdelu.com.ar\\\/index.php\\\/2022\\\/12\\\/19\\\/bordet-encabezo-la-firma-del-dragado-del-rio-uruguay-y-destaco-el-impulso-a-la-produccion-y-las-exportaciones\\\/\"},\"author\":{\"name\":\"PuertoCdelU\",\"@id\":\"https:\\\/\\\/www.puertocdelu.com.ar\\\/#\\\/schema\\\/person\\\/9d258b923b29bd5f47ca80d9c8cd72d1\"},\"headline\":\"Bordet encabez\u00f3 la firma del dragado del r\u00edo Uruguay y destac\u00f3 el impulso a la producci\u00f3n y las exportaciones\",\"datePublished\":\"2022-12-19T12:05:48+00:00\",\"mainEntityOfPage\":{\"@id\":\"https:\\\/\\\/www.puertocdelu.com.ar\\\/index.php\\\/2022\\\/12\\\/19\\\/bordet-encabezo-la-firma-del-dragado-del-rio-uruguay-y-destaco-el-impulso-a-la-produccion-y-las-exportaciones\\\/\"},\"wordCount\":1222,\"commentCount\":0,\"image\":{\"@id\":\"https:\\\/\\\/www.puertocdelu.com.ar\\\/index.php\\\/2022\\\/12\\\/19\\\/bordet-encabezo-la-firma-del-dragado-del-rio-uruguay-y-destaco-el-impulso-a-la-produccion-y-las-exportaciones\\\/#primaryimage\"},\"thumbnailUrl\":\"https:\\\/\\\/www.puertocdelu.com.ar\\\/wp-content\\\/uploads\\\/2022\\\/12\\\/caru.jpg\",\"articleSection\":[\"Noticias\"],\"inLanguage\":\"es\",\"potentialAction\":[{\"@type\":\"CommentAction\",\"name\":\"Comment\",\"target\":[\"https:\\\/\\\/www.puertocdelu.com.ar\\\/index.php\\\/2022\\\/12\\\/19\\\/bordet-encabezo-la-firma-del-dragado-del-rio-uruguay-y-destaco-el-impulso-a-la-produccion-y-las-exportaciones\\\/#respond\"]}]},{\"@type\":\"WebPage\",\"@id\":\"https:\\\/\\\/www.puertocdelu.com.ar\\\/index.php\\\/2022\\\/12\\\/19\\\/bordet-encabezo-la-firma-del-dragado-del-rio-uruguay-y-destaco-el-impulso-a-la-produccion-y-las-exportaciones\\\/\",\"url\":\"https:\\\/\\\/www.puertocdelu.com.ar\\\/index.php\\\/2022\\\/12\\\/19\\\/bordet-encabezo-la-firma-del-dragado-del-rio-uruguay-y-destaco-el-impulso-a-la-produccion-y-las-exportaciones\\\/\",\"name\":\"Bordet encabez\u00f3 la firma del dragado del r\u00edo Uruguay y destac\u00f3 el impulso a la producci\u00f3n y las exportaciones - Puerto de Concepci\u00f3n del Uruguay\",\"isPartOf\":{\"@id\":\"https:\\\/\\\/www.puertocdelu.com.ar\\\/#website\"},\"primaryImageOfPage\":{\"@id\":\"https:\\\/\\\/www.puertocdelu.com.ar\\\/index.php\\\/2022\\\/12\\\/19\\\/bordet-encabezo-la-firma-del-dragado-del-rio-uruguay-y-destaco-el-impulso-a-la-produccion-y-las-exportaciones\\\/#primaryimage\"},\"image\":{\"@id\":\"https:\\\/\\\/www.puertocdelu.com.ar\\\/index.php\\\/2022\\\/12\\\/19\\\/bordet-encabezo-la-firma-del-dragado-del-rio-uruguay-y-destaco-el-impulso-a-la-produccion-y-las-exportaciones\\\/#primaryimage\"},\"thumbnailUrl\":\"https:\\\/\\\/www.puertocdelu.com.ar\\\/wp-content\\\/uploads\\\/2022\\\/12\\\/caru.jpg\",\"datePublished\":\"2022-12-19T12:05:48+00:00\",\"author\":{\"@id\":\"https:\\\/\\\/www.puertocdelu.com.ar\\\/#\\\/schema\\\/person\\\/9d258b923b29bd5f47ca80d9c8cd72d1\"},\"breadcrumb\":{\"@id\":\"https:\\\/\\\/www.puertocdelu.com.ar\\\/index.php\\\/2022\\\/12\\\/19\\\/bordet-encabezo-la-firma-del-dragado-del-rio-uruguay-y-destaco-el-impulso-a-la-produccion-y-las-exportaciones\\\/#breadcrumb\"},\"inLanguage\":\"es\",\"potentialAction\":[{\"@type\":\"ReadAction\",\"target\":[\"https:\\\/\\\/www.puertocdelu.com.ar\\\/index.php\\\/2022\\\/12\\\/19\\\/bordet-encabezo-la-firma-del-dragado-del-rio-uruguay-y-destaco-el-impulso-a-la-produccion-y-las-exportaciones\\\/\"]}]},{\"@type\":\"ImageObject\",\"inLanguage\":\"es\",\"@id\":\"https:\\\/\\\/www.puertocdelu.com.ar\\\/index.php\\\/2022\\\/12\\\/19\\\/bordet-encabezo-la-firma-del-dragado-del-rio-uruguay-y-destaco-el-impulso-a-la-produccion-y-las-exportaciones\\\/#primaryimage\",\"url\":\"https:\\\/\\\/www.puertocdelu.com.ar\\\/wp-content\\\/uploads\\\/2022\\\/12\\\/caru.jpg\",\"contentUrl\":\"https:\\\/\\\/www.puertocdelu.com.ar\\\/wp-content\\\/uploads\\\/2022\\\/12\\\/caru.jpg\",\"width\":1920,\"height\":1280},{\"@type\":\"BreadcrumbList\",\"@id\":\"https:\\\/\\\/www.puertocdelu.com.ar\\\/index.php\\\/2022\\\/12\\\/19\\\/bordet-encabezo-la-firma-del-dragado-del-rio-uruguay-y-destaco-el-impulso-a-la-produccion-y-las-exportaciones\\\/#breadcrumb\",\"itemListElement\":[{\"@type\":\"ListItem\",\"position\":1,\"name\":\"Portada\",\"item\":\"https:\\\/\\\/www.puertocdelu.com.ar\\\/\"},{\"@type\":\"ListItem\",\"position\":2,\"name\":\"Bordet encabez\u00f3 la firma del dragado del r\u00edo Uruguay y destac\u00f3 el impulso a la producci\u00f3n y las exportaciones\"}]},{\"@type\":\"WebSite\",\"@id\":\"https:\\\/\\\/www.puertocdelu.com.ar\\\/#website\",\"url\":\"https:\\\/\\\/www.puertocdelu.com.ar\\\/\",\"name\":\"Puerto de Concepci\u00f3n del Uruguay\",\"description\":\"\",\"potentialAction\":[{\"@type\":\"SearchAction\",\"target\":{\"@type\":\"EntryPoint\",\"urlTemplate\":\"https:\\\/\\\/www.puertocdelu.com.ar\\\/?s={search_term_string}\"},\"query-input\":{\"@type\":\"PropertyValueSpecification\",\"valueRequired\":true,\"valueName\":\"search_term_string\"}}],\"inLanguage\":\"es\"},{\"@type\":\"Person\",\"@id\":\"https:\\\/\\\/www.puertocdelu.com.ar\\\/#\\\/schema\\\/person\\\/9d258b923b29bd5f47ca80d9c8cd72d1\",\"name\":\"PuertoCdelU\",\"image\":{\"@type\":\"ImageObject\",\"inLanguage\":\"es\",\"@id\":\"https:\\\/\\\/secure.gravatar.com\\\/avatar\\\/99e38dea1727d397df18aced5ac6840012bb7f24c8570dcfafabb73086aed88c?s=96&d=mm&r=g\",\"url\":\"https:\\\/\\\/secure.gravatar.com\\\/avatar\\\/99e38dea1727d397df18aced5ac6840012bb7f24c8570dcfafabb73086aed88c?s=96&d=mm&r=g\",\"contentUrl\":\"https:\\\/\\\/secure.gravatar.com\\\/avatar\\\/99e38dea1727d397df18aced5ac6840012bb7f24c8570dcfafabb73086aed88c?s=96&d=mm&r=g\",\"caption\":\"PuertoCdelU\"},\"url\":\"https:\\\/\\\/www.puertocdelu.com.ar\\\/index.php\\\/author\\\/hectordelos1\\\/\"}]}<\/script>\n<!-- \/ Yoast SEO plugin. -->","yoast_head_json":{"title":"Bordet encabez\u00f3 la firma del dragado del r\u00edo Uruguay y destac\u00f3 el impulso a la producci\u00f3n y las exportaciones - Puerto de Concepci\u00f3n del Uruguay","robots":{"index":"index","follow":"follow","max-snippet":"max-snippet:-1","max-image-preview":"max-image-preview:large","max-video-preview":"max-video-preview:-1"},"canonical":"https:\/\/www.puertocdelu.com.ar\/index.php\/2022\/12\/19\/bordet-encabezo-la-firma-del-dragado-del-rio-uruguay-y-destaco-el-impulso-a-la-produccion-y-las-exportaciones\/","og_locale":"es_ES","og_type":"article","og_title":"Bordet encabez\u00f3 la firma del dragado del r\u00edo Uruguay y destac\u00f3 el impulso a la producci\u00f3n y las exportaciones - Puerto de Concepci\u00f3n del Uruguay","og_description":"El gobernador Gustavo Bordet particip\u00f3 en Paysand\u00fa de la firma del contrato para realizar el dragado del r\u00edo Uruguay a 23 pies. Tambi\u00e9n ratific\u00f3 su compromiso para llevar el dragado a 34 pies. Destac\u00f3 la importancia para mejorar la competitividad de la oferta exportable de la provincia. \u201cEsto brinda previsibilidad a nuestra oferta exportable para [&hellip;]","og_url":"https:\/\/www.puertocdelu.com.ar\/index.php\/2022\/12\/19\/bordet-encabezo-la-firma-del-dragado-del-rio-uruguay-y-destaco-el-impulso-a-la-produccion-y-las-exportaciones\/","og_site_name":"Puerto de Concepci\u00f3n del Uruguay","article_published_time":"2022-12-19T12:05:48+00:00","og_image":[{"width":1920,"height":1280,"url":"https:\/\/www.puertocdelu.com.ar\/wp-content\/uploads\/2022\/12\/caru.jpg","type":"image\/jpeg"}],"author":"PuertoCdelU","twitter_card":"summary_large_image","twitter_misc":{"Escrito por":"PuertoCdelU","Tiempo de lectura":"6 minutos"},"schema":{"@context":"https:\/\/schema.org","@graph":[{"@type":"Article","@id":"https:\/\/www.puertocdelu.com.ar\/index.php\/2022\/12\/19\/bordet-encabezo-la-firma-del-dragado-del-rio-uruguay-y-destaco-el-impulso-a-la-produccion-y-las-exportaciones\/#article","isPartOf":{"@id":"https:\/\/www.puertocdelu.com.ar\/index.php\/2022\/12\/19\/bordet-encabezo-la-firma-del-dragado-del-rio-uruguay-y-destaco-el-impulso-a-la-produccion-y-las-exportaciones\/"},"author":{"name":"PuertoCdelU","@id":"https:\/\/www.puertocdelu.com.ar\/#\/schema\/person\/9d258b923b29bd5f47ca80d9c8cd72d1"},"headline":"Bordet encabez\u00f3 la firma del dragado del r\u00edo Uruguay y destac\u00f3 el impulso a la producci\u00f3n y las exportaciones","datePublished":"2022-12-19T12:05:48+00:00","mainEntityOfPage":{"@id":"https:\/\/www.puertocdelu.com.ar\/index.php\/2022\/12\/19\/bordet-encabezo-la-firma-del-dragado-del-rio-uruguay-y-destaco-el-impulso-a-la-produccion-y-las-exportaciones\/"},"wordCount":1222,"commentCount":0,"image":{"@id":"https:\/\/www.puertocdelu.com.ar\/index.php\/2022\/12\/19\/bordet-encabezo-la-firma-del-dragado-del-rio-uruguay-y-destaco-el-impulso-a-la-produccion-y-las-exportaciones\/#primaryimage"},"thumbnailUrl":"https:\/\/www.puertocdelu.com.ar\/wp-content\/uploads\/2022\/12\/caru.jpg","articleSection":["Noticias"],"inLanguage":"es","potentialAction":[{"@type":"CommentAction","name":"Comment","target":["https:\/\/www.puertocdelu.com.ar\/index.php\/2022\/12\/19\/bordet-encabezo-la-firma-del-dragado-del-rio-uruguay-y-destaco-el-impulso-a-la-produccion-y-las-exportaciones\/#respond"]}]},{"@type":"WebPage","@id":"https:\/\/www.puertocdelu.com.ar\/index.php\/2022\/12\/19\/bordet-encabezo-la-firma-del-dragado-del-rio-uruguay-y-destaco-el-impulso-a-la-produccion-y-las-exportaciones\/","url":"https:\/\/www.puertocdelu.com.ar\/index.php\/2022\/12\/19\/bordet-encabezo-la-firma-del-dragado-del-rio-uruguay-y-destaco-el-impulso-a-la-produccion-y-las-exportaciones\/","name":"Bordet encabez\u00f3 la firma del dragado del r\u00edo Uruguay y destac\u00f3 el impulso a la producci\u00f3n y las exportaciones - Puerto de Concepci\u00f3n del Uruguay","isPartOf":{"@id":"https:\/\/www.puertocdelu.com.ar\/#website"},"primaryImageOfPage":{"@id":"https:\/\/www.puertocdelu.com.ar\/index.php\/2022\/12\/19\/bordet-encabezo-la-firma-del-dragado-del-rio-uruguay-y-destaco-el-impulso-a-la-produccion-y-las-exportaciones\/#primaryimage"},"image":{"@id":"https:\/\/www.puertocdelu.com.ar\/index.php\/2022\/12\/19\/bordet-encabezo-la-firma-del-dragado-del-rio-uruguay-y-destaco-el-impulso-a-la-produccion-y-las-exportaciones\/#primaryimage"},"thumbnailUrl":"https:\/\/www.puertocdelu.com.ar\/wp-content\/uploads\/2022\/12\/caru.jpg","datePublished":"2022-12-19T12:05:48+00:00","author":{"@id":"https:\/\/www.puertocdelu.com.ar\/#\/schema\/person\/9d258b923b29bd5f47ca80d9c8cd72d1"},"breadcrumb":{"@id":"https:\/\/www.puertocdelu.com.ar\/index.php\/2022\/12\/19\/bordet-encabezo-la-firma-del-dragado-del-rio-uruguay-y-destaco-el-impulso-a-la-produccion-y-las-exportaciones\/#breadcrumb"},"inLanguage":"es","potentialAction":[{"@type":"ReadAction","target":["https:\/\/www.puertocdelu.com.ar\/index.php\/2022\/12\/19\/bordet-encabezo-la-firma-del-dragado-del-rio-uruguay-y-destaco-el-impulso-a-la-produccion-y-las-exportaciones\/"]}]},{"@type":"ImageObject","inLanguage":"es","@id":"https:\/\/www.puertocdelu.com.ar\/index.php\/2022\/12\/19\/bordet-encabezo-la-firma-del-dragado-del-rio-uruguay-y-destaco-el-impulso-a-la-produccion-y-las-exportaciones\/#primaryimage","url":"https:\/\/www.puertocdelu.com.ar\/wp-content\/uploads\/2022\/12\/caru.jpg","contentUrl":"https:\/\/www.puertocdelu.com.ar\/wp-content\/uploads\/2022\/12\/caru.jpg","width":1920,"height":1280},{"@type":"BreadcrumbList","@id":"https:\/\/www.puertocdelu.com.ar\/index.php\/2022\/12\/19\/bordet-encabezo-la-firma-del-dragado-del-rio-uruguay-y-destaco-el-impulso-a-la-produccion-y-las-exportaciones\/#breadcrumb","itemListElement":[{"@type":"ListItem","position":1,"name":"Portada","item":"https:\/\/www.puertocdelu.com.ar\/"},{"@type":"ListItem","position":2,"name":"Bordet encabez\u00f3 la firma del dragado del r\u00edo Uruguay y destac\u00f3 el impulso a la producci\u00f3n y las exportaciones"}]},{"@type":"WebSite","@id":"https:\/\/www.puertocdelu.com.ar\/#website","url":"https:\/\/www.puertocdelu.com.ar\/","name":"Puerto de Concepci\u00f3n del Uruguay","description":"","potentialAction":[{"@type":"SearchAction","target":{"@type":"EntryPoint","urlTemplate":"https:\/\/www.puertocdelu.com.ar\/?s={search_term_string}"},"query-input":{"@type":"PropertyValueSpecification","valueRequired":true,"valueName":"search_term_string"}}],"inLanguage":"es"},{"@type":"Person","@id":"https:\/\/www.puertocdelu.com.ar\/#\/schema\/person\/9d258b923b29bd5f47ca80d9c8cd72d1","name":"PuertoCdelU","image":{"@type":"ImageObject","inLanguage":"es","@id":"https:\/\/secure.gravatar.com\/avatar\/99e38dea1727d397df18aced5ac6840012bb7f24c8570dcfafabb73086aed88c?s=96&d=mm&r=g","url":"https:\/\/secure.gravatar.com\/avatar\/99e38dea1727d397df18aced5ac6840012bb7f24c8570dcfafabb73086aed88c?s=96&d=mm&r=g","contentUrl":"https:\/\/secure.gravatar.com\/avatar\/99e38dea1727d397df18aced5ac6840012bb7f24c8570dcfafabb73086aed88c?s=96&d=mm&r=g","caption":"PuertoCdelU"},"url":"https:\/\/www.puertocdelu.com.ar\/index.php\/author\/hectordelos1\/"}]}},"_links":{"self":[{"href":"https:\/\/www.puertocdelu.com.ar\/index.php\/wp-json\/wp\/v2\/posts\/2523","targetHints":{"allow":["GET"]}}],"collection":[{"href":"https:\/\/www.puertocdelu.com.ar\/index.php\/wp-json\/wp\/v2\/posts"}],"about":[{"href":"https:\/\/www.puertocdelu.com.ar\/index.php\/wp-json\/wp\/v2\/types\/post"}],"author":[{"embeddable":true,"href":"https:\/\/www.puertocdelu.com.ar\/index.php\/wp-json\/wp\/v2\/users\/1"}],"replies":[{"embeddable":true,"href":"https:\/\/www.puertocdelu.com.ar\/index.php\/wp-json\/wp\/v2\/comments?post=2523"}],"version-history":[{"count":1,"href":"https:\/\/www.puertocdelu.com.ar\/index.php\/wp-json\/wp\/v2\/posts\/2523\/revisions"}],"predecessor-version":[{"id":2525,"href":"https:\/\/www.puertocdelu.com.ar\/index.php\/wp-json\/wp\/v2\/posts\/2523\/revisions\/2525"}],"wp:featuredmedia":[{"embeddable":true,"href":"https:\/\/www.puertocdelu.com.ar\/index.php\/wp-json\/wp\/v2\/media\/2524"}],"wp:attachment":[{"href":"https:\/\/www.puertocdelu.com.ar\/index.php\/wp-json\/wp\/v2\/media?parent=2523"}],"wp:term":[{"taxonomy":"category","embeddable":true,"href":"https:\/\/www.puertocdelu.com.ar\/index.php\/wp-json\/wp\/v2\/categories?post=2523"},{"taxonomy":"post_tag","embeddable":true,"href":"https:\/\/www.puertocdelu.com.ar\/index.php\/wp-json\/wp\/v2\/tags?post=2523"}],"curies":[{"name":"wp","href":"https:\/\/api.w.org\/{rel}","templated":true}]}}