{"id":2534,"date":"2023-01-14T23:17:52","date_gmt":"2023-01-14T23:17:52","guid":{"rendered":"https:\/\/www.puertocdelu.com.ar\/?p=2534"},"modified":"2023-01-14T23:18:40","modified_gmt":"2023-01-14T23:18:40","slug":"puerto-concepcion-del-uruguay-recibio-tres-buques-en-15-dias","status":"publish","type":"post","link":"https:\/\/www.puertocdelu.com.ar\/index.php\/2023\/01\/14\/puerto-concepcion-del-uruguay-recibio-tres-buques-en-15-dias\/","title":{"rendered":"El Puerto Concepci\u00f3n del Uruguay recibi\u00f3 tres buques en 15 d\u00edas"},"content":{"rendered":"<p>Este s\u00e1bado por la tarde amarr\u00f3 un nuevo ultramarino en el puerto de Concepci\u00f3n del Uruguay. Se trata del tercer buque que llega a esta terminal en lo que va del mes de enero, mientras que se aguarda uno m\u00e1s para la semana entrante.<\/p>\n<p>El nuevo carguero que lleg\u00f3 este s\u00e1bado es el African Petrel, un buque con bandera de Bahamas y 180 metros de eslora que lleg\u00f3 proveniente de la India, y volver\u00e1 al mismo pa\u00eds como destino de la exportaci\u00f3n que se realizar\u00e1 en Concepci\u00f3n del Uruguay y se completar\u00e1 en el puerto de Montevideo.<\/p>\n<p>La empresa ACB es la compa\u00f1\u00eda encargada de la exportaci\u00f3n de 18.000 toneladas de troncos de pino a granel que se cargar\u00e1n en el puerto de La Hist\u00f3rica, mientras que PTP Group ser\u00e1 la responsable de la log\u00edstica de carga que se implementar\u00e1 para el embarque.<\/p>\n<p>&nbsp;<\/p>\n<p>La operaci\u00f3n demandar\u00e1 unos tres d\u00edas de trabajo durante las 24 horas, por lo que se solicita extrema precauci\u00f3n a quienes transiten por la Avenida Paysand\u00fa y toda la zona portuaria, ya que se registrar\u00e1 un intenso tr\u00e1nsito de veh\u00edculos pesados durante las pr\u00f3ximas jornadas.<\/p>\n<p>Cabe recordar que el pasado 8 de enero zarp\u00f3 con una carga similar el Mar\u00eda Theo I, mientras que cuatro d\u00edas antes, lo hab\u00eda hecho el African Piper, todos con cargas de troncos de pino para completar en el puerto de Ibicuy y con destino al mercado indio.<\/p>\n<p>Seg\u00fan la informaci\u00f3n aportada por las empresas exportadoras, la semana que viene estar\u00eda ingresando el cuarto buque de este primer mes del a\u00f1o.<\/p>\n","protected":false},"excerpt":{"rendered":"<p>Este s\u00e1bado por la tarde amarr\u00f3 un nuevo ultramarino en el puerto de Concepci\u00f3n del Uruguay. Se trata del tercer buque que llega a esta terminal en lo que va del mes de enero, mientras que se aguarda uno m\u00e1s para la semana entrante. El nuevo carguero que lleg\u00f3 este s\u00e1bado es el African Petrel, [&hellip;]<\/p>\n","protected":false},"author":1,"featured_media":2535,"comment_status":"open","ping_status":"open","sticky":false,"template":"","format":"standard","meta":{"footnotes":""},"categories":[81],"tags":[],"class_list":{"0":"post-2534","1":"post","2":"type-post","3":"status-publish","4":"format-standard","5":"has-post-thumbnail","7":"category-noticias"},"yoast_head":"<!-- This site is optimized with the Yoast SEO plugin v27.4 - https:\/\/yoast.com\/product\/yoast-seo-wordpress\/ -->\n<title>El Puerto Concepci\u00f3n del Uruguay recibi\u00f3 tres buques en 15 d\u00edas - Puerto de Concepci\u00f3n del Uruguay<\/title>\n<meta name=\"robots\" content=\"index, follow, max-snippet:-1, max-image-preview:large, max-video-preview:-1\" \/>\n<link rel=\"canonical\" href=\"https:\/\/www.puertocdelu.com.ar\/index.php\/2023\/01\/14\/puerto-concepcion-del-uruguay-recibio-tres-buques-en-15-dias\/\" \/>\n<meta property=\"og:locale\" content=\"es_ES\" \/>\n<meta property=\"og:type\" content=\"article\" \/>\n<meta property=\"og:title\" content=\"El Puerto Concepci\u00f3n del Uruguay recibi\u00f3 tres buques en 15 d\u00edas - Puerto de Concepci\u00f3n del Uruguay\" \/>\n<meta property=\"og:description\" content=\"Este s\u00e1bado por la tarde amarr\u00f3 un nuevo ultramarino en el puerto de Concepci\u00f3n del Uruguay. Se trata del tercer buque que llega a esta terminal en lo que va del mes de enero, mientras que se aguarda uno m\u00e1s para la semana entrante. El nuevo carguero que lleg\u00f3 este s\u00e1bado es el African Petrel, [&hellip;]\" \/>\n<meta property=\"og:url\" content=\"https:\/\/www.puertocdelu.com.ar\/index.php\/2023\/01\/14\/puerto-concepcion-del-uruguay-recibio-tres-buques-en-15-dias\/\" \/>\n<meta property=\"og:site_name\" content=\"Puerto de Concepci\u00f3n del Uruguay\" \/>\n<meta property=\"article:published_time\" content=\"2023-01-14T23:17:52+00:00\" \/>\n<meta property=\"article:modified_time\" content=\"2023-01-14T23:18:40+00:00\" \/>\n<meta property=\"og:image\" content=\"https:\/\/www.puertocdelu.com.ar\/wp-content\/uploads\/2023\/01\/petrel02.jpeg\" \/>\n\t<meta property=\"og:image:width\" content=\"1083\" \/>\n\t<meta property=\"og:image:height\" content=\"609\" \/>\n\t<meta property=\"og:image:type\" content=\"image\/jpeg\" \/>\n<meta name=\"author\" content=\"PuertoCdelU\" \/>\n<meta name=\"twitter:card\" content=\"summary_large_image\" \/>\n<meta name=\"twitter:label1\" content=\"Escrito por\" \/>\n\t<meta name=\"twitter:data1\" content=\"PuertoCdelU\" \/>\n\t<meta name=\"twitter:label2\" content=\"Tiempo de lectura\" \/>\n\t<meta name=\"twitter:data2\" content=\"1 minuto\" \/>\n<script type=\"application\/ld+json\" class=\"yoast-schema-graph\">{\"@context\":\"https:\\\/\\\/schema.org\",\"@graph\":[{\"@type\":\"Article\",\"@id\":\"https:\\\/\\\/www.puertocdelu.com.ar\\\/index.php\\\/2023\\\/01\\\/14\\\/puerto-concepcion-del-uruguay-recibio-tres-buques-en-15-dias\\\/#article\",\"isPartOf\":{\"@id\":\"https:\\\/\\\/www.puertocdelu.com.ar\\\/index.php\\\/2023\\\/01\\\/14\\\/puerto-concepcion-del-uruguay-recibio-tres-buques-en-15-dias\\\/\"},\"author\":{\"name\":\"PuertoCdelU\",\"@id\":\"https:\\\/\\\/www.puertocdelu.com.ar\\\/#\\\/schema\\\/person\\\/9d258b923b29bd5f47ca80d9c8cd72d1\"},\"headline\":\"El Puerto Concepci\u00f3n del Uruguay recibi\u00f3 tres buques en 15 d\u00edas\",\"datePublished\":\"2023-01-14T23:17:52+00:00\",\"dateModified\":\"2023-01-14T23:18:40+00:00\",\"mainEntityOfPage\":{\"@id\":\"https:\\\/\\\/www.puertocdelu.com.ar\\\/index.php\\\/2023\\\/01\\\/14\\\/puerto-concepcion-del-uruguay-recibio-tres-buques-en-15-dias\\\/\"},\"wordCount\":293,\"commentCount\":0,\"image\":{\"@id\":\"https:\\\/\\\/www.puertocdelu.com.ar\\\/index.php\\\/2023\\\/01\\\/14\\\/puerto-concepcion-del-uruguay-recibio-tres-buques-en-15-dias\\\/#primaryimage\"},\"thumbnailUrl\":\"https:\\\/\\\/www.puertocdelu.com.ar\\\/wp-content\\\/uploads\\\/2023\\\/01\\\/petrel02.jpeg\",\"articleSection\":[\"Noticias\"],\"inLanguage\":\"es\",\"potentialAction\":[{\"@type\":\"CommentAction\",\"name\":\"Comment\",\"target\":[\"https:\\\/\\\/www.puertocdelu.com.ar\\\/index.php\\\/2023\\\/01\\\/14\\\/puerto-concepcion-del-uruguay-recibio-tres-buques-en-15-dias\\\/#respond\"]}]},{\"@type\":\"WebPage\",\"@id\":\"https:\\\/\\\/www.puertocdelu.com.ar\\\/index.php\\\/2023\\\/01\\\/14\\\/puerto-concepcion-del-uruguay-recibio-tres-buques-en-15-dias\\\/\",\"url\":\"https:\\\/\\\/www.puertocdelu.com.ar\\\/index.php\\\/2023\\\/01\\\/14\\\/puerto-concepcion-del-uruguay-recibio-tres-buques-en-15-dias\\\/\",\"name\":\"El Puerto Concepci\u00f3n del Uruguay recibi\u00f3 tres buques en 15 d\u00edas - Puerto de Concepci\u00f3n del Uruguay\",\"isPartOf\":{\"@id\":\"https:\\\/\\\/www.puertocdelu.com.ar\\\/#website\"},\"primaryImageOfPage\":{\"@id\":\"https:\\\/\\\/www.puertocdelu.com.ar\\\/index.php\\\/2023\\\/01\\\/14\\\/puerto-concepcion-del-uruguay-recibio-tres-buques-en-15-dias\\\/#primaryimage\"},\"image\":{\"@id\":\"https:\\\/\\\/www.puertocdelu.com.ar\\\/index.php\\\/2023\\\/01\\\/14\\\/puerto-concepcion-del-uruguay-recibio-tres-buques-en-15-dias\\\/#primaryimage\"},\"thumbnailUrl\":\"https:\\\/\\\/www.puertocdelu.com.ar\\\/wp-content\\\/uploads\\\/2023\\\/01\\\/petrel02.jpeg\",\"datePublished\":\"2023-01-14T23:17:52+00:00\",\"dateModified\":\"2023-01-14T23:18:40+00:00\",\"author\":{\"@id\":\"https:\\\/\\\/www.puertocdelu.com.ar\\\/#\\\/schema\\\/person\\\/9d258b923b29bd5f47ca80d9c8cd72d1\"},\"breadcrumb\":{\"@id\":\"https:\\\/\\\/www.puertocdelu.com.ar\\\/index.php\\\/2023\\\/01\\\/14\\\/puerto-concepcion-del-uruguay-recibio-tres-buques-en-15-dias\\\/#breadcrumb\"},\"inLanguage\":\"es\",\"potentialAction\":[{\"@type\":\"ReadAction\",\"target\":[\"https:\\\/\\\/www.puertocdelu.com.ar\\\/index.php\\\/2023\\\/01\\\/14\\\/puerto-concepcion-del-uruguay-recibio-tres-buques-en-15-dias\\\/\"]}]},{\"@type\":\"ImageObject\",\"inLanguage\":\"es\",\"@id\":\"https:\\\/\\\/www.puertocdelu.com.ar\\\/index.php\\\/2023\\\/01\\\/14\\\/puerto-concepcion-del-uruguay-recibio-tres-buques-en-15-dias\\\/#primaryimage\",\"url\":\"https:\\\/\\\/www.puertocdelu.com.ar\\\/wp-content\\\/uploads\\\/2023\\\/01\\\/petrel02.jpeg\",\"contentUrl\":\"https:\\\/\\\/www.puertocdelu.com.ar\\\/wp-content\\\/uploads\\\/2023\\\/01\\\/petrel02.jpeg\",\"width\":1083,\"height\":609},{\"@type\":\"BreadcrumbList\",\"@id\":\"https:\\\/\\\/www.puertocdelu.com.ar\\\/index.php\\\/2023\\\/01\\\/14\\\/puerto-concepcion-del-uruguay-recibio-tres-buques-en-15-dias\\\/#breadcrumb\",\"itemListElement\":[{\"@type\":\"ListItem\",\"position\":1,\"name\":\"Portada\",\"item\":\"https:\\\/\\\/www.puertocdelu.com.ar\\\/\"},{\"@type\":\"ListItem\",\"position\":2,\"name\":\"El Puerto Concepci\u00f3n del Uruguay recibi\u00f3 tres buques en 15 d\u00edas\"}]},{\"@type\":\"WebSite\",\"@id\":\"https:\\\/\\\/www.puertocdelu.com.ar\\\/#website\",\"url\":\"https:\\\/\\\/www.puertocdelu.com.ar\\\/\",\"name\":\"Puerto de Concepci\u00f3n del Uruguay\",\"description\":\"\",\"potentialAction\":[{\"@type\":\"SearchAction\",\"target\":{\"@type\":\"EntryPoint\",\"urlTemplate\":\"https:\\\/\\\/www.puertocdelu.com.ar\\\/?s={search_term_string}\"},\"query-input\":{\"@type\":\"PropertyValueSpecification\",\"valueRequired\":true,\"valueName\":\"search_term_string\"}}],\"inLanguage\":\"es\"},{\"@type\":\"Person\",\"@id\":\"https:\\\/\\\/www.puertocdelu.com.ar\\\/#\\\/schema\\\/person\\\/9d258b923b29bd5f47ca80d9c8cd72d1\",\"name\":\"PuertoCdelU\",\"image\":{\"@type\":\"ImageObject\",\"inLanguage\":\"es\",\"@id\":\"https:\\\/\\\/secure.gravatar.com\\\/avatar\\\/99e38dea1727d397df18aced5ac6840012bb7f24c8570dcfafabb73086aed88c?s=96&d=mm&r=g\",\"url\":\"https:\\\/\\\/secure.gravatar.com\\\/avatar\\\/99e38dea1727d397df18aced5ac6840012bb7f24c8570dcfafabb73086aed88c?s=96&d=mm&r=g\",\"contentUrl\":\"https:\\\/\\\/secure.gravatar.com\\\/avatar\\\/99e38dea1727d397df18aced5ac6840012bb7f24c8570dcfafabb73086aed88c?s=96&d=mm&r=g\",\"caption\":\"PuertoCdelU\"},\"url\":\"https:\\\/\\\/www.puertocdelu.com.ar\\\/index.php\\\/author\\\/hectordelos1\\\/\"}]}<\/script>\n<!-- \/ Yoast SEO plugin. -->","yoast_head_json":{"title":"El Puerto Concepci\u00f3n del Uruguay recibi\u00f3 tres buques en 15 d\u00edas - Puerto de Concepci\u00f3n del Uruguay","robots":{"index":"index","follow":"follow","max-snippet":"max-snippet:-1","max-image-preview":"max-image-preview:large","max-video-preview":"max-video-preview:-1"},"canonical":"https:\/\/www.puertocdelu.com.ar\/index.php\/2023\/01\/14\/puerto-concepcion-del-uruguay-recibio-tres-buques-en-15-dias\/","og_locale":"es_ES","og_type":"article","og_title":"El Puerto Concepci\u00f3n del Uruguay recibi\u00f3 tres buques en 15 d\u00edas - Puerto de Concepci\u00f3n del Uruguay","og_description":"Este s\u00e1bado por la tarde amarr\u00f3 un nuevo ultramarino en el puerto de Concepci\u00f3n del Uruguay. Se trata del tercer buque que llega a esta terminal en lo que va del mes de enero, mientras que se aguarda uno m\u00e1s para la semana entrante. El nuevo carguero que lleg\u00f3 este s\u00e1bado es el African Petrel, [&hellip;]","og_url":"https:\/\/www.puertocdelu.com.ar\/index.php\/2023\/01\/14\/puerto-concepcion-del-uruguay-recibio-tres-buques-en-15-dias\/","og_site_name":"Puerto de Concepci\u00f3n del Uruguay","article_published_time":"2023-01-14T23:17:52+00:00","article_modified_time":"2023-01-14T23:18:40+00:00","og_image":[{"width":1083,"height":609,"url":"https:\/\/www.puertocdelu.com.ar\/wp-content\/uploads\/2023\/01\/petrel02.jpeg","type":"image\/jpeg"}],"author":"PuertoCdelU","twitter_card":"summary_large_image","twitter_misc":{"Escrito por":"PuertoCdelU","Tiempo de lectura":"1 minuto"},"schema":{"@context":"https:\/\/schema.org","@graph":[{"@type":"Article","@id":"https:\/\/www.puertocdelu.com.ar\/index.php\/2023\/01\/14\/puerto-concepcion-del-uruguay-recibio-tres-buques-en-15-dias\/#article","isPartOf":{"@id":"https:\/\/www.puertocdelu.com.ar\/index.php\/2023\/01\/14\/puerto-concepcion-del-uruguay-recibio-tres-buques-en-15-dias\/"},"author":{"name":"PuertoCdelU","@id":"https:\/\/www.puertocdelu.com.ar\/#\/schema\/person\/9d258b923b29bd5f47ca80d9c8cd72d1"},"headline":"El Puerto Concepci\u00f3n del Uruguay recibi\u00f3 tres buques en 15 d\u00edas","datePublished":"2023-01-14T23:17:52+00:00","dateModified":"2023-01-14T23:18:40+00:00","mainEntityOfPage":{"@id":"https:\/\/www.puertocdelu.com.ar\/index.php\/2023\/01\/14\/puerto-concepcion-del-uruguay-recibio-tres-buques-en-15-dias\/"},"wordCount":293,"commentCount":0,"image":{"@id":"https:\/\/www.puertocdelu.com.ar\/index.php\/2023\/01\/14\/puerto-concepcion-del-uruguay-recibio-tres-buques-en-15-dias\/#primaryimage"},"thumbnailUrl":"https:\/\/www.puertocdelu.com.ar\/wp-content\/uploads\/2023\/01\/petrel02.jpeg","articleSection":["Noticias"],"inLanguage":"es","potentialAction":[{"@type":"CommentAction","name":"Comment","target":["https:\/\/www.puertocdelu.com.ar\/index.php\/2023\/01\/14\/puerto-concepcion-del-uruguay-recibio-tres-buques-en-15-dias\/#respond"]}]},{"@type":"WebPage","@id":"https:\/\/www.puertocdelu.com.ar\/index.php\/2023\/01\/14\/puerto-concepcion-del-uruguay-recibio-tres-buques-en-15-dias\/","url":"https:\/\/www.puertocdelu.com.ar\/index.php\/2023\/01\/14\/puerto-concepcion-del-uruguay-recibio-tres-buques-en-15-dias\/","name":"El Puerto Concepci\u00f3n del Uruguay recibi\u00f3 tres buques en 15 d\u00edas - Puerto de Concepci\u00f3n del Uruguay","isPartOf":{"@id":"https:\/\/www.puertocdelu.com.ar\/#website"},"primaryImageOfPage":{"@id":"https:\/\/www.puertocdelu.com.ar\/index.php\/2023\/01\/14\/puerto-concepcion-del-uruguay-recibio-tres-buques-en-15-dias\/#primaryimage"},"image":{"@id":"https:\/\/www.puertocdelu.com.ar\/index.php\/2023\/01\/14\/puerto-concepcion-del-uruguay-recibio-tres-buques-en-15-dias\/#primaryimage"},"thumbnailUrl":"https:\/\/www.puertocdelu.com.ar\/wp-content\/uploads\/2023\/01\/petrel02.jpeg","datePublished":"2023-01-14T23:17:52+00:00","dateModified":"2023-01-14T23:18:40+00:00","author":{"@id":"https:\/\/www.puertocdelu.com.ar\/#\/schema\/person\/9d258b923b29bd5f47ca80d9c8cd72d1"},"breadcrumb":{"@id":"https:\/\/www.puertocdelu.com.ar\/index.php\/2023\/01\/14\/puerto-concepcion-del-uruguay-recibio-tres-buques-en-15-dias\/#breadcrumb"},"inLanguage":"es","potentialAction":[{"@type":"ReadAction","target":["https:\/\/www.puertocdelu.com.ar\/index.php\/2023\/01\/14\/puerto-concepcion-del-uruguay-recibio-tres-buques-en-15-dias\/"]}]},{"@type":"ImageObject","inLanguage":"es","@id":"https:\/\/www.puertocdelu.com.ar\/index.php\/2023\/01\/14\/puerto-concepcion-del-uruguay-recibio-tres-buques-en-15-dias\/#primaryimage","url":"https:\/\/www.puertocdelu.com.ar\/wp-content\/uploads\/2023\/01\/petrel02.jpeg","contentUrl":"https:\/\/www.puertocdelu.com.ar\/wp-content\/uploads\/2023\/01\/petrel02.jpeg","width":1083,"height":609},{"@type":"BreadcrumbList","@id":"https:\/\/www.puertocdelu.com.ar\/index.php\/2023\/01\/14\/puerto-concepcion-del-uruguay-recibio-tres-buques-en-15-dias\/#breadcrumb","itemListElement":[{"@type":"ListItem","position":1,"name":"Portada","item":"https:\/\/www.puertocdelu.com.ar\/"},{"@type":"ListItem","position":2,"name":"El Puerto Concepci\u00f3n del Uruguay recibi\u00f3 tres buques en 15 d\u00edas"}]},{"@type":"WebSite","@id":"https:\/\/www.puertocdelu.com.ar\/#website","url":"https:\/\/www.puertocdelu.com.ar\/","name":"Puerto de Concepci\u00f3n del Uruguay","description":"","potentialAction":[{"@type":"SearchAction","target":{"@type":"EntryPoint","urlTemplate":"https:\/\/www.puertocdelu.com.ar\/?s={search_term_string}"},"query-input":{"@type":"PropertyValueSpecification","valueRequired":true,"valueName":"search_term_string"}}],"inLanguage":"es"},{"@type":"Person","@id":"https:\/\/www.puertocdelu.com.ar\/#\/schema\/person\/9d258b923b29bd5f47ca80d9c8cd72d1","name":"PuertoCdelU","image":{"@type":"ImageObject","inLanguage":"es","@id":"https:\/\/secure.gravatar.com\/avatar\/99e38dea1727d397df18aced5ac6840012bb7f24c8570dcfafabb73086aed88c?s=96&d=mm&r=g","url":"https:\/\/secure.gravatar.com\/avatar\/99e38dea1727d397df18aced5ac6840012bb7f24c8570dcfafabb73086aed88c?s=96&d=mm&r=g","contentUrl":"https:\/\/secure.gravatar.com\/avatar\/99e38dea1727d397df18aced5ac6840012bb7f24c8570dcfafabb73086aed88c?s=96&d=mm&r=g","caption":"PuertoCdelU"},"url":"https:\/\/www.puertocdelu.com.ar\/index.php\/author\/hectordelos1\/"}]}},"_links":{"self":[{"href":"https:\/\/www.puertocdelu.com.ar\/index.php\/wp-json\/wp\/v2\/posts\/2534","targetHints":{"allow":["GET"]}}],"collection":[{"href":"https:\/\/www.puertocdelu.com.ar\/index.php\/wp-json\/wp\/v2\/posts"}],"about":[{"href":"https:\/\/www.puertocdelu.com.ar\/index.php\/wp-json\/wp\/v2\/types\/post"}],"author":[{"embeddable":true,"href":"https:\/\/www.puertocdelu.com.ar\/index.php\/wp-json\/wp\/v2\/users\/1"}],"replies":[{"embeddable":true,"href":"https:\/\/www.puertocdelu.com.ar\/index.php\/wp-json\/wp\/v2\/comments?post=2534"}],"version-history":[{"count":2,"href":"https:\/\/www.puertocdelu.com.ar\/index.php\/wp-json\/wp\/v2\/posts\/2534\/revisions"}],"predecessor-version":[{"id":2537,"href":"https:\/\/www.puertocdelu.com.ar\/index.php\/wp-json\/wp\/v2\/posts\/2534\/revisions\/2537"}],"wp:featuredmedia":[{"embeddable":true,"href":"https:\/\/www.puertocdelu.com.ar\/index.php\/wp-json\/wp\/v2\/media\/2535"}],"wp:attachment":[{"href":"https:\/\/www.puertocdelu.com.ar\/index.php\/wp-json\/wp\/v2\/media?parent=2534"}],"wp:term":[{"taxonomy":"category","embeddable":true,"href":"https:\/\/www.puertocdelu.com.ar\/index.php\/wp-json\/wp\/v2\/categories?post=2534"},{"taxonomy":"post_tag","embeddable":true,"href":"https:\/\/www.puertocdelu.com.ar\/index.php\/wp-json\/wp\/v2\/tags?post=2534"}],"curies":[{"name":"wp","href":"https:\/\/api.w.org\/{rel}","templated":true}]}}