{"id":2546,"date":"2023-02-05T23:22:03","date_gmt":"2023-02-05T23:22:03","guid":{"rendered":"https:\/\/www.puertocdelu.com.ar\/?p=2546"},"modified":"2023-02-05T23:22:03","modified_gmt":"2023-02-05T23:22:03","slug":"zarpo-un-buque-e-ingreso-otro-al-puerto-de-concepcion-del-uruguay-2","status":"publish","type":"post","link":"https:\/\/www.puertocdelu.com.ar\/index.php\/2023\/02\/05\/zarpo-un-buque-e-ingreso-otro-al-puerto-de-concepcion-del-uruguay-2\/","title":{"rendered":"Zarp\u00f3 un buque e ingres\u00f3 otro al puerto de Concepci\u00f3n del Uruguay"},"content":{"rendered":"<p>En horas de la tarde de este domingo finalizaron las tareas de carga del buque African Warbler, el cual embarc\u00f3 casi 19.000 toneladas de troncos de pino a granel y zarp\u00f3 a las 17.30 rumbo al puerto de Montevideo.<\/p>\n<p>Una hora m\u00e1s tarde hizo su ingreso al puerto de Concepci\u00f3n del Uruguay el African Owl, buque que se encontraba esperando en rada desde el pasado viernes.<\/p>\n<p>Este ultramarino llega proveniente del puerto de Durban, en Sud\u00e1frica, y tambi\u00e9n har\u00e1 una carga similar de 18.000 toneladas. Ambas exportaciones tienen como destino el mercado indio.<\/p>\n<p>&nbsp;<\/p>\n<p>De acuerdo a la informaci\u00f3n suministrada por la empresa Urcel Argentina, este buque operar\u00e1 durante unos tres d\u00edas durante las 24 horas, y zarpar\u00e1 luego para completar sus bodegas en el puerto de Ibicuy.<\/p>\n<p>Con este arribo Concepci\u00f3n del Uruguay totaliza operaciones con 6 buques en 35 d\u00edas del a\u00f1o, lo que marca un intenso ritmo de actividades en el puerto de Concepci\u00f3n del Uruguay.<\/p>\n","protected":false},"excerpt":{"rendered":"<p>En horas de la tarde de este domingo finalizaron las tareas de carga del buque African Warbler, el cual embarc\u00f3 casi 19.000 toneladas de troncos de pino a granel y zarp\u00f3 a las 17.30 rumbo al puerto de Montevideo. Una hora m\u00e1s tarde hizo su ingreso al puerto de Concepci\u00f3n del Uruguay el African Owl, [&hellip;]<\/p>\n","protected":false},"author":1,"featured_media":2547,"comment_status":"open","ping_status":"open","sticky":false,"template":"","format":"standard","meta":{"footnotes":""},"categories":[81],"tags":[],"class_list":{"0":"post-2546","1":"post","2":"type-post","3":"status-publish","4":"format-standard","5":"has-post-thumbnail","7":"category-noticias"},"yoast_head":"<!-- This site is optimized with the Yoast SEO plugin v27.4 - https:\/\/yoast.com\/product\/yoast-seo-wordpress\/ -->\n<title>Zarp\u00f3 un buque e ingres\u00f3 otro al puerto de Concepci\u00f3n del Uruguay - Puerto de Concepci\u00f3n del Uruguay<\/title>\n<meta name=\"robots\" content=\"index, follow, max-snippet:-1, max-image-preview:large, max-video-preview:-1\" \/>\n<link rel=\"canonical\" href=\"https:\/\/www.puertocdelu.com.ar\/index.php\/2023\/02\/05\/zarpo-un-buque-e-ingreso-otro-al-puerto-de-concepcion-del-uruguay-2\/\" \/>\n<meta property=\"og:locale\" content=\"es_ES\" \/>\n<meta property=\"og:type\" content=\"article\" \/>\n<meta property=\"og:title\" content=\"Zarp\u00f3 un buque e ingres\u00f3 otro al puerto de Concepci\u00f3n del Uruguay - Puerto de Concepci\u00f3n del Uruguay\" \/>\n<meta property=\"og:description\" content=\"En horas de la tarde de este domingo finalizaron las tareas de carga del buque African Warbler, el cual embarc\u00f3 casi 19.000 toneladas de troncos de pino a granel y zarp\u00f3 a las 17.30 rumbo al puerto de Montevideo. Una hora m\u00e1s tarde hizo su ingreso al puerto de Concepci\u00f3n del Uruguay el African Owl, [&hellip;]\" \/>\n<meta property=\"og:url\" content=\"https:\/\/www.puertocdelu.com.ar\/index.php\/2023\/02\/05\/zarpo-un-buque-e-ingreso-otro-al-puerto-de-concepcion-del-uruguay-2\/\" \/>\n<meta property=\"og:site_name\" content=\"Puerto de Concepci\u00f3n del Uruguay\" \/>\n<meta property=\"article:published_time\" content=\"2023-02-05T23:22:03+00:00\" \/>\n<meta property=\"og:image\" content=\"https:\/\/www.puertocdelu.com.ar\/wp-content\/uploads\/2023\/02\/D311CC2D-DAF5-4043-A8B0-0722DED844F9.jpg\" \/>\n\t<meta property=\"og:image:width\" content=\"900\" \/>\n\t<meta property=\"og:image:height\" content=\"506\" \/>\n\t<meta property=\"og:image:type\" content=\"image\/jpeg\" \/>\n<meta name=\"author\" content=\"PuertoCdelU\" \/>\n<meta name=\"twitter:card\" content=\"summary_large_image\" \/>\n<meta name=\"twitter:label1\" content=\"Escrito por\" \/>\n\t<meta name=\"twitter:data1\" content=\"PuertoCdelU\" \/>\n\t<meta name=\"twitter:label2\" content=\"Tiempo de lectura\" \/>\n\t<meta name=\"twitter:data2\" content=\"1 minuto\" \/>\n<script type=\"application\/ld+json\" class=\"yoast-schema-graph\">{\"@context\":\"https:\\\/\\\/schema.org\",\"@graph\":[{\"@type\":\"Article\",\"@id\":\"https:\\\/\\\/www.puertocdelu.com.ar\\\/index.php\\\/2023\\\/02\\\/05\\\/zarpo-un-buque-e-ingreso-otro-al-puerto-de-concepcion-del-uruguay-2\\\/#article\",\"isPartOf\":{\"@id\":\"https:\\\/\\\/www.puertocdelu.com.ar\\\/index.php\\\/2023\\\/02\\\/05\\\/zarpo-un-buque-e-ingreso-otro-al-puerto-de-concepcion-del-uruguay-2\\\/\"},\"author\":{\"name\":\"PuertoCdelU\",\"@id\":\"https:\\\/\\\/www.puertocdelu.com.ar\\\/#\\\/schema\\\/person\\\/9d258b923b29bd5f47ca80d9c8cd72d1\"},\"headline\":\"Zarp\u00f3 un buque e ingres\u00f3 otro al puerto de Concepci\u00f3n del Uruguay\",\"datePublished\":\"2023-02-05T23:22:03+00:00\",\"mainEntityOfPage\":{\"@id\":\"https:\\\/\\\/www.puertocdelu.com.ar\\\/index.php\\\/2023\\\/02\\\/05\\\/zarpo-un-buque-e-ingreso-otro-al-puerto-de-concepcion-del-uruguay-2\\\/\"},\"wordCount\":176,\"commentCount\":0,\"image\":{\"@id\":\"https:\\\/\\\/www.puertocdelu.com.ar\\\/index.php\\\/2023\\\/02\\\/05\\\/zarpo-un-buque-e-ingreso-otro-al-puerto-de-concepcion-del-uruguay-2\\\/#primaryimage\"},\"thumbnailUrl\":\"https:\\\/\\\/www.puertocdelu.com.ar\\\/wp-content\\\/uploads\\\/2023\\\/02\\\/D311CC2D-DAF5-4043-A8B0-0722DED844F9.jpg\",\"articleSection\":[\"Noticias\"],\"inLanguage\":\"es\",\"potentialAction\":[{\"@type\":\"CommentAction\",\"name\":\"Comment\",\"target\":[\"https:\\\/\\\/www.puertocdelu.com.ar\\\/index.php\\\/2023\\\/02\\\/05\\\/zarpo-un-buque-e-ingreso-otro-al-puerto-de-concepcion-del-uruguay-2\\\/#respond\"]}]},{\"@type\":\"WebPage\",\"@id\":\"https:\\\/\\\/www.puertocdelu.com.ar\\\/index.php\\\/2023\\\/02\\\/05\\\/zarpo-un-buque-e-ingreso-otro-al-puerto-de-concepcion-del-uruguay-2\\\/\",\"url\":\"https:\\\/\\\/www.puertocdelu.com.ar\\\/index.php\\\/2023\\\/02\\\/05\\\/zarpo-un-buque-e-ingreso-otro-al-puerto-de-concepcion-del-uruguay-2\\\/\",\"name\":\"Zarp\u00f3 un buque e ingres\u00f3 otro al puerto de Concepci\u00f3n del Uruguay - Puerto de Concepci\u00f3n del Uruguay\",\"isPartOf\":{\"@id\":\"https:\\\/\\\/www.puertocdelu.com.ar\\\/#website\"},\"primaryImageOfPage\":{\"@id\":\"https:\\\/\\\/www.puertocdelu.com.ar\\\/index.php\\\/2023\\\/02\\\/05\\\/zarpo-un-buque-e-ingreso-otro-al-puerto-de-concepcion-del-uruguay-2\\\/#primaryimage\"},\"image\":{\"@id\":\"https:\\\/\\\/www.puertocdelu.com.ar\\\/index.php\\\/2023\\\/02\\\/05\\\/zarpo-un-buque-e-ingreso-otro-al-puerto-de-concepcion-del-uruguay-2\\\/#primaryimage\"},\"thumbnailUrl\":\"https:\\\/\\\/www.puertocdelu.com.ar\\\/wp-content\\\/uploads\\\/2023\\\/02\\\/D311CC2D-DAF5-4043-A8B0-0722DED844F9.jpg\",\"datePublished\":\"2023-02-05T23:22:03+00:00\",\"author\":{\"@id\":\"https:\\\/\\\/www.puertocdelu.com.ar\\\/#\\\/schema\\\/person\\\/9d258b923b29bd5f47ca80d9c8cd72d1\"},\"breadcrumb\":{\"@id\":\"https:\\\/\\\/www.puertocdelu.com.ar\\\/index.php\\\/2023\\\/02\\\/05\\\/zarpo-un-buque-e-ingreso-otro-al-puerto-de-concepcion-del-uruguay-2\\\/#breadcrumb\"},\"inLanguage\":\"es\",\"potentialAction\":[{\"@type\":\"ReadAction\",\"target\":[\"https:\\\/\\\/www.puertocdelu.com.ar\\\/index.php\\\/2023\\\/02\\\/05\\\/zarpo-un-buque-e-ingreso-otro-al-puerto-de-concepcion-del-uruguay-2\\\/\"]}]},{\"@type\":\"ImageObject\",\"inLanguage\":\"es\",\"@id\":\"https:\\\/\\\/www.puertocdelu.com.ar\\\/index.php\\\/2023\\\/02\\\/05\\\/zarpo-un-buque-e-ingreso-otro-al-puerto-de-concepcion-del-uruguay-2\\\/#primaryimage\",\"url\":\"https:\\\/\\\/www.puertocdelu.com.ar\\\/wp-content\\\/uploads\\\/2023\\\/02\\\/D311CC2D-DAF5-4043-A8B0-0722DED844F9.jpg\",\"contentUrl\":\"https:\\\/\\\/www.puertocdelu.com.ar\\\/wp-content\\\/uploads\\\/2023\\\/02\\\/D311CC2D-DAF5-4043-A8B0-0722DED844F9.jpg\",\"width\":900,\"height\":506,\"caption\":\"default\"},{\"@type\":\"BreadcrumbList\",\"@id\":\"https:\\\/\\\/www.puertocdelu.com.ar\\\/index.php\\\/2023\\\/02\\\/05\\\/zarpo-un-buque-e-ingreso-otro-al-puerto-de-concepcion-del-uruguay-2\\\/#breadcrumb\",\"itemListElement\":[{\"@type\":\"ListItem\",\"position\":1,\"name\":\"Portada\",\"item\":\"https:\\\/\\\/www.puertocdelu.com.ar\\\/\"},{\"@type\":\"ListItem\",\"position\":2,\"name\":\"Zarp\u00f3 un buque e ingres\u00f3 otro al puerto de Concepci\u00f3n del Uruguay\"}]},{\"@type\":\"WebSite\",\"@id\":\"https:\\\/\\\/www.puertocdelu.com.ar\\\/#website\",\"url\":\"https:\\\/\\\/www.puertocdelu.com.ar\\\/\",\"name\":\"Puerto de Concepci\u00f3n del Uruguay\",\"description\":\"\",\"potentialAction\":[{\"@type\":\"SearchAction\",\"target\":{\"@type\":\"EntryPoint\",\"urlTemplate\":\"https:\\\/\\\/www.puertocdelu.com.ar\\\/?s={search_term_string}\"},\"query-input\":{\"@type\":\"PropertyValueSpecification\",\"valueRequired\":true,\"valueName\":\"search_term_string\"}}],\"inLanguage\":\"es\"},{\"@type\":\"Person\",\"@id\":\"https:\\\/\\\/www.puertocdelu.com.ar\\\/#\\\/schema\\\/person\\\/9d258b923b29bd5f47ca80d9c8cd72d1\",\"name\":\"PuertoCdelU\",\"image\":{\"@type\":\"ImageObject\",\"inLanguage\":\"es\",\"@id\":\"https:\\\/\\\/secure.gravatar.com\\\/avatar\\\/99e38dea1727d397df18aced5ac6840012bb7f24c8570dcfafabb73086aed88c?s=96&d=mm&r=g\",\"url\":\"https:\\\/\\\/secure.gravatar.com\\\/avatar\\\/99e38dea1727d397df18aced5ac6840012bb7f24c8570dcfafabb73086aed88c?s=96&d=mm&r=g\",\"contentUrl\":\"https:\\\/\\\/secure.gravatar.com\\\/avatar\\\/99e38dea1727d397df18aced5ac6840012bb7f24c8570dcfafabb73086aed88c?s=96&d=mm&r=g\",\"caption\":\"PuertoCdelU\"},\"url\":\"https:\\\/\\\/www.puertocdelu.com.ar\\\/index.php\\\/author\\\/hectordelos1\\\/\"}]}<\/script>\n<!-- \/ Yoast SEO plugin. -->","yoast_head_json":{"title":"Zarp\u00f3 un buque e ingres\u00f3 otro al puerto de Concepci\u00f3n del Uruguay - Puerto de Concepci\u00f3n del Uruguay","robots":{"index":"index","follow":"follow","max-snippet":"max-snippet:-1","max-image-preview":"max-image-preview:large","max-video-preview":"max-video-preview:-1"},"canonical":"https:\/\/www.puertocdelu.com.ar\/index.php\/2023\/02\/05\/zarpo-un-buque-e-ingreso-otro-al-puerto-de-concepcion-del-uruguay-2\/","og_locale":"es_ES","og_type":"article","og_title":"Zarp\u00f3 un buque e ingres\u00f3 otro al puerto de Concepci\u00f3n del Uruguay - Puerto de Concepci\u00f3n del Uruguay","og_description":"En horas de la tarde de este domingo finalizaron las tareas de carga del buque African Warbler, el cual embarc\u00f3 casi 19.000 toneladas de troncos de pino a granel y zarp\u00f3 a las 17.30 rumbo al puerto de Montevideo. Una hora m\u00e1s tarde hizo su ingreso al puerto de Concepci\u00f3n del Uruguay el African Owl, [&hellip;]","og_url":"https:\/\/www.puertocdelu.com.ar\/index.php\/2023\/02\/05\/zarpo-un-buque-e-ingreso-otro-al-puerto-de-concepcion-del-uruguay-2\/","og_site_name":"Puerto de Concepci\u00f3n del Uruguay","article_published_time":"2023-02-05T23:22:03+00:00","og_image":[{"width":900,"height":506,"url":"https:\/\/www.puertocdelu.com.ar\/wp-content\/uploads\/2023\/02\/D311CC2D-DAF5-4043-A8B0-0722DED844F9.jpg","type":"image\/jpeg"}],"author":"PuertoCdelU","twitter_card":"summary_large_image","twitter_misc":{"Escrito por":"PuertoCdelU","Tiempo de lectura":"1 minuto"},"schema":{"@context":"https:\/\/schema.org","@graph":[{"@type":"Article","@id":"https:\/\/www.puertocdelu.com.ar\/index.php\/2023\/02\/05\/zarpo-un-buque-e-ingreso-otro-al-puerto-de-concepcion-del-uruguay-2\/#article","isPartOf":{"@id":"https:\/\/www.puertocdelu.com.ar\/index.php\/2023\/02\/05\/zarpo-un-buque-e-ingreso-otro-al-puerto-de-concepcion-del-uruguay-2\/"},"author":{"name":"PuertoCdelU","@id":"https:\/\/www.puertocdelu.com.ar\/#\/schema\/person\/9d258b923b29bd5f47ca80d9c8cd72d1"},"headline":"Zarp\u00f3 un buque e ingres\u00f3 otro al puerto de Concepci\u00f3n del Uruguay","datePublished":"2023-02-05T23:22:03+00:00","mainEntityOfPage":{"@id":"https:\/\/www.puertocdelu.com.ar\/index.php\/2023\/02\/05\/zarpo-un-buque-e-ingreso-otro-al-puerto-de-concepcion-del-uruguay-2\/"},"wordCount":176,"commentCount":0,"image":{"@id":"https:\/\/www.puertocdelu.com.ar\/index.php\/2023\/02\/05\/zarpo-un-buque-e-ingreso-otro-al-puerto-de-concepcion-del-uruguay-2\/#primaryimage"},"thumbnailUrl":"https:\/\/www.puertocdelu.com.ar\/wp-content\/uploads\/2023\/02\/D311CC2D-DAF5-4043-A8B0-0722DED844F9.jpg","articleSection":["Noticias"],"inLanguage":"es","potentialAction":[{"@type":"CommentAction","name":"Comment","target":["https:\/\/www.puertocdelu.com.ar\/index.php\/2023\/02\/05\/zarpo-un-buque-e-ingreso-otro-al-puerto-de-concepcion-del-uruguay-2\/#respond"]}]},{"@type":"WebPage","@id":"https:\/\/www.puertocdelu.com.ar\/index.php\/2023\/02\/05\/zarpo-un-buque-e-ingreso-otro-al-puerto-de-concepcion-del-uruguay-2\/","url":"https:\/\/www.puertocdelu.com.ar\/index.php\/2023\/02\/05\/zarpo-un-buque-e-ingreso-otro-al-puerto-de-concepcion-del-uruguay-2\/","name":"Zarp\u00f3 un buque e ingres\u00f3 otro al puerto de Concepci\u00f3n del Uruguay - Puerto de Concepci\u00f3n del Uruguay","isPartOf":{"@id":"https:\/\/www.puertocdelu.com.ar\/#website"},"primaryImageOfPage":{"@id":"https:\/\/www.puertocdelu.com.ar\/index.php\/2023\/02\/05\/zarpo-un-buque-e-ingreso-otro-al-puerto-de-concepcion-del-uruguay-2\/#primaryimage"},"image":{"@id":"https:\/\/www.puertocdelu.com.ar\/index.php\/2023\/02\/05\/zarpo-un-buque-e-ingreso-otro-al-puerto-de-concepcion-del-uruguay-2\/#primaryimage"},"thumbnailUrl":"https:\/\/www.puertocdelu.com.ar\/wp-content\/uploads\/2023\/02\/D311CC2D-DAF5-4043-A8B0-0722DED844F9.jpg","datePublished":"2023-02-05T23:22:03+00:00","author":{"@id":"https:\/\/www.puertocdelu.com.ar\/#\/schema\/person\/9d258b923b29bd5f47ca80d9c8cd72d1"},"breadcrumb":{"@id":"https:\/\/www.puertocdelu.com.ar\/index.php\/2023\/02\/05\/zarpo-un-buque-e-ingreso-otro-al-puerto-de-concepcion-del-uruguay-2\/#breadcrumb"},"inLanguage":"es","potentialAction":[{"@type":"ReadAction","target":["https:\/\/www.puertocdelu.com.ar\/index.php\/2023\/02\/05\/zarpo-un-buque-e-ingreso-otro-al-puerto-de-concepcion-del-uruguay-2\/"]}]},{"@type":"ImageObject","inLanguage":"es","@id":"https:\/\/www.puertocdelu.com.ar\/index.php\/2023\/02\/05\/zarpo-un-buque-e-ingreso-otro-al-puerto-de-concepcion-del-uruguay-2\/#primaryimage","url":"https:\/\/www.puertocdelu.com.ar\/wp-content\/uploads\/2023\/02\/D311CC2D-DAF5-4043-A8B0-0722DED844F9.jpg","contentUrl":"https:\/\/www.puertocdelu.com.ar\/wp-content\/uploads\/2023\/02\/D311CC2D-DAF5-4043-A8B0-0722DED844F9.jpg","width":900,"height":506,"caption":"default"},{"@type":"BreadcrumbList","@id":"https:\/\/www.puertocdelu.com.ar\/index.php\/2023\/02\/05\/zarpo-un-buque-e-ingreso-otro-al-puerto-de-concepcion-del-uruguay-2\/#breadcrumb","itemListElement":[{"@type":"ListItem","position":1,"name":"Portada","item":"https:\/\/www.puertocdelu.com.ar\/"},{"@type":"ListItem","position":2,"name":"Zarp\u00f3 un buque e ingres\u00f3 otro al puerto de Concepci\u00f3n del Uruguay"}]},{"@type":"WebSite","@id":"https:\/\/www.puertocdelu.com.ar\/#website","url":"https:\/\/www.puertocdelu.com.ar\/","name":"Puerto de Concepci\u00f3n del Uruguay","description":"","potentialAction":[{"@type":"SearchAction","target":{"@type":"EntryPoint","urlTemplate":"https:\/\/www.puertocdelu.com.ar\/?s={search_term_string}"},"query-input":{"@type":"PropertyValueSpecification","valueRequired":true,"valueName":"search_term_string"}}],"inLanguage":"es"},{"@type":"Person","@id":"https:\/\/www.puertocdelu.com.ar\/#\/schema\/person\/9d258b923b29bd5f47ca80d9c8cd72d1","name":"PuertoCdelU","image":{"@type":"ImageObject","inLanguage":"es","@id":"https:\/\/secure.gravatar.com\/avatar\/99e38dea1727d397df18aced5ac6840012bb7f24c8570dcfafabb73086aed88c?s=96&d=mm&r=g","url":"https:\/\/secure.gravatar.com\/avatar\/99e38dea1727d397df18aced5ac6840012bb7f24c8570dcfafabb73086aed88c?s=96&d=mm&r=g","contentUrl":"https:\/\/secure.gravatar.com\/avatar\/99e38dea1727d397df18aced5ac6840012bb7f24c8570dcfafabb73086aed88c?s=96&d=mm&r=g","caption":"PuertoCdelU"},"url":"https:\/\/www.puertocdelu.com.ar\/index.php\/author\/hectordelos1\/"}]}},"_links":{"self":[{"href":"https:\/\/www.puertocdelu.com.ar\/index.php\/wp-json\/wp\/v2\/posts\/2546","targetHints":{"allow":["GET"]}}],"collection":[{"href":"https:\/\/www.puertocdelu.com.ar\/index.php\/wp-json\/wp\/v2\/posts"}],"about":[{"href":"https:\/\/www.puertocdelu.com.ar\/index.php\/wp-json\/wp\/v2\/types\/post"}],"author":[{"embeddable":true,"href":"https:\/\/www.puertocdelu.com.ar\/index.php\/wp-json\/wp\/v2\/users\/1"}],"replies":[{"embeddable":true,"href":"https:\/\/www.puertocdelu.com.ar\/index.php\/wp-json\/wp\/v2\/comments?post=2546"}],"version-history":[{"count":1,"href":"https:\/\/www.puertocdelu.com.ar\/index.php\/wp-json\/wp\/v2\/posts\/2546\/revisions"}],"predecessor-version":[{"id":2549,"href":"https:\/\/www.puertocdelu.com.ar\/index.php\/wp-json\/wp\/v2\/posts\/2546\/revisions\/2549"}],"wp:featuredmedia":[{"embeddable":true,"href":"https:\/\/www.puertocdelu.com.ar\/index.php\/wp-json\/wp\/v2\/media\/2547"}],"wp:attachment":[{"href":"https:\/\/www.puertocdelu.com.ar\/index.php\/wp-json\/wp\/v2\/media?parent=2546"}],"wp:term":[{"taxonomy":"category","embeddable":true,"href":"https:\/\/www.puertocdelu.com.ar\/index.php\/wp-json\/wp\/v2\/categories?post=2546"},{"taxonomy":"post_tag","embeddable":true,"href":"https:\/\/www.puertocdelu.com.ar\/index.php\/wp-json\/wp\/v2\/tags?post=2546"}],"curies":[{"name":"wp","href":"https:\/\/api.w.org\/{rel}","templated":true}]}}