{"id":2581,"date":"2023-05-18T21:04:11","date_gmt":"2023-05-18T21:04:11","guid":{"rendered":"https:\/\/www.puertocdelu.com.ar\/?p=2581"},"modified":"2023-05-18T21:20:25","modified_gmt":"2023-05-18T21:20:25","slug":"continuan-las-exportaciones-desde-el-puerto-de-concepcion-del-uruguay-2","status":"publish","type":"post","link":"https:\/\/www.puertocdelu.com.ar\/index.php\/2023\/05\/18\/continuan-las-exportaciones-desde-el-puerto-de-concepcion-del-uruguay-2\/","title":{"rendered":"Contin\u00faan las exportaciones desde el puerto de Concepci\u00f3n del Uruguay"},"content":{"rendered":"<p>Este jueves por la tarde amarr\u00f3 en los muelles 3 y 4 del puerto de Concepci\u00f3n del Uruguay el buque African Condor para llevar adelante una nueva exportaci\u00f3n de troncos de pino a granel.<br \/>\nEste carguero con bandera de Bahamas llega a Entre R\u00edos proveniente del puerto de Aveiro, en Portugal. Luego de cargar unas 18.000 toneladas en Concepci\u00f3n del Uruguay, completar\u00e1 sus bodegas en el puerto de Montevideo, tras lo cual se dirigir\u00e1 a su destino final, en el puerto de Kandla, India.<br \/>\nEsta exportaci\u00f3n est\u00e1 a cargo de la empresa ACB, mientras que las tareas de estiba y log\u00edstica integral la llevar\u00e1 adelante la empresa PTP Group.<\/p>\n<figure id=\"attachment_2583\" aria-describedby=\"caption-attachment-2583\" style=\"width: 1083px\" class=\"wp-caption aligncenter\"><a href=\"https:\/\/www.puertocdelu.com.ar\/wp-content\/uploads\/2023\/05\/02.jpg\"><img loading=\"lazy\" decoding=\"async\" class=\"size-full wp-image-2583\" src=\"https:\/\/www.puertocdelu.com.ar\/wp-content\/uploads\/2023\/05\/02.jpg\" alt=\"\" width=\"1083\" height=\"609\" srcset=\"https:\/\/www.puertocdelu.com.ar\/wp-content\/uploads\/2023\/05\/02.jpg 1083w, https:\/\/www.puertocdelu.com.ar\/wp-content\/uploads\/2023\/05\/02-300x169.jpg 300w, https:\/\/www.puertocdelu.com.ar\/wp-content\/uploads\/2023\/05\/02-1024x576.jpg 1024w, https:\/\/www.puertocdelu.com.ar\/wp-content\/uploads\/2023\/05\/02-768x432.jpg 768w, https:\/\/www.puertocdelu.com.ar\/wp-content\/uploads\/2023\/05\/02-696x391.jpg 696w, https:\/\/www.puertocdelu.com.ar\/wp-content\/uploads\/2023\/05\/02-1068x601.jpg 1068w, https:\/\/www.puertocdelu.com.ar\/wp-content\/uploads\/2023\/05\/02-747x420.jpg 747w\" sizes=\"auto, (max-width: 1083px) 100vw, 1083px\" \/><\/a><figcaption id=\"caption-attachment-2583\" class=\"wp-caption-text\">default<\/figcaption><\/figure>\n<p>Se estima que las tareas de embarque demandar\u00e1n entre tres y cuatro d\u00edas de trabajo durante las 24 horas, por lo que se extender\u00e1n durante todo el fin de semana.<br \/>\nPor tal motivo, desde el Ente Aut\u00e1rquico Puerto Concepci\u00f3n del Uruguay, se ha solicitado la mayor precauci\u00f3n a todos los conductores y transeuntes que decidan circular por Avenida Paysand\u00fa, y toda la zona portuaria. Cabe se\u00f1alar que el tr\u00e1nsito de veh\u00edculos pesados ser\u00e1 intenso durante todos estos d\u00edas, ya que el embarque tiene previstos unos 600 viajes de camiones para abastecer al buque.<\/p>\n","protected":false},"excerpt":{"rendered":"<p>Este jueves por la tarde amarr\u00f3 en los muelles 3 y 4 del puerto de Concepci\u00f3n del Uruguay el buque African Condor para llevar adelante una nueva exportaci\u00f3n de troncos de pino a granel. Este carguero con bandera de Bahamas llega a Entre R\u00edos proveniente del puerto de Aveiro, en Portugal. Luego de cargar unas [&hellip;]<\/p>\n","protected":false},"author":1,"featured_media":2582,"comment_status":"open","ping_status":"open","sticky":false,"template":"","format":"standard","meta":{"footnotes":""},"categories":[81],"tags":[],"class_list":{"0":"post-2581","1":"post","2":"type-post","3":"status-publish","4":"format-standard","5":"has-post-thumbnail","7":"category-noticias"},"yoast_head":"<!-- This site is optimized with the Yoast SEO plugin v27.4 - https:\/\/yoast.com\/product\/yoast-seo-wordpress\/ -->\n<title>Contin\u00faan las exportaciones desde el puerto de Concepci\u00f3n del Uruguay - Puerto de Concepci\u00f3n del Uruguay<\/title>\n<meta name=\"robots\" content=\"index, follow, max-snippet:-1, max-image-preview:large, max-video-preview:-1\" \/>\n<link rel=\"canonical\" href=\"https:\/\/www.puertocdelu.com.ar\/index.php\/2023\/05\/18\/continuan-las-exportaciones-desde-el-puerto-de-concepcion-del-uruguay-2\/\" \/>\n<meta property=\"og:locale\" content=\"es_ES\" \/>\n<meta property=\"og:type\" content=\"article\" \/>\n<meta property=\"og:title\" content=\"Contin\u00faan las exportaciones desde el puerto de Concepci\u00f3n del Uruguay - Puerto de Concepci\u00f3n del Uruguay\" \/>\n<meta property=\"og:description\" content=\"Este jueves por la tarde amarr\u00f3 en los muelles 3 y 4 del puerto de Concepci\u00f3n del Uruguay el buque African Condor para llevar adelante una nueva exportaci\u00f3n de troncos de pino a granel. Este carguero con bandera de Bahamas llega a Entre R\u00edos proveniente del puerto de Aveiro, en Portugal. Luego de cargar unas [&hellip;]\" \/>\n<meta property=\"og:url\" content=\"https:\/\/www.puertocdelu.com.ar\/index.php\/2023\/05\/18\/continuan-las-exportaciones-desde-el-puerto-de-concepcion-del-uruguay-2\/\" \/>\n<meta property=\"og:site_name\" content=\"Puerto de Concepci\u00f3n del Uruguay\" \/>\n<meta property=\"article:published_time\" content=\"2023-05-18T21:04:11+00:00\" \/>\n<meta property=\"article:modified_time\" content=\"2023-05-18T21:20:25+00:00\" \/>\n<meta property=\"og:image\" content=\"https:\/\/www.puertocdelu.com.ar\/wp-content\/uploads\/2023\/05\/01.jpg\" \/>\n\t<meta property=\"og:image:width\" content=\"1083\" \/>\n\t<meta property=\"og:image:height\" content=\"609\" \/>\n\t<meta property=\"og:image:type\" content=\"image\/jpeg\" \/>\n<meta name=\"author\" content=\"PuertoCdelU\" \/>\n<meta name=\"twitter:card\" content=\"summary_large_image\" \/>\n<meta name=\"twitter:label1\" content=\"Escrito por\" \/>\n\t<meta name=\"twitter:data1\" content=\"PuertoCdelU\" \/>\n\t<meta name=\"twitter:label2\" content=\"Tiempo de lectura\" \/>\n\t<meta name=\"twitter:data2\" content=\"1 minuto\" \/>\n<script type=\"application\/ld+json\" class=\"yoast-schema-graph\">{\"@context\":\"https:\\\/\\\/schema.org\",\"@graph\":[{\"@type\":\"Article\",\"@id\":\"https:\\\/\\\/www.puertocdelu.com.ar\\\/index.php\\\/2023\\\/05\\\/18\\\/continuan-las-exportaciones-desde-el-puerto-de-concepcion-del-uruguay-2\\\/#article\",\"isPartOf\":{\"@id\":\"https:\\\/\\\/www.puertocdelu.com.ar\\\/index.php\\\/2023\\\/05\\\/18\\\/continuan-las-exportaciones-desde-el-puerto-de-concepcion-del-uruguay-2\\\/\"},\"author\":{\"name\":\"PuertoCdelU\",\"@id\":\"https:\\\/\\\/www.puertocdelu.com.ar\\\/#\\\/schema\\\/person\\\/9d258b923b29bd5f47ca80d9c8cd72d1\"},\"headline\":\"Contin\u00faan las exportaciones desde el puerto de Concepci\u00f3n del Uruguay\",\"datePublished\":\"2023-05-18T21:04:11+00:00\",\"dateModified\":\"2023-05-18T21:20:25+00:00\",\"mainEntityOfPage\":{\"@id\":\"https:\\\/\\\/www.puertocdelu.com.ar\\\/index.php\\\/2023\\\/05\\\/18\\\/continuan-las-exportaciones-desde-el-puerto-de-concepcion-del-uruguay-2\\\/\"},\"wordCount\":233,\"commentCount\":0,\"image\":{\"@id\":\"https:\\\/\\\/www.puertocdelu.com.ar\\\/index.php\\\/2023\\\/05\\\/18\\\/continuan-las-exportaciones-desde-el-puerto-de-concepcion-del-uruguay-2\\\/#primaryimage\"},\"thumbnailUrl\":\"https:\\\/\\\/www.puertocdelu.com.ar\\\/wp-content\\\/uploads\\\/2023\\\/05\\\/01.jpg\",\"articleSection\":[\"Noticias\"],\"inLanguage\":\"es\",\"potentialAction\":[{\"@type\":\"CommentAction\",\"name\":\"Comment\",\"target\":[\"https:\\\/\\\/www.puertocdelu.com.ar\\\/index.php\\\/2023\\\/05\\\/18\\\/continuan-las-exportaciones-desde-el-puerto-de-concepcion-del-uruguay-2\\\/#respond\"]}]},{\"@type\":\"WebPage\",\"@id\":\"https:\\\/\\\/www.puertocdelu.com.ar\\\/index.php\\\/2023\\\/05\\\/18\\\/continuan-las-exportaciones-desde-el-puerto-de-concepcion-del-uruguay-2\\\/\",\"url\":\"https:\\\/\\\/www.puertocdelu.com.ar\\\/index.php\\\/2023\\\/05\\\/18\\\/continuan-las-exportaciones-desde-el-puerto-de-concepcion-del-uruguay-2\\\/\",\"name\":\"Contin\u00faan las exportaciones desde el puerto de Concepci\u00f3n del Uruguay - Puerto de Concepci\u00f3n del Uruguay\",\"isPartOf\":{\"@id\":\"https:\\\/\\\/www.puertocdelu.com.ar\\\/#website\"},\"primaryImageOfPage\":{\"@id\":\"https:\\\/\\\/www.puertocdelu.com.ar\\\/index.php\\\/2023\\\/05\\\/18\\\/continuan-las-exportaciones-desde-el-puerto-de-concepcion-del-uruguay-2\\\/#primaryimage\"},\"image\":{\"@id\":\"https:\\\/\\\/www.puertocdelu.com.ar\\\/index.php\\\/2023\\\/05\\\/18\\\/continuan-las-exportaciones-desde-el-puerto-de-concepcion-del-uruguay-2\\\/#primaryimage\"},\"thumbnailUrl\":\"https:\\\/\\\/www.puertocdelu.com.ar\\\/wp-content\\\/uploads\\\/2023\\\/05\\\/01.jpg\",\"datePublished\":\"2023-05-18T21:04:11+00:00\",\"dateModified\":\"2023-05-18T21:20:25+00:00\",\"author\":{\"@id\":\"https:\\\/\\\/www.puertocdelu.com.ar\\\/#\\\/schema\\\/person\\\/9d258b923b29bd5f47ca80d9c8cd72d1\"},\"breadcrumb\":{\"@id\":\"https:\\\/\\\/www.puertocdelu.com.ar\\\/index.php\\\/2023\\\/05\\\/18\\\/continuan-las-exportaciones-desde-el-puerto-de-concepcion-del-uruguay-2\\\/#breadcrumb\"},\"inLanguage\":\"es\",\"potentialAction\":[{\"@type\":\"ReadAction\",\"target\":[\"https:\\\/\\\/www.puertocdelu.com.ar\\\/index.php\\\/2023\\\/05\\\/18\\\/continuan-las-exportaciones-desde-el-puerto-de-concepcion-del-uruguay-2\\\/\"]}]},{\"@type\":\"ImageObject\",\"inLanguage\":\"es\",\"@id\":\"https:\\\/\\\/www.puertocdelu.com.ar\\\/index.php\\\/2023\\\/05\\\/18\\\/continuan-las-exportaciones-desde-el-puerto-de-concepcion-del-uruguay-2\\\/#primaryimage\",\"url\":\"https:\\\/\\\/www.puertocdelu.com.ar\\\/wp-content\\\/uploads\\\/2023\\\/05\\\/01.jpg\",\"contentUrl\":\"https:\\\/\\\/www.puertocdelu.com.ar\\\/wp-content\\\/uploads\\\/2023\\\/05\\\/01.jpg\",\"width\":1083,\"height\":609,\"caption\":\"default\"},{\"@type\":\"BreadcrumbList\",\"@id\":\"https:\\\/\\\/www.puertocdelu.com.ar\\\/index.php\\\/2023\\\/05\\\/18\\\/continuan-las-exportaciones-desde-el-puerto-de-concepcion-del-uruguay-2\\\/#breadcrumb\",\"itemListElement\":[{\"@type\":\"ListItem\",\"position\":1,\"name\":\"Portada\",\"item\":\"https:\\\/\\\/www.puertocdelu.com.ar\\\/\"},{\"@type\":\"ListItem\",\"position\":2,\"name\":\"Contin\u00faan las exportaciones desde el puerto de Concepci\u00f3n del Uruguay\"}]},{\"@type\":\"WebSite\",\"@id\":\"https:\\\/\\\/www.puertocdelu.com.ar\\\/#website\",\"url\":\"https:\\\/\\\/www.puertocdelu.com.ar\\\/\",\"name\":\"Puerto de Concepci\u00f3n del Uruguay\",\"description\":\"\",\"potentialAction\":[{\"@type\":\"SearchAction\",\"target\":{\"@type\":\"EntryPoint\",\"urlTemplate\":\"https:\\\/\\\/www.puertocdelu.com.ar\\\/?s={search_term_string}\"},\"query-input\":{\"@type\":\"PropertyValueSpecification\",\"valueRequired\":true,\"valueName\":\"search_term_string\"}}],\"inLanguage\":\"es\"},{\"@type\":\"Person\",\"@id\":\"https:\\\/\\\/www.puertocdelu.com.ar\\\/#\\\/schema\\\/person\\\/9d258b923b29bd5f47ca80d9c8cd72d1\",\"name\":\"PuertoCdelU\",\"image\":{\"@type\":\"ImageObject\",\"inLanguage\":\"es\",\"@id\":\"https:\\\/\\\/secure.gravatar.com\\\/avatar\\\/99e38dea1727d397df18aced5ac6840012bb7f24c8570dcfafabb73086aed88c?s=96&d=mm&r=g\",\"url\":\"https:\\\/\\\/secure.gravatar.com\\\/avatar\\\/99e38dea1727d397df18aced5ac6840012bb7f24c8570dcfafabb73086aed88c?s=96&d=mm&r=g\",\"contentUrl\":\"https:\\\/\\\/secure.gravatar.com\\\/avatar\\\/99e38dea1727d397df18aced5ac6840012bb7f24c8570dcfafabb73086aed88c?s=96&d=mm&r=g\",\"caption\":\"PuertoCdelU\"},\"url\":\"https:\\\/\\\/www.puertocdelu.com.ar\\\/index.php\\\/author\\\/hectordelos1\\\/\"}]}<\/script>\n<!-- \/ Yoast SEO plugin. -->","yoast_head_json":{"title":"Contin\u00faan las exportaciones desde el puerto de Concepci\u00f3n del Uruguay - Puerto de Concepci\u00f3n del Uruguay","robots":{"index":"index","follow":"follow","max-snippet":"max-snippet:-1","max-image-preview":"max-image-preview:large","max-video-preview":"max-video-preview:-1"},"canonical":"https:\/\/www.puertocdelu.com.ar\/index.php\/2023\/05\/18\/continuan-las-exportaciones-desde-el-puerto-de-concepcion-del-uruguay-2\/","og_locale":"es_ES","og_type":"article","og_title":"Contin\u00faan las exportaciones desde el puerto de Concepci\u00f3n del Uruguay - Puerto de Concepci\u00f3n del Uruguay","og_description":"Este jueves por la tarde amarr\u00f3 en los muelles 3 y 4 del puerto de Concepci\u00f3n del Uruguay el buque African Condor para llevar adelante una nueva exportaci\u00f3n de troncos de pino a granel. Este carguero con bandera de Bahamas llega a Entre R\u00edos proveniente del puerto de Aveiro, en Portugal. Luego de cargar unas [&hellip;]","og_url":"https:\/\/www.puertocdelu.com.ar\/index.php\/2023\/05\/18\/continuan-las-exportaciones-desde-el-puerto-de-concepcion-del-uruguay-2\/","og_site_name":"Puerto de Concepci\u00f3n del Uruguay","article_published_time":"2023-05-18T21:04:11+00:00","article_modified_time":"2023-05-18T21:20:25+00:00","og_image":[{"width":1083,"height":609,"url":"https:\/\/www.puertocdelu.com.ar\/wp-content\/uploads\/2023\/05\/01.jpg","type":"image\/jpeg"}],"author":"PuertoCdelU","twitter_card":"summary_large_image","twitter_misc":{"Escrito por":"PuertoCdelU","Tiempo de lectura":"1 minuto"},"schema":{"@context":"https:\/\/schema.org","@graph":[{"@type":"Article","@id":"https:\/\/www.puertocdelu.com.ar\/index.php\/2023\/05\/18\/continuan-las-exportaciones-desde-el-puerto-de-concepcion-del-uruguay-2\/#article","isPartOf":{"@id":"https:\/\/www.puertocdelu.com.ar\/index.php\/2023\/05\/18\/continuan-las-exportaciones-desde-el-puerto-de-concepcion-del-uruguay-2\/"},"author":{"name":"PuertoCdelU","@id":"https:\/\/www.puertocdelu.com.ar\/#\/schema\/person\/9d258b923b29bd5f47ca80d9c8cd72d1"},"headline":"Contin\u00faan las exportaciones desde el puerto de Concepci\u00f3n del Uruguay","datePublished":"2023-05-18T21:04:11+00:00","dateModified":"2023-05-18T21:20:25+00:00","mainEntityOfPage":{"@id":"https:\/\/www.puertocdelu.com.ar\/index.php\/2023\/05\/18\/continuan-las-exportaciones-desde-el-puerto-de-concepcion-del-uruguay-2\/"},"wordCount":233,"commentCount":0,"image":{"@id":"https:\/\/www.puertocdelu.com.ar\/index.php\/2023\/05\/18\/continuan-las-exportaciones-desde-el-puerto-de-concepcion-del-uruguay-2\/#primaryimage"},"thumbnailUrl":"https:\/\/www.puertocdelu.com.ar\/wp-content\/uploads\/2023\/05\/01.jpg","articleSection":["Noticias"],"inLanguage":"es","potentialAction":[{"@type":"CommentAction","name":"Comment","target":["https:\/\/www.puertocdelu.com.ar\/index.php\/2023\/05\/18\/continuan-las-exportaciones-desde-el-puerto-de-concepcion-del-uruguay-2\/#respond"]}]},{"@type":"WebPage","@id":"https:\/\/www.puertocdelu.com.ar\/index.php\/2023\/05\/18\/continuan-las-exportaciones-desde-el-puerto-de-concepcion-del-uruguay-2\/","url":"https:\/\/www.puertocdelu.com.ar\/index.php\/2023\/05\/18\/continuan-las-exportaciones-desde-el-puerto-de-concepcion-del-uruguay-2\/","name":"Contin\u00faan las exportaciones desde el puerto de Concepci\u00f3n del Uruguay - Puerto de Concepci\u00f3n del Uruguay","isPartOf":{"@id":"https:\/\/www.puertocdelu.com.ar\/#website"},"primaryImageOfPage":{"@id":"https:\/\/www.puertocdelu.com.ar\/index.php\/2023\/05\/18\/continuan-las-exportaciones-desde-el-puerto-de-concepcion-del-uruguay-2\/#primaryimage"},"image":{"@id":"https:\/\/www.puertocdelu.com.ar\/index.php\/2023\/05\/18\/continuan-las-exportaciones-desde-el-puerto-de-concepcion-del-uruguay-2\/#primaryimage"},"thumbnailUrl":"https:\/\/www.puertocdelu.com.ar\/wp-content\/uploads\/2023\/05\/01.jpg","datePublished":"2023-05-18T21:04:11+00:00","dateModified":"2023-05-18T21:20:25+00:00","author":{"@id":"https:\/\/www.puertocdelu.com.ar\/#\/schema\/person\/9d258b923b29bd5f47ca80d9c8cd72d1"},"breadcrumb":{"@id":"https:\/\/www.puertocdelu.com.ar\/index.php\/2023\/05\/18\/continuan-las-exportaciones-desde-el-puerto-de-concepcion-del-uruguay-2\/#breadcrumb"},"inLanguage":"es","potentialAction":[{"@type":"ReadAction","target":["https:\/\/www.puertocdelu.com.ar\/index.php\/2023\/05\/18\/continuan-las-exportaciones-desde-el-puerto-de-concepcion-del-uruguay-2\/"]}]},{"@type":"ImageObject","inLanguage":"es","@id":"https:\/\/www.puertocdelu.com.ar\/index.php\/2023\/05\/18\/continuan-las-exportaciones-desde-el-puerto-de-concepcion-del-uruguay-2\/#primaryimage","url":"https:\/\/www.puertocdelu.com.ar\/wp-content\/uploads\/2023\/05\/01.jpg","contentUrl":"https:\/\/www.puertocdelu.com.ar\/wp-content\/uploads\/2023\/05\/01.jpg","width":1083,"height":609,"caption":"default"},{"@type":"BreadcrumbList","@id":"https:\/\/www.puertocdelu.com.ar\/index.php\/2023\/05\/18\/continuan-las-exportaciones-desde-el-puerto-de-concepcion-del-uruguay-2\/#breadcrumb","itemListElement":[{"@type":"ListItem","position":1,"name":"Portada","item":"https:\/\/www.puertocdelu.com.ar\/"},{"@type":"ListItem","position":2,"name":"Contin\u00faan las exportaciones desde el puerto de Concepci\u00f3n del Uruguay"}]},{"@type":"WebSite","@id":"https:\/\/www.puertocdelu.com.ar\/#website","url":"https:\/\/www.puertocdelu.com.ar\/","name":"Puerto de Concepci\u00f3n del Uruguay","description":"","potentialAction":[{"@type":"SearchAction","target":{"@type":"EntryPoint","urlTemplate":"https:\/\/www.puertocdelu.com.ar\/?s={search_term_string}"},"query-input":{"@type":"PropertyValueSpecification","valueRequired":true,"valueName":"search_term_string"}}],"inLanguage":"es"},{"@type":"Person","@id":"https:\/\/www.puertocdelu.com.ar\/#\/schema\/person\/9d258b923b29bd5f47ca80d9c8cd72d1","name":"PuertoCdelU","image":{"@type":"ImageObject","inLanguage":"es","@id":"https:\/\/secure.gravatar.com\/avatar\/99e38dea1727d397df18aced5ac6840012bb7f24c8570dcfafabb73086aed88c?s=96&d=mm&r=g","url":"https:\/\/secure.gravatar.com\/avatar\/99e38dea1727d397df18aced5ac6840012bb7f24c8570dcfafabb73086aed88c?s=96&d=mm&r=g","contentUrl":"https:\/\/secure.gravatar.com\/avatar\/99e38dea1727d397df18aced5ac6840012bb7f24c8570dcfafabb73086aed88c?s=96&d=mm&r=g","caption":"PuertoCdelU"},"url":"https:\/\/www.puertocdelu.com.ar\/index.php\/author\/hectordelos1\/"}]}},"_links":{"self":[{"href":"https:\/\/www.puertocdelu.com.ar\/index.php\/wp-json\/wp\/v2\/posts\/2581","targetHints":{"allow":["GET"]}}],"collection":[{"href":"https:\/\/www.puertocdelu.com.ar\/index.php\/wp-json\/wp\/v2\/posts"}],"about":[{"href":"https:\/\/www.puertocdelu.com.ar\/index.php\/wp-json\/wp\/v2\/types\/post"}],"author":[{"embeddable":true,"href":"https:\/\/www.puertocdelu.com.ar\/index.php\/wp-json\/wp\/v2\/users\/1"}],"replies":[{"embeddable":true,"href":"https:\/\/www.puertocdelu.com.ar\/index.php\/wp-json\/wp\/v2\/comments?post=2581"}],"version-history":[{"count":3,"href":"https:\/\/www.puertocdelu.com.ar\/index.php\/wp-json\/wp\/v2\/posts\/2581\/revisions"}],"predecessor-version":[{"id":2586,"href":"https:\/\/www.puertocdelu.com.ar\/index.php\/wp-json\/wp\/v2\/posts\/2581\/revisions\/2586"}],"wp:featuredmedia":[{"embeddable":true,"href":"https:\/\/www.puertocdelu.com.ar\/index.php\/wp-json\/wp\/v2\/media\/2582"}],"wp:attachment":[{"href":"https:\/\/www.puertocdelu.com.ar\/index.php\/wp-json\/wp\/v2\/media?parent=2581"}],"wp:term":[{"taxonomy":"category","embeddable":true,"href":"https:\/\/www.puertocdelu.com.ar\/index.php\/wp-json\/wp\/v2\/categories?post=2581"},{"taxonomy":"post_tag","embeddable":true,"href":"https:\/\/www.puertocdelu.com.ar\/index.php\/wp-json\/wp\/v2\/tags?post=2581"}],"curies":[{"name":"wp","href":"https:\/\/api.w.org\/{rel}","templated":true}]}}