{"id":2604,"date":"2023-05-30T23:22:51","date_gmt":"2023-05-30T23:22:51","guid":{"rendered":"https:\/\/www.puertocdelu.com.ar\/?p=2604"},"modified":"2023-08-16T23:23:24","modified_gmt":"2023-08-16T23:23:24","slug":"la-industria-forestal-suma-productos-para-exportar","status":"publish","type":"post","link":"https:\/\/www.puertocdelu.com.ar\/index.php\/2023\/05\/30\/la-industria-forestal-suma-productos-para-exportar\/","title":{"rendered":"La industria forestal suma productos para exportar"},"content":{"rendered":"<p>Este martes lleg\u00f3 el buque Bunum Miracle al puerto de Concepci\u00f3n del Uruguay para comenzar una nueva exportaci\u00f3n que incluir\u00e1, en este caso, dos tipos de productos forestales.<\/p>\n<p>En el marco de un trabajo de apertura de nuevos mercados para la industria forestal entrerriana, este buque incluir\u00e1 media bodega de troncos de eucualipto a granel con destino a la India.<\/p>\n<p>Esta exportaci\u00f3n se llevar\u00e1 adelante como una muestra comercial para los diferentes usos que pretende darle el mercado indio a este tipo de producci\u00f3n.<\/p>\n<p>El resto de la carga se completar\u00e1 con troncos de pino, un producto regional que sum\u00f3 a la India como uno de los principales destinos junto con China.<\/p>\n<p>El Bunum Miracle es un buque de 180 metros de eslora que navega bajo bandera de Panam\u00e1. Tiene tres a\u00f1os de antiguedad y llego a aguas argentinas hace poco m\u00e1s de una semana cargado con productos que fueron destinados al puerto de Campana. El arribo al puerto de Concepci\u00f3n del Uruguay se produjo en la tarde de este martes y qued\u00f3 amarrado en los muelles 3 y 4. La operatoria comenz\u00f3 en horas de la noche y se prev\u00e9 que continuar\u00e1 hasta el d\u00eda viernes o s\u00e1bado hasta completar 18.000 toneladas. Finalmente se trasladar\u00e1 hasta el puerto de Ibicuy donde completar\u00e1 sus bodegas para trasladarse hacia su destino en el puerto de Kandla, en la India.<\/p>\n","protected":false},"excerpt":{"rendered":"<p>Este martes lleg\u00f3 el buque Bunum Miracle al puerto de Concepci\u00f3n del Uruguay para comenzar una nueva exportaci\u00f3n que incluir\u00e1, en este caso, dos tipos de productos forestales. En el marco de un trabajo de apertura de nuevos mercados para la industria forestal entrerriana, este buque incluir\u00e1 media bodega de troncos de eucualipto a granel [&hellip;]<\/p>\n","protected":false},"author":1,"featured_media":2605,"comment_status":"open","ping_status":"open","sticky":false,"template":"","format":"standard","meta":{"footnotes":""},"categories":[81],"tags":[],"class_list":{"0":"post-2604","1":"post","2":"type-post","3":"status-publish","4":"format-standard","5":"has-post-thumbnail","7":"category-noticias"},"yoast_head":"<!-- This site is optimized with the Yoast SEO plugin v27.4 - https:\/\/yoast.com\/product\/yoast-seo-wordpress\/ -->\n<title>La industria forestal suma productos para exportar - Puerto de Concepci\u00f3n del Uruguay<\/title>\n<meta name=\"robots\" content=\"index, follow, max-snippet:-1, max-image-preview:large, max-video-preview:-1\" \/>\n<link rel=\"canonical\" href=\"https:\/\/www.puertocdelu.com.ar\/index.php\/2023\/05\/30\/la-industria-forestal-suma-productos-para-exportar\/\" \/>\n<meta property=\"og:locale\" content=\"es_ES\" \/>\n<meta property=\"og:type\" content=\"article\" \/>\n<meta property=\"og:title\" content=\"La industria forestal suma productos para exportar - Puerto de Concepci\u00f3n del Uruguay\" \/>\n<meta property=\"og:description\" content=\"Este martes lleg\u00f3 el buque Bunum Miracle al puerto de Concepci\u00f3n del Uruguay para comenzar una nueva exportaci\u00f3n que incluir\u00e1, en este caso, dos tipos de productos forestales. En el marco de un trabajo de apertura de nuevos mercados para la industria forestal entrerriana, este buque incluir\u00e1 media bodega de troncos de eucualipto a granel [&hellip;]\" \/>\n<meta property=\"og:url\" content=\"https:\/\/www.puertocdelu.com.ar\/index.php\/2023\/05\/30\/la-industria-forestal-suma-productos-para-exportar\/\" \/>\n<meta property=\"og:site_name\" content=\"Puerto de Concepci\u00f3n del Uruguay\" \/>\n<meta property=\"article:published_time\" content=\"2023-05-30T23:22:51+00:00\" \/>\n<meta property=\"article:modified_time\" content=\"2023-08-16T23:23:24+00:00\" \/>\n<meta property=\"og:image\" content=\"https:\/\/www.puertocdelu.com.ar\/wp-content\/uploads\/2023\/08\/4.jpeg\" \/>\n\t<meta property=\"og:image:width\" content=\"1024\" \/>\n\t<meta property=\"og:image:height\" content=\"576\" \/>\n\t<meta property=\"og:image:type\" content=\"image\/jpeg\" \/>\n<meta name=\"author\" content=\"PuertoCdelU\" \/>\n<meta name=\"twitter:card\" content=\"summary_large_image\" \/>\n<meta name=\"twitter:label1\" content=\"Escrito por\" \/>\n\t<meta name=\"twitter:data1\" content=\"PuertoCdelU\" \/>\n\t<meta name=\"twitter:label2\" content=\"Tiempo de lectura\" \/>\n\t<meta name=\"twitter:data2\" content=\"1 minuto\" \/>\n<script type=\"application\/ld+json\" class=\"yoast-schema-graph\">{\"@context\":\"https:\\\/\\\/schema.org\",\"@graph\":[{\"@type\":\"Article\",\"@id\":\"https:\\\/\\\/www.puertocdelu.com.ar\\\/index.php\\\/2023\\\/05\\\/30\\\/la-industria-forestal-suma-productos-para-exportar\\\/#article\",\"isPartOf\":{\"@id\":\"https:\\\/\\\/www.puertocdelu.com.ar\\\/index.php\\\/2023\\\/05\\\/30\\\/la-industria-forestal-suma-productos-para-exportar\\\/\"},\"author\":{\"name\":\"PuertoCdelU\",\"@id\":\"https:\\\/\\\/www.puertocdelu.com.ar\\\/#\\\/schema\\\/person\\\/9d258b923b29bd5f47ca80d9c8cd72d1\"},\"headline\":\"La industria forestal suma productos para exportar\",\"datePublished\":\"2023-05-30T23:22:51+00:00\",\"dateModified\":\"2023-08-16T23:23:24+00:00\",\"mainEntityOfPage\":{\"@id\":\"https:\\\/\\\/www.puertocdelu.com.ar\\\/index.php\\\/2023\\\/05\\\/30\\\/la-industria-forestal-suma-productos-para-exportar\\\/\"},\"wordCount\":240,\"commentCount\":0,\"image\":{\"@id\":\"https:\\\/\\\/www.puertocdelu.com.ar\\\/index.php\\\/2023\\\/05\\\/30\\\/la-industria-forestal-suma-productos-para-exportar\\\/#primaryimage\"},\"thumbnailUrl\":\"https:\\\/\\\/www.puertocdelu.com.ar\\\/wp-content\\\/uploads\\\/2023\\\/08\\\/4.jpeg\",\"articleSection\":[\"Noticias\"],\"inLanguage\":\"es\",\"potentialAction\":[{\"@type\":\"CommentAction\",\"name\":\"Comment\",\"target\":[\"https:\\\/\\\/www.puertocdelu.com.ar\\\/index.php\\\/2023\\\/05\\\/30\\\/la-industria-forestal-suma-productos-para-exportar\\\/#respond\"]}]},{\"@type\":\"WebPage\",\"@id\":\"https:\\\/\\\/www.puertocdelu.com.ar\\\/index.php\\\/2023\\\/05\\\/30\\\/la-industria-forestal-suma-productos-para-exportar\\\/\",\"url\":\"https:\\\/\\\/www.puertocdelu.com.ar\\\/index.php\\\/2023\\\/05\\\/30\\\/la-industria-forestal-suma-productos-para-exportar\\\/\",\"name\":\"La industria forestal suma productos para exportar - Puerto de Concepci\u00f3n del Uruguay\",\"isPartOf\":{\"@id\":\"https:\\\/\\\/www.puertocdelu.com.ar\\\/#website\"},\"primaryImageOfPage\":{\"@id\":\"https:\\\/\\\/www.puertocdelu.com.ar\\\/index.php\\\/2023\\\/05\\\/30\\\/la-industria-forestal-suma-productos-para-exportar\\\/#primaryimage\"},\"image\":{\"@id\":\"https:\\\/\\\/www.puertocdelu.com.ar\\\/index.php\\\/2023\\\/05\\\/30\\\/la-industria-forestal-suma-productos-para-exportar\\\/#primaryimage\"},\"thumbnailUrl\":\"https:\\\/\\\/www.puertocdelu.com.ar\\\/wp-content\\\/uploads\\\/2023\\\/08\\\/4.jpeg\",\"datePublished\":\"2023-05-30T23:22:51+00:00\",\"dateModified\":\"2023-08-16T23:23:24+00:00\",\"author\":{\"@id\":\"https:\\\/\\\/www.puertocdelu.com.ar\\\/#\\\/schema\\\/person\\\/9d258b923b29bd5f47ca80d9c8cd72d1\"},\"breadcrumb\":{\"@id\":\"https:\\\/\\\/www.puertocdelu.com.ar\\\/index.php\\\/2023\\\/05\\\/30\\\/la-industria-forestal-suma-productos-para-exportar\\\/#breadcrumb\"},\"inLanguage\":\"es\",\"potentialAction\":[{\"@type\":\"ReadAction\",\"target\":[\"https:\\\/\\\/www.puertocdelu.com.ar\\\/index.php\\\/2023\\\/05\\\/30\\\/la-industria-forestal-suma-productos-para-exportar\\\/\"]}]},{\"@type\":\"ImageObject\",\"inLanguage\":\"es\",\"@id\":\"https:\\\/\\\/www.puertocdelu.com.ar\\\/index.php\\\/2023\\\/05\\\/30\\\/la-industria-forestal-suma-productos-para-exportar\\\/#primaryimage\",\"url\":\"https:\\\/\\\/www.puertocdelu.com.ar\\\/wp-content\\\/uploads\\\/2023\\\/08\\\/4.jpeg\",\"contentUrl\":\"https:\\\/\\\/www.puertocdelu.com.ar\\\/wp-content\\\/uploads\\\/2023\\\/08\\\/4.jpeg\",\"width\":1024,\"height\":576},{\"@type\":\"BreadcrumbList\",\"@id\":\"https:\\\/\\\/www.puertocdelu.com.ar\\\/index.php\\\/2023\\\/05\\\/30\\\/la-industria-forestal-suma-productos-para-exportar\\\/#breadcrumb\",\"itemListElement\":[{\"@type\":\"ListItem\",\"position\":1,\"name\":\"Portada\",\"item\":\"https:\\\/\\\/www.puertocdelu.com.ar\\\/\"},{\"@type\":\"ListItem\",\"position\":2,\"name\":\"La industria forestal suma productos para exportar\"}]},{\"@type\":\"WebSite\",\"@id\":\"https:\\\/\\\/www.puertocdelu.com.ar\\\/#website\",\"url\":\"https:\\\/\\\/www.puertocdelu.com.ar\\\/\",\"name\":\"Puerto de Concepci\u00f3n del Uruguay\",\"description\":\"\",\"potentialAction\":[{\"@type\":\"SearchAction\",\"target\":{\"@type\":\"EntryPoint\",\"urlTemplate\":\"https:\\\/\\\/www.puertocdelu.com.ar\\\/?s={search_term_string}\"},\"query-input\":{\"@type\":\"PropertyValueSpecification\",\"valueRequired\":true,\"valueName\":\"search_term_string\"}}],\"inLanguage\":\"es\"},{\"@type\":\"Person\",\"@id\":\"https:\\\/\\\/www.puertocdelu.com.ar\\\/#\\\/schema\\\/person\\\/9d258b923b29bd5f47ca80d9c8cd72d1\",\"name\":\"PuertoCdelU\",\"image\":{\"@type\":\"ImageObject\",\"inLanguage\":\"es\",\"@id\":\"https:\\\/\\\/secure.gravatar.com\\\/avatar\\\/99e38dea1727d397df18aced5ac6840012bb7f24c8570dcfafabb73086aed88c?s=96&d=mm&r=g\",\"url\":\"https:\\\/\\\/secure.gravatar.com\\\/avatar\\\/99e38dea1727d397df18aced5ac6840012bb7f24c8570dcfafabb73086aed88c?s=96&d=mm&r=g\",\"contentUrl\":\"https:\\\/\\\/secure.gravatar.com\\\/avatar\\\/99e38dea1727d397df18aced5ac6840012bb7f24c8570dcfafabb73086aed88c?s=96&d=mm&r=g\",\"caption\":\"PuertoCdelU\"},\"url\":\"https:\\\/\\\/www.puertocdelu.com.ar\\\/index.php\\\/author\\\/hectordelos1\\\/\"}]}<\/script>\n<!-- \/ Yoast SEO plugin. -->","yoast_head_json":{"title":"La industria forestal suma productos para exportar - Puerto de Concepci\u00f3n del Uruguay","robots":{"index":"index","follow":"follow","max-snippet":"max-snippet:-1","max-image-preview":"max-image-preview:large","max-video-preview":"max-video-preview:-1"},"canonical":"https:\/\/www.puertocdelu.com.ar\/index.php\/2023\/05\/30\/la-industria-forestal-suma-productos-para-exportar\/","og_locale":"es_ES","og_type":"article","og_title":"La industria forestal suma productos para exportar - Puerto de Concepci\u00f3n del Uruguay","og_description":"Este martes lleg\u00f3 el buque Bunum Miracle al puerto de Concepci\u00f3n del Uruguay para comenzar una nueva exportaci\u00f3n que incluir\u00e1, en este caso, dos tipos de productos forestales. En el marco de un trabajo de apertura de nuevos mercados para la industria forestal entrerriana, este buque incluir\u00e1 media bodega de troncos de eucualipto a granel [&hellip;]","og_url":"https:\/\/www.puertocdelu.com.ar\/index.php\/2023\/05\/30\/la-industria-forestal-suma-productos-para-exportar\/","og_site_name":"Puerto de Concepci\u00f3n del Uruguay","article_published_time":"2023-05-30T23:22:51+00:00","article_modified_time":"2023-08-16T23:23:24+00:00","og_image":[{"width":1024,"height":576,"url":"https:\/\/www.puertocdelu.com.ar\/wp-content\/uploads\/2023\/08\/4.jpeg","type":"image\/jpeg"}],"author":"PuertoCdelU","twitter_card":"summary_large_image","twitter_misc":{"Escrito por":"PuertoCdelU","Tiempo de lectura":"1 minuto"},"schema":{"@context":"https:\/\/schema.org","@graph":[{"@type":"Article","@id":"https:\/\/www.puertocdelu.com.ar\/index.php\/2023\/05\/30\/la-industria-forestal-suma-productos-para-exportar\/#article","isPartOf":{"@id":"https:\/\/www.puertocdelu.com.ar\/index.php\/2023\/05\/30\/la-industria-forestal-suma-productos-para-exportar\/"},"author":{"name":"PuertoCdelU","@id":"https:\/\/www.puertocdelu.com.ar\/#\/schema\/person\/9d258b923b29bd5f47ca80d9c8cd72d1"},"headline":"La industria forestal suma productos para exportar","datePublished":"2023-05-30T23:22:51+00:00","dateModified":"2023-08-16T23:23:24+00:00","mainEntityOfPage":{"@id":"https:\/\/www.puertocdelu.com.ar\/index.php\/2023\/05\/30\/la-industria-forestal-suma-productos-para-exportar\/"},"wordCount":240,"commentCount":0,"image":{"@id":"https:\/\/www.puertocdelu.com.ar\/index.php\/2023\/05\/30\/la-industria-forestal-suma-productos-para-exportar\/#primaryimage"},"thumbnailUrl":"https:\/\/www.puertocdelu.com.ar\/wp-content\/uploads\/2023\/08\/4.jpeg","articleSection":["Noticias"],"inLanguage":"es","potentialAction":[{"@type":"CommentAction","name":"Comment","target":["https:\/\/www.puertocdelu.com.ar\/index.php\/2023\/05\/30\/la-industria-forestal-suma-productos-para-exportar\/#respond"]}]},{"@type":"WebPage","@id":"https:\/\/www.puertocdelu.com.ar\/index.php\/2023\/05\/30\/la-industria-forestal-suma-productos-para-exportar\/","url":"https:\/\/www.puertocdelu.com.ar\/index.php\/2023\/05\/30\/la-industria-forestal-suma-productos-para-exportar\/","name":"La industria forestal suma productos para exportar - Puerto de Concepci\u00f3n del Uruguay","isPartOf":{"@id":"https:\/\/www.puertocdelu.com.ar\/#website"},"primaryImageOfPage":{"@id":"https:\/\/www.puertocdelu.com.ar\/index.php\/2023\/05\/30\/la-industria-forestal-suma-productos-para-exportar\/#primaryimage"},"image":{"@id":"https:\/\/www.puertocdelu.com.ar\/index.php\/2023\/05\/30\/la-industria-forestal-suma-productos-para-exportar\/#primaryimage"},"thumbnailUrl":"https:\/\/www.puertocdelu.com.ar\/wp-content\/uploads\/2023\/08\/4.jpeg","datePublished":"2023-05-30T23:22:51+00:00","dateModified":"2023-08-16T23:23:24+00:00","author":{"@id":"https:\/\/www.puertocdelu.com.ar\/#\/schema\/person\/9d258b923b29bd5f47ca80d9c8cd72d1"},"breadcrumb":{"@id":"https:\/\/www.puertocdelu.com.ar\/index.php\/2023\/05\/30\/la-industria-forestal-suma-productos-para-exportar\/#breadcrumb"},"inLanguage":"es","potentialAction":[{"@type":"ReadAction","target":["https:\/\/www.puertocdelu.com.ar\/index.php\/2023\/05\/30\/la-industria-forestal-suma-productos-para-exportar\/"]}]},{"@type":"ImageObject","inLanguage":"es","@id":"https:\/\/www.puertocdelu.com.ar\/index.php\/2023\/05\/30\/la-industria-forestal-suma-productos-para-exportar\/#primaryimage","url":"https:\/\/www.puertocdelu.com.ar\/wp-content\/uploads\/2023\/08\/4.jpeg","contentUrl":"https:\/\/www.puertocdelu.com.ar\/wp-content\/uploads\/2023\/08\/4.jpeg","width":1024,"height":576},{"@type":"BreadcrumbList","@id":"https:\/\/www.puertocdelu.com.ar\/index.php\/2023\/05\/30\/la-industria-forestal-suma-productos-para-exportar\/#breadcrumb","itemListElement":[{"@type":"ListItem","position":1,"name":"Portada","item":"https:\/\/www.puertocdelu.com.ar\/"},{"@type":"ListItem","position":2,"name":"La industria forestal suma productos para exportar"}]},{"@type":"WebSite","@id":"https:\/\/www.puertocdelu.com.ar\/#website","url":"https:\/\/www.puertocdelu.com.ar\/","name":"Puerto de Concepci\u00f3n del Uruguay","description":"","potentialAction":[{"@type":"SearchAction","target":{"@type":"EntryPoint","urlTemplate":"https:\/\/www.puertocdelu.com.ar\/?s={search_term_string}"},"query-input":{"@type":"PropertyValueSpecification","valueRequired":true,"valueName":"search_term_string"}}],"inLanguage":"es"},{"@type":"Person","@id":"https:\/\/www.puertocdelu.com.ar\/#\/schema\/person\/9d258b923b29bd5f47ca80d9c8cd72d1","name":"PuertoCdelU","image":{"@type":"ImageObject","inLanguage":"es","@id":"https:\/\/secure.gravatar.com\/avatar\/99e38dea1727d397df18aced5ac6840012bb7f24c8570dcfafabb73086aed88c?s=96&d=mm&r=g","url":"https:\/\/secure.gravatar.com\/avatar\/99e38dea1727d397df18aced5ac6840012bb7f24c8570dcfafabb73086aed88c?s=96&d=mm&r=g","contentUrl":"https:\/\/secure.gravatar.com\/avatar\/99e38dea1727d397df18aced5ac6840012bb7f24c8570dcfafabb73086aed88c?s=96&d=mm&r=g","caption":"PuertoCdelU"},"url":"https:\/\/www.puertocdelu.com.ar\/index.php\/author\/hectordelos1\/"}]}},"_links":{"self":[{"href":"https:\/\/www.puertocdelu.com.ar\/index.php\/wp-json\/wp\/v2\/posts\/2604","targetHints":{"allow":["GET"]}}],"collection":[{"href":"https:\/\/www.puertocdelu.com.ar\/index.php\/wp-json\/wp\/v2\/posts"}],"about":[{"href":"https:\/\/www.puertocdelu.com.ar\/index.php\/wp-json\/wp\/v2\/types\/post"}],"author":[{"embeddable":true,"href":"https:\/\/www.puertocdelu.com.ar\/index.php\/wp-json\/wp\/v2\/users\/1"}],"replies":[{"embeddable":true,"href":"https:\/\/www.puertocdelu.com.ar\/index.php\/wp-json\/wp\/v2\/comments?post=2604"}],"version-history":[{"count":1,"href":"https:\/\/www.puertocdelu.com.ar\/index.php\/wp-json\/wp\/v2\/posts\/2604\/revisions"}],"predecessor-version":[{"id":2606,"href":"https:\/\/www.puertocdelu.com.ar\/index.php\/wp-json\/wp\/v2\/posts\/2604\/revisions\/2606"}],"wp:featuredmedia":[{"embeddable":true,"href":"https:\/\/www.puertocdelu.com.ar\/index.php\/wp-json\/wp\/v2\/media\/2605"}],"wp:attachment":[{"href":"https:\/\/www.puertocdelu.com.ar\/index.php\/wp-json\/wp\/v2\/media?parent=2604"}],"wp:term":[{"taxonomy":"category","embeddable":true,"href":"https:\/\/www.puertocdelu.com.ar\/index.php\/wp-json\/wp\/v2\/categories?post=2604"},{"taxonomy":"post_tag","embeddable":true,"href":"https:\/\/www.puertocdelu.com.ar\/index.php\/wp-json\/wp\/v2\/tags?post=2604"}],"curies":[{"name":"wp","href":"https:\/\/api.w.org\/{rel}","templated":true}]}}