{"id":2654,"date":"2023-09-06T10:24:23","date_gmt":"2023-09-06T10:24:23","guid":{"rendered":"https:\/\/www.puertocdelu.com.ar\/?p=2654"},"modified":"2023-09-07T10:28:40","modified_gmt":"2023-09-07T10:28:40","slug":"bordet-y-autoridades-uruguayas-impulsan-llevar-navegabilidad-del-rio-uruguay-a-los-34-pies-para-potenciar-el-desarrollo","status":"publish","type":"post","link":"https:\/\/www.puertocdelu.com.ar\/index.php\/2023\/09\/06\/bordet-y-autoridades-uruguayas-impulsan-llevar-navegabilidad-del-rio-uruguay-a-los-34-pies-para-potenciar-el-desarrollo\/","title":{"rendered":"Bordet y autoridades uruguayas impulsan llevar navegabilidad del r\u00edo Uruguay a los 34 pies para potenciar el desarrollo"},"content":{"rendered":"<p>El gobernador, Gustavo Bordet y el intendente de R\u00edo Negro, Uruguay, Omar Lafluf, encabezaron una reuni\u00f3n de trabajo en Fray Bentos para impulsar el dragado del r\u00edo Uruguay a 34 pies, permitir que las exportaciones salgan directamente a los pa\u00edses de destino y mejorar la competitividad de la regi\u00f3n.<\/p>\n<p>El encuentro se realiz\u00f3 este martes en la Sala Ruggia, del palacio municipal de R\u00edo Negro, Fray Bentos, Uruguay. Particip\u00f3, adem\u00e1s, el director de la oficina de Planeamiento y Presupuesto de Presidencia de la Rep\u00fablica Oriental del Uruguay, Isaac Alfie.<\/p>\n<p>\u201cEsta reuni\u00f3n tiene la importancia de consolidar lo que se viene trabajando desde hace muchos a\u00f1os\u201d, dijo Bordet tras el encuentro y record\u00f3 que comenzaron a trabajar en la navegabilidad del R\u00edo Uruguay cuando fue intendente de Concordia: \u201cEn 2010 nos conocimos con Omar Lafluf y otros intendentes de ambas m\u00e1rgenes del R\u00edo Uruguay, y nos propusimos un cometido que era poder materializar el dragado para poner en marcha la hidrov\u00eda del R\u00edo Uruguay\u201d, rememor\u00f3.<\/p>\n<p>\u201cEl tiempo nos dio los frutos y pudimos tener hoy un dragado a 23 pies y su mantenimiento\u201d, resalt\u00f3 el mandatario y agreg\u00f3: \u201cEsto nos permiti\u00f3 por ejemplo, poner operativo nuevamente el puerto de Concepci\u00f3n del Uruguay, desde donde est\u00e1n saliendo ya buques de ultramar que completan su carga en otro puerto entrerriano, en Ibicuy, para ir a destino de exportaci\u00f3n a distintos puntos del mundo\u201d, explic\u00f3.<\/p>\n<p>En ese sentido se refiri\u00f3 a la importancia estrat\u00e9gica de seguir avanzando en el trabajo del Comit\u00e9 de Cuenca y expres\u00f3: \u201cEs necesario darle mayor sostenibilidad a la hidrov\u00eda del R\u00edo Uruguay, y se va a lograr cuando alcancemos la meta que nos propusimos: llegar a un dragado de 34 pies que nos permita salir desde los puertos de ambas m\u00e1rgenes del R\u00edo Uruguay directo a los pa\u00edses de destino de nuestras exportaciones. Y no solo con cargas a granel, sino tambi\u00e9n con contenedores, para darles una mayor competitividad a nuestros productores\u201d. \u201cEsto es algo en lo que el intendente (Omar) Lafluf ha trabajado incansablemente\u201d, valor\u00f3.<\/p>\n<p>Por \u00faltimo, inform\u00f3 que en la oportunidad, adem\u00e1s, se abordaron otros temas inherentes al funcionamiento del espacio binacional, y varios proyectos m\u00e1s. \u201cPor eso, ha sido una muy buena reuni\u00f3n que afianza y consolida el Comit\u00e9 de Cuencas con el prop\u00f3sito com\u00fan de hacer navegable nuestro R\u00edo Uruguay a 34 pies\u201d, concluy\u00f3 Bordet.<\/p>\n<p>Participaron, tambi\u00e9n del encuentro, los presidentes de las delegaciones uruguayas y argentinas en la Comisi\u00f3n Administradora del R\u00edo Uruguay (CARU), Mario Ayala y Jos\u00e9 Eduardo Laurito, respectivamente; el presidente del puerto de Concepci\u00f3n del Uruguay, Marcelo Gay Balmaz; y la presidenta de la fundaci\u00f3n Iapser, Mariel \u00c1vila.<\/p>\n<p>Un trabajo conjunto para avanzar<\/p>\n<p>Por su parte, el intendente de Rio Negro, Uruguay, Omar Lafluf Hebeich, dijo que se trat\u00f3 de \u201cotra jornada de felicidad para el departamento y para la regi\u00f3n, por poder estar trabajando en conjunto con los amigos argentinos.\u201d<\/p>\n<p>Precis\u00f3, que se trat\u00f3 de \u00abuna convocatoria que hicimos nosotros para avanzar y seguir trabajando en el tema de la navegabilidad del R\u00edo Uruguay\u201d, al tiempo que record\u00f3 que \u201cha sido siempre un tema recurrente\u201d.<\/p>\n<p>\u201cY yo tengo la alegr\u00eda de decir hoy que hemos encontrado en todo este equipo de gente que comparte lo mismo que compartimos nosotros, la misma necesidad de poder usar y navegar el R\u00edo Uruguay, de dinamizar nuestros puertos, de desarrollar nuestras comunidades, de generar empleo, trabajo y bienestar para nuestra comunidad. Ese el objetivo y es el objetivo que compartimos entre todos\u201d, remarc\u00f3 el intendente de R\u00edo Negro.<\/p>\n<p>\u00abLes puedo asegurar que en la reuni\u00f3n de hoy vimos concretamente que vamos avanzando y que la decisi\u00f3n de llegar a los 34 pies es tangible, es correcta y estamos en ese camino\u00bb, asegur\u00f3 el intendente de Rio Negro, Uruguay, Omar Lafluf Hebeich.<\/p>\n","protected":false},"excerpt":{"rendered":"<p>El gobernador, Gustavo Bordet y el intendente de R\u00edo Negro, Uruguay, Omar Lafluf, encabezaron una reuni\u00f3n de trabajo en Fray Bentos para impulsar el dragado del r\u00edo Uruguay a 34 pies, permitir que las exportaciones salgan directamente a los pa\u00edses de destino y mejorar la competitividad de la regi\u00f3n. El encuentro se realiz\u00f3 este martes [&hellip;]<\/p>\n","protected":false},"author":1,"featured_media":2655,"comment_status":"open","ping_status":"open","sticky":false,"template":"","format":"standard","meta":{"footnotes":""},"categories":[81],"tags":[],"class_list":{"0":"post-2654","1":"post","2":"type-post","3":"status-publish","4":"format-standard","5":"has-post-thumbnail","7":"category-noticias"},"yoast_head":"<!-- This site is optimized with the Yoast SEO plugin v27.4 - https:\/\/yoast.com\/product\/yoast-seo-wordpress\/ -->\n<title>Bordet y autoridades uruguayas impulsan llevar navegabilidad del r\u00edo Uruguay a los 34 pies para potenciar el desarrollo - Puerto de Concepci\u00f3n del Uruguay<\/title>\n<meta name=\"robots\" content=\"index, follow, max-snippet:-1, max-image-preview:large, max-video-preview:-1\" \/>\n<link rel=\"canonical\" href=\"https:\/\/www.puertocdelu.com.ar\/index.php\/2023\/09\/06\/bordet-y-autoridades-uruguayas-impulsan-llevar-navegabilidad-del-rio-uruguay-a-los-34-pies-para-potenciar-el-desarrollo\/\" \/>\n<meta property=\"og:locale\" content=\"es_ES\" \/>\n<meta property=\"og:type\" content=\"article\" \/>\n<meta property=\"og:title\" content=\"Bordet y autoridades uruguayas impulsan llevar navegabilidad del r\u00edo Uruguay a los 34 pies para potenciar el desarrollo - Puerto de Concepci\u00f3n del Uruguay\" \/>\n<meta property=\"og:description\" content=\"El gobernador, Gustavo Bordet y el intendente de R\u00edo Negro, Uruguay, Omar Lafluf, encabezaron una reuni\u00f3n de trabajo en Fray Bentos para impulsar el dragado del r\u00edo Uruguay a 34 pies, permitir que las exportaciones salgan directamente a los pa\u00edses de destino y mejorar la competitividad de la regi\u00f3n. El encuentro se realiz\u00f3 este martes [&hellip;]\" \/>\n<meta property=\"og:url\" content=\"https:\/\/www.puertocdelu.com.ar\/index.php\/2023\/09\/06\/bordet-y-autoridades-uruguayas-impulsan-llevar-navegabilidad-del-rio-uruguay-a-los-34-pies-para-potenciar-el-desarrollo\/\" \/>\n<meta property=\"og:site_name\" content=\"Puerto de Concepci\u00f3n del Uruguay\" \/>\n<meta property=\"article:published_time\" content=\"2023-09-06T10:24:23+00:00\" \/>\n<meta property=\"article:modified_time\" content=\"2023-09-07T10:28:40+00:00\" \/>\n<meta property=\"og:image\" content=\"https:\/\/www.puertocdelu.com.ar\/wp-content\/uploads\/2023\/09\/x_1693947888.jpg\" \/>\n\t<meta property=\"og:image:width\" content=\"1920\" \/>\n\t<meta property=\"og:image:height\" content=\"1280\" \/>\n\t<meta property=\"og:image:type\" content=\"image\/jpeg\" \/>\n<meta name=\"author\" content=\"PuertoCdelU\" \/>\n<meta name=\"twitter:card\" content=\"summary_large_image\" \/>\n<meta name=\"twitter:label1\" content=\"Escrito por\" \/>\n\t<meta name=\"twitter:data1\" content=\"PuertoCdelU\" \/>\n\t<meta name=\"twitter:label2\" content=\"Tiempo de lectura\" \/>\n\t<meta name=\"twitter:data2\" content=\"3 minutos\" \/>\n<script type=\"application\/ld+json\" class=\"yoast-schema-graph\">{\"@context\":\"https:\\\/\\\/schema.org\",\"@graph\":[{\"@type\":\"Article\",\"@id\":\"https:\\\/\\\/www.puertocdelu.com.ar\\\/index.php\\\/2023\\\/09\\\/06\\\/bordet-y-autoridades-uruguayas-impulsan-llevar-navegabilidad-del-rio-uruguay-a-los-34-pies-para-potenciar-el-desarrollo\\\/#article\",\"isPartOf\":{\"@id\":\"https:\\\/\\\/www.puertocdelu.com.ar\\\/index.php\\\/2023\\\/09\\\/06\\\/bordet-y-autoridades-uruguayas-impulsan-llevar-navegabilidad-del-rio-uruguay-a-los-34-pies-para-potenciar-el-desarrollo\\\/\"},\"author\":{\"name\":\"PuertoCdelU\",\"@id\":\"https:\\\/\\\/www.puertocdelu.com.ar\\\/#\\\/schema\\\/person\\\/9d258b923b29bd5f47ca80d9c8cd72d1\"},\"headline\":\"Bordet y autoridades uruguayas impulsan llevar navegabilidad del r\u00edo Uruguay a los 34 pies para potenciar el desarrollo\",\"datePublished\":\"2023-09-06T10:24:23+00:00\",\"dateModified\":\"2023-09-07T10:28:40+00:00\",\"mainEntityOfPage\":{\"@id\":\"https:\\\/\\\/www.puertocdelu.com.ar\\\/index.php\\\/2023\\\/09\\\/06\\\/bordet-y-autoridades-uruguayas-impulsan-llevar-navegabilidad-del-rio-uruguay-a-los-34-pies-para-potenciar-el-desarrollo\\\/\"},\"wordCount\":682,\"commentCount\":0,\"image\":{\"@id\":\"https:\\\/\\\/www.puertocdelu.com.ar\\\/index.php\\\/2023\\\/09\\\/06\\\/bordet-y-autoridades-uruguayas-impulsan-llevar-navegabilidad-del-rio-uruguay-a-los-34-pies-para-potenciar-el-desarrollo\\\/#primaryimage\"},\"thumbnailUrl\":\"https:\\\/\\\/www.puertocdelu.com.ar\\\/wp-content\\\/uploads\\\/2023\\\/09\\\/x_1693947888.jpg\",\"articleSection\":[\"Noticias\"],\"inLanguage\":\"es\",\"potentialAction\":[{\"@type\":\"CommentAction\",\"name\":\"Comment\",\"target\":[\"https:\\\/\\\/www.puertocdelu.com.ar\\\/index.php\\\/2023\\\/09\\\/06\\\/bordet-y-autoridades-uruguayas-impulsan-llevar-navegabilidad-del-rio-uruguay-a-los-34-pies-para-potenciar-el-desarrollo\\\/#respond\"]}]},{\"@type\":\"WebPage\",\"@id\":\"https:\\\/\\\/www.puertocdelu.com.ar\\\/index.php\\\/2023\\\/09\\\/06\\\/bordet-y-autoridades-uruguayas-impulsan-llevar-navegabilidad-del-rio-uruguay-a-los-34-pies-para-potenciar-el-desarrollo\\\/\",\"url\":\"https:\\\/\\\/www.puertocdelu.com.ar\\\/index.php\\\/2023\\\/09\\\/06\\\/bordet-y-autoridades-uruguayas-impulsan-llevar-navegabilidad-del-rio-uruguay-a-los-34-pies-para-potenciar-el-desarrollo\\\/\",\"name\":\"Bordet y autoridades uruguayas impulsan llevar navegabilidad del r\u00edo Uruguay a los 34 pies para potenciar el desarrollo - Puerto de Concepci\u00f3n del Uruguay\",\"isPartOf\":{\"@id\":\"https:\\\/\\\/www.puertocdelu.com.ar\\\/#website\"},\"primaryImageOfPage\":{\"@id\":\"https:\\\/\\\/www.puertocdelu.com.ar\\\/index.php\\\/2023\\\/09\\\/06\\\/bordet-y-autoridades-uruguayas-impulsan-llevar-navegabilidad-del-rio-uruguay-a-los-34-pies-para-potenciar-el-desarrollo\\\/#primaryimage\"},\"image\":{\"@id\":\"https:\\\/\\\/www.puertocdelu.com.ar\\\/index.php\\\/2023\\\/09\\\/06\\\/bordet-y-autoridades-uruguayas-impulsan-llevar-navegabilidad-del-rio-uruguay-a-los-34-pies-para-potenciar-el-desarrollo\\\/#primaryimage\"},\"thumbnailUrl\":\"https:\\\/\\\/www.puertocdelu.com.ar\\\/wp-content\\\/uploads\\\/2023\\\/09\\\/x_1693947888.jpg\",\"datePublished\":\"2023-09-06T10:24:23+00:00\",\"dateModified\":\"2023-09-07T10:28:40+00:00\",\"author\":{\"@id\":\"https:\\\/\\\/www.puertocdelu.com.ar\\\/#\\\/schema\\\/person\\\/9d258b923b29bd5f47ca80d9c8cd72d1\"},\"breadcrumb\":{\"@id\":\"https:\\\/\\\/www.puertocdelu.com.ar\\\/index.php\\\/2023\\\/09\\\/06\\\/bordet-y-autoridades-uruguayas-impulsan-llevar-navegabilidad-del-rio-uruguay-a-los-34-pies-para-potenciar-el-desarrollo\\\/#breadcrumb\"},\"inLanguage\":\"es\",\"potentialAction\":[{\"@type\":\"ReadAction\",\"target\":[\"https:\\\/\\\/www.puertocdelu.com.ar\\\/index.php\\\/2023\\\/09\\\/06\\\/bordet-y-autoridades-uruguayas-impulsan-llevar-navegabilidad-del-rio-uruguay-a-los-34-pies-para-potenciar-el-desarrollo\\\/\"]}]},{\"@type\":\"ImageObject\",\"inLanguage\":\"es\",\"@id\":\"https:\\\/\\\/www.puertocdelu.com.ar\\\/index.php\\\/2023\\\/09\\\/06\\\/bordet-y-autoridades-uruguayas-impulsan-llevar-navegabilidad-del-rio-uruguay-a-los-34-pies-para-potenciar-el-desarrollo\\\/#primaryimage\",\"url\":\"https:\\\/\\\/www.puertocdelu.com.ar\\\/wp-content\\\/uploads\\\/2023\\\/09\\\/x_1693947888.jpg\",\"contentUrl\":\"https:\\\/\\\/www.puertocdelu.com.ar\\\/wp-content\\\/uploads\\\/2023\\\/09\\\/x_1693947888.jpg\",\"width\":1920,\"height\":1280},{\"@type\":\"BreadcrumbList\",\"@id\":\"https:\\\/\\\/www.puertocdelu.com.ar\\\/index.php\\\/2023\\\/09\\\/06\\\/bordet-y-autoridades-uruguayas-impulsan-llevar-navegabilidad-del-rio-uruguay-a-los-34-pies-para-potenciar-el-desarrollo\\\/#breadcrumb\",\"itemListElement\":[{\"@type\":\"ListItem\",\"position\":1,\"name\":\"Portada\",\"item\":\"https:\\\/\\\/www.puertocdelu.com.ar\\\/\"},{\"@type\":\"ListItem\",\"position\":2,\"name\":\"Bordet y autoridades uruguayas impulsan llevar navegabilidad del r\u00edo Uruguay a los 34 pies para potenciar el desarrollo\"}]},{\"@type\":\"WebSite\",\"@id\":\"https:\\\/\\\/www.puertocdelu.com.ar\\\/#website\",\"url\":\"https:\\\/\\\/www.puertocdelu.com.ar\\\/\",\"name\":\"Puerto de Concepci\u00f3n del Uruguay\",\"description\":\"\",\"potentialAction\":[{\"@type\":\"SearchAction\",\"target\":{\"@type\":\"EntryPoint\",\"urlTemplate\":\"https:\\\/\\\/www.puertocdelu.com.ar\\\/?s={search_term_string}\"},\"query-input\":{\"@type\":\"PropertyValueSpecification\",\"valueRequired\":true,\"valueName\":\"search_term_string\"}}],\"inLanguage\":\"es\"},{\"@type\":\"Person\",\"@id\":\"https:\\\/\\\/www.puertocdelu.com.ar\\\/#\\\/schema\\\/person\\\/9d258b923b29bd5f47ca80d9c8cd72d1\",\"name\":\"PuertoCdelU\",\"image\":{\"@type\":\"ImageObject\",\"inLanguage\":\"es\",\"@id\":\"https:\\\/\\\/secure.gravatar.com\\\/avatar\\\/99e38dea1727d397df18aced5ac6840012bb7f24c8570dcfafabb73086aed88c?s=96&d=mm&r=g\",\"url\":\"https:\\\/\\\/secure.gravatar.com\\\/avatar\\\/99e38dea1727d397df18aced5ac6840012bb7f24c8570dcfafabb73086aed88c?s=96&d=mm&r=g\",\"contentUrl\":\"https:\\\/\\\/secure.gravatar.com\\\/avatar\\\/99e38dea1727d397df18aced5ac6840012bb7f24c8570dcfafabb73086aed88c?s=96&d=mm&r=g\",\"caption\":\"PuertoCdelU\"},\"url\":\"https:\\\/\\\/www.puertocdelu.com.ar\\\/index.php\\\/author\\\/hectordelos1\\\/\"}]}<\/script>\n<!-- \/ Yoast SEO plugin. -->","yoast_head_json":{"title":"Bordet y autoridades uruguayas impulsan llevar navegabilidad del r\u00edo Uruguay a los 34 pies para potenciar el desarrollo - Puerto de Concepci\u00f3n del Uruguay","robots":{"index":"index","follow":"follow","max-snippet":"max-snippet:-1","max-image-preview":"max-image-preview:large","max-video-preview":"max-video-preview:-1"},"canonical":"https:\/\/www.puertocdelu.com.ar\/index.php\/2023\/09\/06\/bordet-y-autoridades-uruguayas-impulsan-llevar-navegabilidad-del-rio-uruguay-a-los-34-pies-para-potenciar-el-desarrollo\/","og_locale":"es_ES","og_type":"article","og_title":"Bordet y autoridades uruguayas impulsan llevar navegabilidad del r\u00edo Uruguay a los 34 pies para potenciar el desarrollo - Puerto de Concepci\u00f3n del Uruguay","og_description":"El gobernador, Gustavo Bordet y el intendente de R\u00edo Negro, Uruguay, Omar Lafluf, encabezaron una reuni\u00f3n de trabajo en Fray Bentos para impulsar el dragado del r\u00edo Uruguay a 34 pies, permitir que las exportaciones salgan directamente a los pa\u00edses de destino y mejorar la competitividad de la regi\u00f3n. El encuentro se realiz\u00f3 este martes [&hellip;]","og_url":"https:\/\/www.puertocdelu.com.ar\/index.php\/2023\/09\/06\/bordet-y-autoridades-uruguayas-impulsan-llevar-navegabilidad-del-rio-uruguay-a-los-34-pies-para-potenciar-el-desarrollo\/","og_site_name":"Puerto de Concepci\u00f3n del Uruguay","article_published_time":"2023-09-06T10:24:23+00:00","article_modified_time":"2023-09-07T10:28:40+00:00","og_image":[{"width":1920,"height":1280,"url":"https:\/\/www.puertocdelu.com.ar\/wp-content\/uploads\/2023\/09\/x_1693947888.jpg","type":"image\/jpeg"}],"author":"PuertoCdelU","twitter_card":"summary_large_image","twitter_misc":{"Escrito por":"PuertoCdelU","Tiempo de lectura":"3 minutos"},"schema":{"@context":"https:\/\/schema.org","@graph":[{"@type":"Article","@id":"https:\/\/www.puertocdelu.com.ar\/index.php\/2023\/09\/06\/bordet-y-autoridades-uruguayas-impulsan-llevar-navegabilidad-del-rio-uruguay-a-los-34-pies-para-potenciar-el-desarrollo\/#article","isPartOf":{"@id":"https:\/\/www.puertocdelu.com.ar\/index.php\/2023\/09\/06\/bordet-y-autoridades-uruguayas-impulsan-llevar-navegabilidad-del-rio-uruguay-a-los-34-pies-para-potenciar-el-desarrollo\/"},"author":{"name":"PuertoCdelU","@id":"https:\/\/www.puertocdelu.com.ar\/#\/schema\/person\/9d258b923b29bd5f47ca80d9c8cd72d1"},"headline":"Bordet y autoridades uruguayas impulsan llevar navegabilidad del r\u00edo Uruguay a los 34 pies para potenciar el desarrollo","datePublished":"2023-09-06T10:24:23+00:00","dateModified":"2023-09-07T10:28:40+00:00","mainEntityOfPage":{"@id":"https:\/\/www.puertocdelu.com.ar\/index.php\/2023\/09\/06\/bordet-y-autoridades-uruguayas-impulsan-llevar-navegabilidad-del-rio-uruguay-a-los-34-pies-para-potenciar-el-desarrollo\/"},"wordCount":682,"commentCount":0,"image":{"@id":"https:\/\/www.puertocdelu.com.ar\/index.php\/2023\/09\/06\/bordet-y-autoridades-uruguayas-impulsan-llevar-navegabilidad-del-rio-uruguay-a-los-34-pies-para-potenciar-el-desarrollo\/#primaryimage"},"thumbnailUrl":"https:\/\/www.puertocdelu.com.ar\/wp-content\/uploads\/2023\/09\/x_1693947888.jpg","articleSection":["Noticias"],"inLanguage":"es","potentialAction":[{"@type":"CommentAction","name":"Comment","target":["https:\/\/www.puertocdelu.com.ar\/index.php\/2023\/09\/06\/bordet-y-autoridades-uruguayas-impulsan-llevar-navegabilidad-del-rio-uruguay-a-los-34-pies-para-potenciar-el-desarrollo\/#respond"]}]},{"@type":"WebPage","@id":"https:\/\/www.puertocdelu.com.ar\/index.php\/2023\/09\/06\/bordet-y-autoridades-uruguayas-impulsan-llevar-navegabilidad-del-rio-uruguay-a-los-34-pies-para-potenciar-el-desarrollo\/","url":"https:\/\/www.puertocdelu.com.ar\/index.php\/2023\/09\/06\/bordet-y-autoridades-uruguayas-impulsan-llevar-navegabilidad-del-rio-uruguay-a-los-34-pies-para-potenciar-el-desarrollo\/","name":"Bordet y autoridades uruguayas impulsan llevar navegabilidad del r\u00edo Uruguay a los 34 pies para potenciar el desarrollo - Puerto de Concepci\u00f3n del Uruguay","isPartOf":{"@id":"https:\/\/www.puertocdelu.com.ar\/#website"},"primaryImageOfPage":{"@id":"https:\/\/www.puertocdelu.com.ar\/index.php\/2023\/09\/06\/bordet-y-autoridades-uruguayas-impulsan-llevar-navegabilidad-del-rio-uruguay-a-los-34-pies-para-potenciar-el-desarrollo\/#primaryimage"},"image":{"@id":"https:\/\/www.puertocdelu.com.ar\/index.php\/2023\/09\/06\/bordet-y-autoridades-uruguayas-impulsan-llevar-navegabilidad-del-rio-uruguay-a-los-34-pies-para-potenciar-el-desarrollo\/#primaryimage"},"thumbnailUrl":"https:\/\/www.puertocdelu.com.ar\/wp-content\/uploads\/2023\/09\/x_1693947888.jpg","datePublished":"2023-09-06T10:24:23+00:00","dateModified":"2023-09-07T10:28:40+00:00","author":{"@id":"https:\/\/www.puertocdelu.com.ar\/#\/schema\/person\/9d258b923b29bd5f47ca80d9c8cd72d1"},"breadcrumb":{"@id":"https:\/\/www.puertocdelu.com.ar\/index.php\/2023\/09\/06\/bordet-y-autoridades-uruguayas-impulsan-llevar-navegabilidad-del-rio-uruguay-a-los-34-pies-para-potenciar-el-desarrollo\/#breadcrumb"},"inLanguage":"es","potentialAction":[{"@type":"ReadAction","target":["https:\/\/www.puertocdelu.com.ar\/index.php\/2023\/09\/06\/bordet-y-autoridades-uruguayas-impulsan-llevar-navegabilidad-del-rio-uruguay-a-los-34-pies-para-potenciar-el-desarrollo\/"]}]},{"@type":"ImageObject","inLanguage":"es","@id":"https:\/\/www.puertocdelu.com.ar\/index.php\/2023\/09\/06\/bordet-y-autoridades-uruguayas-impulsan-llevar-navegabilidad-del-rio-uruguay-a-los-34-pies-para-potenciar-el-desarrollo\/#primaryimage","url":"https:\/\/www.puertocdelu.com.ar\/wp-content\/uploads\/2023\/09\/x_1693947888.jpg","contentUrl":"https:\/\/www.puertocdelu.com.ar\/wp-content\/uploads\/2023\/09\/x_1693947888.jpg","width":1920,"height":1280},{"@type":"BreadcrumbList","@id":"https:\/\/www.puertocdelu.com.ar\/index.php\/2023\/09\/06\/bordet-y-autoridades-uruguayas-impulsan-llevar-navegabilidad-del-rio-uruguay-a-los-34-pies-para-potenciar-el-desarrollo\/#breadcrumb","itemListElement":[{"@type":"ListItem","position":1,"name":"Portada","item":"https:\/\/www.puertocdelu.com.ar\/"},{"@type":"ListItem","position":2,"name":"Bordet y autoridades uruguayas impulsan llevar navegabilidad del r\u00edo Uruguay a los 34 pies para potenciar el desarrollo"}]},{"@type":"WebSite","@id":"https:\/\/www.puertocdelu.com.ar\/#website","url":"https:\/\/www.puertocdelu.com.ar\/","name":"Puerto de Concepci\u00f3n del Uruguay","description":"","potentialAction":[{"@type":"SearchAction","target":{"@type":"EntryPoint","urlTemplate":"https:\/\/www.puertocdelu.com.ar\/?s={search_term_string}"},"query-input":{"@type":"PropertyValueSpecification","valueRequired":true,"valueName":"search_term_string"}}],"inLanguage":"es"},{"@type":"Person","@id":"https:\/\/www.puertocdelu.com.ar\/#\/schema\/person\/9d258b923b29bd5f47ca80d9c8cd72d1","name":"PuertoCdelU","image":{"@type":"ImageObject","inLanguage":"es","@id":"https:\/\/secure.gravatar.com\/avatar\/99e38dea1727d397df18aced5ac6840012bb7f24c8570dcfafabb73086aed88c?s=96&d=mm&r=g","url":"https:\/\/secure.gravatar.com\/avatar\/99e38dea1727d397df18aced5ac6840012bb7f24c8570dcfafabb73086aed88c?s=96&d=mm&r=g","contentUrl":"https:\/\/secure.gravatar.com\/avatar\/99e38dea1727d397df18aced5ac6840012bb7f24c8570dcfafabb73086aed88c?s=96&d=mm&r=g","caption":"PuertoCdelU"},"url":"https:\/\/www.puertocdelu.com.ar\/index.php\/author\/hectordelos1\/"}]}},"_links":{"self":[{"href":"https:\/\/www.puertocdelu.com.ar\/index.php\/wp-json\/wp\/v2\/posts\/2654","targetHints":{"allow":["GET"]}}],"collection":[{"href":"https:\/\/www.puertocdelu.com.ar\/index.php\/wp-json\/wp\/v2\/posts"}],"about":[{"href":"https:\/\/www.puertocdelu.com.ar\/index.php\/wp-json\/wp\/v2\/types\/post"}],"author":[{"embeddable":true,"href":"https:\/\/www.puertocdelu.com.ar\/index.php\/wp-json\/wp\/v2\/users\/1"}],"replies":[{"embeddable":true,"href":"https:\/\/www.puertocdelu.com.ar\/index.php\/wp-json\/wp\/v2\/comments?post=2654"}],"version-history":[{"count":2,"href":"https:\/\/www.puertocdelu.com.ar\/index.php\/wp-json\/wp\/v2\/posts\/2654\/revisions"}],"predecessor-version":[{"id":2657,"href":"https:\/\/www.puertocdelu.com.ar\/index.php\/wp-json\/wp\/v2\/posts\/2654\/revisions\/2657"}],"wp:featuredmedia":[{"embeddable":true,"href":"https:\/\/www.puertocdelu.com.ar\/index.php\/wp-json\/wp\/v2\/media\/2655"}],"wp:attachment":[{"href":"https:\/\/www.puertocdelu.com.ar\/index.php\/wp-json\/wp\/v2\/media?parent=2654"}],"wp:term":[{"taxonomy":"category","embeddable":true,"href":"https:\/\/www.puertocdelu.com.ar\/index.php\/wp-json\/wp\/v2\/categories?post=2654"},{"taxonomy":"post_tag","embeddable":true,"href":"https:\/\/www.puertocdelu.com.ar\/index.php\/wp-json\/wp\/v2\/tags?post=2654"}],"curies":[{"name":"wp","href":"https:\/\/api.w.org\/{rel}","templated":true}]}}