{"id":2661,"date":"2023-09-14T21:26:55","date_gmt":"2023-09-14T21:26:55","guid":{"rendered":"https:\/\/www.puertocdelu.com.ar\/?p=2661"},"modified":"2023-09-14T21:26:55","modified_gmt":"2023-09-14T21:26:55","slug":"ingreso-un-buque-al-puerto-y-opera-normalmente-pese-a-la-creciente","status":"publish","type":"post","link":"https:\/\/www.puertocdelu.com.ar\/index.php\/2023\/09\/14\/ingreso-un-buque-al-puerto-y-opera-normalmente-pese-a-la-creciente\/","title":{"rendered":"Ingres\u00f3 un buque al puerto y opera normalmente pese a la creciente"},"content":{"rendered":"<p>Con el r\u00edo Uruguay a escasos cent\u00edmetros de alcanzar el estado de alerta debido a la creciente, un buque de ultramar ingres\u00f3 al puerto de Concepci\u00f3n del Uruguay para comenzar a cargar en los muelles 14, 15, 16 bis.<\/p>\n<p>Se trata del African Merlin, el primero de cuatro buques programados para embarcar cargas de exportaci\u00f3n durante el mes de septiembre desde Entre R\u00edos a trav\u00e9s de los puertos de Concepci\u00f3n del Uruguay e Ibicuy.<\/p>\n<p>El carguero que amarr\u00f3 este jueves en La Hist\u00f3rica tiene 180 metros de eslora, con bandera de Bahamas y una capacidad total de carga de 34.370 toneladas.<\/p>\n<p>En Concepci\u00f3n del Uruguay cargar\u00e1 18.000 toneladas de troncos de pino con destino a la India, y completar\u00e1 sus bodegas en el puerto de Ibicuy.<\/p>\n<p>El r\u00edo Uruguay registraba este jueves una altura de 5.20 metros, a tan solo 10 cent\u00edmetros de los 5.30 que marca el estado de alerta que pone en movimiento los diferentes mecanismos de vigilancia por parte de las autoridades civiles y Prefectura Naval Argentina, ante las posibles situaciones de emergencia que pudieran suceder en las zonas ribere\u00f1as.<\/p>\n<p><a href=\"https:\/\/www.puertocdelu.com.ar\/wp-content\/uploads\/2023\/09\/WhatsApp-Image-2023-09-14-at-17.41.42-1.jpeg\"><img loading=\"lazy\" decoding=\"async\" class=\"aligncenter size-full wp-image-2663\" src=\"https:\/\/www.puertocdelu.com.ar\/wp-content\/uploads\/2023\/09\/WhatsApp-Image-2023-09-14-at-17.41.42-1.jpeg\" alt=\"\" width=\"1024\" height=\"576\" srcset=\"https:\/\/www.puertocdelu.com.ar\/wp-content\/uploads\/2023\/09\/WhatsApp-Image-2023-09-14-at-17.41.42-1.jpeg 1024w, https:\/\/www.puertocdelu.com.ar\/wp-content\/uploads\/2023\/09\/WhatsApp-Image-2023-09-14-at-17.41.42-1-300x169.jpeg 300w, https:\/\/www.puertocdelu.com.ar\/wp-content\/uploads\/2023\/09\/WhatsApp-Image-2023-09-14-at-17.41.42-1-768x432.jpeg 768w, https:\/\/www.puertocdelu.com.ar\/wp-content\/uploads\/2023\/09\/WhatsApp-Image-2023-09-14-at-17.41.42-1-696x392.jpeg 696w, https:\/\/www.puertocdelu.com.ar\/wp-content\/uploads\/2023\/09\/WhatsApp-Image-2023-09-14-at-17.41.42-1-747x420.jpeg 747w\" sizes=\"auto, (max-width: 1024px) 100vw, 1024px\" \/><\/a><\/p>\n<p>Pese a esta situaci\u00f3n, las tareas de ingreso a la zona de muelles se realizaron sin problemas, amarrando normalmente en los muelles 14, 15, y 16. Cabe se\u00f1alar que estos muelles est\u00e1n dise\u00f1ados especialmente para operar con el r\u00edo en cotas a\u00fan superiores que pueden, incluso, hacer frente a un r\u00edo con 7 metros de altura frente a sus costas.<\/p>\n<p>Se estima que el African Merlin estar\u00e1 operando durante unos tres o cuatro d\u00edas, por lo que desde el Ente Aut\u00e1rquico Puerto Concepci\u00f3n del Uruguay se solicita extrema precauci\u00f3n a todas aquellas personas que circulen por la zona portuaria, especialmente sobre la Avenida Paysand\u00fa, ya que el tr\u00e1nsito de veh\u00edculos pesados ser\u00e1 intenso durante varios d\u00edas.<\/p>\n<p>El pr\u00f3ximo 21 de septiembre est\u00e1 programado el ingreso del Nalinee Naree, otro carguero similar que realizar\u00e1 una operaci\u00f3n de carga igual a la que se est\u00e1 llevando adelante en este momento.<\/p>\n","protected":false},"excerpt":{"rendered":"<p>Con el r\u00edo Uruguay a escasos cent\u00edmetros de alcanzar el estado de alerta debido a la creciente, un buque de ultramar ingres\u00f3 al puerto de Concepci\u00f3n del Uruguay para comenzar a cargar en los muelles 14, 15, 16 bis. Se trata del African Merlin, el primero de cuatro buques programados para embarcar cargas de exportaci\u00f3n [&hellip;]<\/p>\n","protected":false},"author":1,"featured_media":2662,"comment_status":"open","ping_status":"open","sticky":false,"template":"","format":"standard","meta":{"footnotes":""},"categories":[81],"tags":[],"class_list":{"0":"post-2661","1":"post","2":"type-post","3":"status-publish","4":"format-standard","5":"has-post-thumbnail","7":"category-noticias"},"yoast_head":"<!-- This site is optimized with the Yoast SEO plugin v27.4 - https:\/\/yoast.com\/product\/yoast-seo-wordpress\/ -->\n<title>Ingres\u00f3 un buque al puerto y opera normalmente pese a la creciente - Puerto de Concepci\u00f3n del Uruguay<\/title>\n<meta name=\"robots\" content=\"index, follow, max-snippet:-1, max-image-preview:large, max-video-preview:-1\" \/>\n<link rel=\"canonical\" href=\"https:\/\/www.puertocdelu.com.ar\/index.php\/2023\/09\/14\/ingreso-un-buque-al-puerto-y-opera-normalmente-pese-a-la-creciente\/\" \/>\n<meta property=\"og:locale\" content=\"es_ES\" \/>\n<meta property=\"og:type\" content=\"article\" \/>\n<meta property=\"og:title\" content=\"Ingres\u00f3 un buque al puerto y opera normalmente pese a la creciente - Puerto de Concepci\u00f3n del Uruguay\" \/>\n<meta property=\"og:description\" content=\"Con el r\u00edo Uruguay a escasos cent\u00edmetros de alcanzar el estado de alerta debido a la creciente, un buque de ultramar ingres\u00f3 al puerto de Concepci\u00f3n del Uruguay para comenzar a cargar en los muelles 14, 15, 16 bis. Se trata del African Merlin, el primero de cuatro buques programados para embarcar cargas de exportaci\u00f3n [&hellip;]\" \/>\n<meta property=\"og:url\" content=\"https:\/\/www.puertocdelu.com.ar\/index.php\/2023\/09\/14\/ingreso-un-buque-al-puerto-y-opera-normalmente-pese-a-la-creciente\/\" \/>\n<meta property=\"og:site_name\" content=\"Puerto de Concepci\u00f3n del Uruguay\" \/>\n<meta property=\"article:published_time\" content=\"2023-09-14T21:26:55+00:00\" \/>\n<meta property=\"og:image\" content=\"https:\/\/www.puertocdelu.com.ar\/wp-content\/uploads\/2023\/09\/WhatsApp-Image-2023-09-14-at-17.41.43-3.jpeg\" \/>\n\t<meta property=\"og:image:width\" content=\"1600\" \/>\n\t<meta property=\"og:image:height\" content=\"900\" \/>\n\t<meta property=\"og:image:type\" content=\"image\/jpeg\" \/>\n<meta name=\"author\" content=\"PuertoCdelU\" \/>\n<meta name=\"twitter:card\" content=\"summary_large_image\" \/>\n<meta name=\"twitter:label1\" content=\"Escrito por\" \/>\n\t<meta name=\"twitter:data1\" content=\"PuertoCdelU\" \/>\n\t<meta name=\"twitter:label2\" content=\"Tiempo de lectura\" \/>\n\t<meta name=\"twitter:data2\" content=\"2 minutos\" \/>\n<script type=\"application\/ld+json\" class=\"yoast-schema-graph\">{\"@context\":\"https:\\\/\\\/schema.org\",\"@graph\":[{\"@type\":\"Article\",\"@id\":\"https:\\\/\\\/www.puertocdelu.com.ar\\\/index.php\\\/2023\\\/09\\\/14\\\/ingreso-un-buque-al-puerto-y-opera-normalmente-pese-a-la-creciente\\\/#article\",\"isPartOf\":{\"@id\":\"https:\\\/\\\/www.puertocdelu.com.ar\\\/index.php\\\/2023\\\/09\\\/14\\\/ingreso-un-buque-al-puerto-y-opera-normalmente-pese-a-la-creciente\\\/\"},\"author\":{\"name\":\"PuertoCdelU\",\"@id\":\"https:\\\/\\\/www.puertocdelu.com.ar\\\/#\\\/schema\\\/person\\\/9d258b923b29bd5f47ca80d9c8cd72d1\"},\"headline\":\"Ingres\u00f3 un buque al puerto y opera normalmente pese a la creciente\",\"datePublished\":\"2023-09-14T21:26:55+00:00\",\"mainEntityOfPage\":{\"@id\":\"https:\\\/\\\/www.puertocdelu.com.ar\\\/index.php\\\/2023\\\/09\\\/14\\\/ingreso-un-buque-al-puerto-y-opera-normalmente-pese-a-la-creciente\\\/\"},\"wordCount\":357,\"commentCount\":0,\"image\":{\"@id\":\"https:\\\/\\\/www.puertocdelu.com.ar\\\/index.php\\\/2023\\\/09\\\/14\\\/ingreso-un-buque-al-puerto-y-opera-normalmente-pese-a-la-creciente\\\/#primaryimage\"},\"thumbnailUrl\":\"https:\\\/\\\/www.puertocdelu.com.ar\\\/wp-content\\\/uploads\\\/2023\\\/09\\\/WhatsApp-Image-2023-09-14-at-17.41.43-3.jpeg\",\"articleSection\":[\"Noticias\"],\"inLanguage\":\"es\",\"potentialAction\":[{\"@type\":\"CommentAction\",\"name\":\"Comment\",\"target\":[\"https:\\\/\\\/www.puertocdelu.com.ar\\\/index.php\\\/2023\\\/09\\\/14\\\/ingreso-un-buque-al-puerto-y-opera-normalmente-pese-a-la-creciente\\\/#respond\"]}]},{\"@type\":\"WebPage\",\"@id\":\"https:\\\/\\\/www.puertocdelu.com.ar\\\/index.php\\\/2023\\\/09\\\/14\\\/ingreso-un-buque-al-puerto-y-opera-normalmente-pese-a-la-creciente\\\/\",\"url\":\"https:\\\/\\\/www.puertocdelu.com.ar\\\/index.php\\\/2023\\\/09\\\/14\\\/ingreso-un-buque-al-puerto-y-opera-normalmente-pese-a-la-creciente\\\/\",\"name\":\"Ingres\u00f3 un buque al puerto y opera normalmente pese a la creciente - Puerto de Concepci\u00f3n del Uruguay\",\"isPartOf\":{\"@id\":\"https:\\\/\\\/www.puertocdelu.com.ar\\\/#website\"},\"primaryImageOfPage\":{\"@id\":\"https:\\\/\\\/www.puertocdelu.com.ar\\\/index.php\\\/2023\\\/09\\\/14\\\/ingreso-un-buque-al-puerto-y-opera-normalmente-pese-a-la-creciente\\\/#primaryimage\"},\"image\":{\"@id\":\"https:\\\/\\\/www.puertocdelu.com.ar\\\/index.php\\\/2023\\\/09\\\/14\\\/ingreso-un-buque-al-puerto-y-opera-normalmente-pese-a-la-creciente\\\/#primaryimage\"},\"thumbnailUrl\":\"https:\\\/\\\/www.puertocdelu.com.ar\\\/wp-content\\\/uploads\\\/2023\\\/09\\\/WhatsApp-Image-2023-09-14-at-17.41.43-3.jpeg\",\"datePublished\":\"2023-09-14T21:26:55+00:00\",\"author\":{\"@id\":\"https:\\\/\\\/www.puertocdelu.com.ar\\\/#\\\/schema\\\/person\\\/9d258b923b29bd5f47ca80d9c8cd72d1\"},\"breadcrumb\":{\"@id\":\"https:\\\/\\\/www.puertocdelu.com.ar\\\/index.php\\\/2023\\\/09\\\/14\\\/ingreso-un-buque-al-puerto-y-opera-normalmente-pese-a-la-creciente\\\/#breadcrumb\"},\"inLanguage\":\"es\",\"potentialAction\":[{\"@type\":\"ReadAction\",\"target\":[\"https:\\\/\\\/www.puertocdelu.com.ar\\\/index.php\\\/2023\\\/09\\\/14\\\/ingreso-un-buque-al-puerto-y-opera-normalmente-pese-a-la-creciente\\\/\"]}]},{\"@type\":\"ImageObject\",\"inLanguage\":\"es\",\"@id\":\"https:\\\/\\\/www.puertocdelu.com.ar\\\/index.php\\\/2023\\\/09\\\/14\\\/ingreso-un-buque-al-puerto-y-opera-normalmente-pese-a-la-creciente\\\/#primaryimage\",\"url\":\"https:\\\/\\\/www.puertocdelu.com.ar\\\/wp-content\\\/uploads\\\/2023\\\/09\\\/WhatsApp-Image-2023-09-14-at-17.41.43-3.jpeg\",\"contentUrl\":\"https:\\\/\\\/www.puertocdelu.com.ar\\\/wp-content\\\/uploads\\\/2023\\\/09\\\/WhatsApp-Image-2023-09-14-at-17.41.43-3.jpeg\",\"width\":1600,\"height\":900},{\"@type\":\"BreadcrumbList\",\"@id\":\"https:\\\/\\\/www.puertocdelu.com.ar\\\/index.php\\\/2023\\\/09\\\/14\\\/ingreso-un-buque-al-puerto-y-opera-normalmente-pese-a-la-creciente\\\/#breadcrumb\",\"itemListElement\":[{\"@type\":\"ListItem\",\"position\":1,\"name\":\"Portada\",\"item\":\"https:\\\/\\\/www.puertocdelu.com.ar\\\/\"},{\"@type\":\"ListItem\",\"position\":2,\"name\":\"Ingres\u00f3 un buque al puerto y opera normalmente pese a la creciente\"}]},{\"@type\":\"WebSite\",\"@id\":\"https:\\\/\\\/www.puertocdelu.com.ar\\\/#website\",\"url\":\"https:\\\/\\\/www.puertocdelu.com.ar\\\/\",\"name\":\"Puerto de Concepci\u00f3n del Uruguay\",\"description\":\"\",\"potentialAction\":[{\"@type\":\"SearchAction\",\"target\":{\"@type\":\"EntryPoint\",\"urlTemplate\":\"https:\\\/\\\/www.puertocdelu.com.ar\\\/?s={search_term_string}\"},\"query-input\":{\"@type\":\"PropertyValueSpecification\",\"valueRequired\":true,\"valueName\":\"search_term_string\"}}],\"inLanguage\":\"es\"},{\"@type\":\"Person\",\"@id\":\"https:\\\/\\\/www.puertocdelu.com.ar\\\/#\\\/schema\\\/person\\\/9d258b923b29bd5f47ca80d9c8cd72d1\",\"name\":\"PuertoCdelU\",\"image\":{\"@type\":\"ImageObject\",\"inLanguage\":\"es\",\"@id\":\"https:\\\/\\\/secure.gravatar.com\\\/avatar\\\/99e38dea1727d397df18aced5ac6840012bb7f24c8570dcfafabb73086aed88c?s=96&d=mm&r=g\",\"url\":\"https:\\\/\\\/secure.gravatar.com\\\/avatar\\\/99e38dea1727d397df18aced5ac6840012bb7f24c8570dcfafabb73086aed88c?s=96&d=mm&r=g\",\"contentUrl\":\"https:\\\/\\\/secure.gravatar.com\\\/avatar\\\/99e38dea1727d397df18aced5ac6840012bb7f24c8570dcfafabb73086aed88c?s=96&d=mm&r=g\",\"caption\":\"PuertoCdelU\"},\"url\":\"https:\\\/\\\/www.puertocdelu.com.ar\\\/index.php\\\/author\\\/hectordelos1\\\/\"}]}<\/script>\n<!-- \/ Yoast SEO plugin. -->","yoast_head_json":{"title":"Ingres\u00f3 un buque al puerto y opera normalmente pese a la creciente - Puerto de Concepci\u00f3n del Uruguay","robots":{"index":"index","follow":"follow","max-snippet":"max-snippet:-1","max-image-preview":"max-image-preview:large","max-video-preview":"max-video-preview:-1"},"canonical":"https:\/\/www.puertocdelu.com.ar\/index.php\/2023\/09\/14\/ingreso-un-buque-al-puerto-y-opera-normalmente-pese-a-la-creciente\/","og_locale":"es_ES","og_type":"article","og_title":"Ingres\u00f3 un buque al puerto y opera normalmente pese a la creciente - Puerto de Concepci\u00f3n del Uruguay","og_description":"Con el r\u00edo Uruguay a escasos cent\u00edmetros de alcanzar el estado de alerta debido a la creciente, un buque de ultramar ingres\u00f3 al puerto de Concepci\u00f3n del Uruguay para comenzar a cargar en los muelles 14, 15, 16 bis. Se trata del African Merlin, el primero de cuatro buques programados para embarcar cargas de exportaci\u00f3n [&hellip;]","og_url":"https:\/\/www.puertocdelu.com.ar\/index.php\/2023\/09\/14\/ingreso-un-buque-al-puerto-y-opera-normalmente-pese-a-la-creciente\/","og_site_name":"Puerto de Concepci\u00f3n del Uruguay","article_published_time":"2023-09-14T21:26:55+00:00","og_image":[{"width":1600,"height":900,"url":"https:\/\/www.puertocdelu.com.ar\/wp-content\/uploads\/2023\/09\/WhatsApp-Image-2023-09-14-at-17.41.43-3.jpeg","type":"image\/jpeg"}],"author":"PuertoCdelU","twitter_card":"summary_large_image","twitter_misc":{"Escrito por":"PuertoCdelU","Tiempo de lectura":"2 minutos"},"schema":{"@context":"https:\/\/schema.org","@graph":[{"@type":"Article","@id":"https:\/\/www.puertocdelu.com.ar\/index.php\/2023\/09\/14\/ingreso-un-buque-al-puerto-y-opera-normalmente-pese-a-la-creciente\/#article","isPartOf":{"@id":"https:\/\/www.puertocdelu.com.ar\/index.php\/2023\/09\/14\/ingreso-un-buque-al-puerto-y-opera-normalmente-pese-a-la-creciente\/"},"author":{"name":"PuertoCdelU","@id":"https:\/\/www.puertocdelu.com.ar\/#\/schema\/person\/9d258b923b29bd5f47ca80d9c8cd72d1"},"headline":"Ingres\u00f3 un buque al puerto y opera normalmente pese a la creciente","datePublished":"2023-09-14T21:26:55+00:00","mainEntityOfPage":{"@id":"https:\/\/www.puertocdelu.com.ar\/index.php\/2023\/09\/14\/ingreso-un-buque-al-puerto-y-opera-normalmente-pese-a-la-creciente\/"},"wordCount":357,"commentCount":0,"image":{"@id":"https:\/\/www.puertocdelu.com.ar\/index.php\/2023\/09\/14\/ingreso-un-buque-al-puerto-y-opera-normalmente-pese-a-la-creciente\/#primaryimage"},"thumbnailUrl":"https:\/\/www.puertocdelu.com.ar\/wp-content\/uploads\/2023\/09\/WhatsApp-Image-2023-09-14-at-17.41.43-3.jpeg","articleSection":["Noticias"],"inLanguage":"es","potentialAction":[{"@type":"CommentAction","name":"Comment","target":["https:\/\/www.puertocdelu.com.ar\/index.php\/2023\/09\/14\/ingreso-un-buque-al-puerto-y-opera-normalmente-pese-a-la-creciente\/#respond"]}]},{"@type":"WebPage","@id":"https:\/\/www.puertocdelu.com.ar\/index.php\/2023\/09\/14\/ingreso-un-buque-al-puerto-y-opera-normalmente-pese-a-la-creciente\/","url":"https:\/\/www.puertocdelu.com.ar\/index.php\/2023\/09\/14\/ingreso-un-buque-al-puerto-y-opera-normalmente-pese-a-la-creciente\/","name":"Ingres\u00f3 un buque al puerto y opera normalmente pese a la creciente - Puerto de Concepci\u00f3n del Uruguay","isPartOf":{"@id":"https:\/\/www.puertocdelu.com.ar\/#website"},"primaryImageOfPage":{"@id":"https:\/\/www.puertocdelu.com.ar\/index.php\/2023\/09\/14\/ingreso-un-buque-al-puerto-y-opera-normalmente-pese-a-la-creciente\/#primaryimage"},"image":{"@id":"https:\/\/www.puertocdelu.com.ar\/index.php\/2023\/09\/14\/ingreso-un-buque-al-puerto-y-opera-normalmente-pese-a-la-creciente\/#primaryimage"},"thumbnailUrl":"https:\/\/www.puertocdelu.com.ar\/wp-content\/uploads\/2023\/09\/WhatsApp-Image-2023-09-14-at-17.41.43-3.jpeg","datePublished":"2023-09-14T21:26:55+00:00","author":{"@id":"https:\/\/www.puertocdelu.com.ar\/#\/schema\/person\/9d258b923b29bd5f47ca80d9c8cd72d1"},"breadcrumb":{"@id":"https:\/\/www.puertocdelu.com.ar\/index.php\/2023\/09\/14\/ingreso-un-buque-al-puerto-y-opera-normalmente-pese-a-la-creciente\/#breadcrumb"},"inLanguage":"es","potentialAction":[{"@type":"ReadAction","target":["https:\/\/www.puertocdelu.com.ar\/index.php\/2023\/09\/14\/ingreso-un-buque-al-puerto-y-opera-normalmente-pese-a-la-creciente\/"]}]},{"@type":"ImageObject","inLanguage":"es","@id":"https:\/\/www.puertocdelu.com.ar\/index.php\/2023\/09\/14\/ingreso-un-buque-al-puerto-y-opera-normalmente-pese-a-la-creciente\/#primaryimage","url":"https:\/\/www.puertocdelu.com.ar\/wp-content\/uploads\/2023\/09\/WhatsApp-Image-2023-09-14-at-17.41.43-3.jpeg","contentUrl":"https:\/\/www.puertocdelu.com.ar\/wp-content\/uploads\/2023\/09\/WhatsApp-Image-2023-09-14-at-17.41.43-3.jpeg","width":1600,"height":900},{"@type":"BreadcrumbList","@id":"https:\/\/www.puertocdelu.com.ar\/index.php\/2023\/09\/14\/ingreso-un-buque-al-puerto-y-opera-normalmente-pese-a-la-creciente\/#breadcrumb","itemListElement":[{"@type":"ListItem","position":1,"name":"Portada","item":"https:\/\/www.puertocdelu.com.ar\/"},{"@type":"ListItem","position":2,"name":"Ingres\u00f3 un buque al puerto y opera normalmente pese a la creciente"}]},{"@type":"WebSite","@id":"https:\/\/www.puertocdelu.com.ar\/#website","url":"https:\/\/www.puertocdelu.com.ar\/","name":"Puerto de Concepci\u00f3n del Uruguay","description":"","potentialAction":[{"@type":"SearchAction","target":{"@type":"EntryPoint","urlTemplate":"https:\/\/www.puertocdelu.com.ar\/?s={search_term_string}"},"query-input":{"@type":"PropertyValueSpecification","valueRequired":true,"valueName":"search_term_string"}}],"inLanguage":"es"},{"@type":"Person","@id":"https:\/\/www.puertocdelu.com.ar\/#\/schema\/person\/9d258b923b29bd5f47ca80d9c8cd72d1","name":"PuertoCdelU","image":{"@type":"ImageObject","inLanguage":"es","@id":"https:\/\/secure.gravatar.com\/avatar\/99e38dea1727d397df18aced5ac6840012bb7f24c8570dcfafabb73086aed88c?s=96&d=mm&r=g","url":"https:\/\/secure.gravatar.com\/avatar\/99e38dea1727d397df18aced5ac6840012bb7f24c8570dcfafabb73086aed88c?s=96&d=mm&r=g","contentUrl":"https:\/\/secure.gravatar.com\/avatar\/99e38dea1727d397df18aced5ac6840012bb7f24c8570dcfafabb73086aed88c?s=96&d=mm&r=g","caption":"PuertoCdelU"},"url":"https:\/\/www.puertocdelu.com.ar\/index.php\/author\/hectordelos1\/"}]}},"_links":{"self":[{"href":"https:\/\/www.puertocdelu.com.ar\/index.php\/wp-json\/wp\/v2\/posts\/2661","targetHints":{"allow":["GET"]}}],"collection":[{"href":"https:\/\/www.puertocdelu.com.ar\/index.php\/wp-json\/wp\/v2\/posts"}],"about":[{"href":"https:\/\/www.puertocdelu.com.ar\/index.php\/wp-json\/wp\/v2\/types\/post"}],"author":[{"embeddable":true,"href":"https:\/\/www.puertocdelu.com.ar\/index.php\/wp-json\/wp\/v2\/users\/1"}],"replies":[{"embeddable":true,"href":"https:\/\/www.puertocdelu.com.ar\/index.php\/wp-json\/wp\/v2\/comments?post=2661"}],"version-history":[{"count":1,"href":"https:\/\/www.puertocdelu.com.ar\/index.php\/wp-json\/wp\/v2\/posts\/2661\/revisions"}],"predecessor-version":[{"id":2664,"href":"https:\/\/www.puertocdelu.com.ar\/index.php\/wp-json\/wp\/v2\/posts\/2661\/revisions\/2664"}],"wp:featuredmedia":[{"embeddable":true,"href":"https:\/\/www.puertocdelu.com.ar\/index.php\/wp-json\/wp\/v2\/media\/2662"}],"wp:attachment":[{"href":"https:\/\/www.puertocdelu.com.ar\/index.php\/wp-json\/wp\/v2\/media?parent=2661"}],"wp:term":[{"taxonomy":"category","embeddable":true,"href":"https:\/\/www.puertocdelu.com.ar\/index.php\/wp-json\/wp\/v2\/categories?post=2661"},{"taxonomy":"post_tag","embeddable":true,"href":"https:\/\/www.puertocdelu.com.ar\/index.php\/wp-json\/wp\/v2\/tags?post=2661"}],"curies":[{"name":"wp","href":"https:\/\/api.w.org\/{rel}","templated":true}]}}