{"id":2666,"date":"2023-09-22T10:32:17","date_gmt":"2023-09-22T10:32:17","guid":{"rendered":"https:\/\/www.puertocdelu.com.ar\/?p=2666"},"modified":"2023-09-27T10:34:17","modified_gmt":"2023-09-27T10:34:17","slug":"ingreso-otro-buque-al-puerto-y-se-esperan-dos-mas-para-los-proximos-dias","status":"publish","type":"post","link":"https:\/\/www.puertocdelu.com.ar\/index.php\/2023\/09\/22\/ingreso-otro-buque-al-puerto-y-se-esperan-dos-mas-para-los-proximos-dias\/","title":{"rendered":"Ingres\u00f3 otro buque al puerto y se esperan dos m\u00e1s para los pr\u00f3ximos d\u00edas"},"content":{"rendered":"<p style=\"font-weight: 400;\">El domingo pasado zarp\u00f3 del puerto de Concepci\u00f3n del Uruguay el buque African Merlin, que hace pocas horas complet\u00f3 su carga en el puerto de Ibicuy. Este viernes, por su parte, hizo su ingreso el ultramarino Norse Antwerp a los muelles uruguayenses, mientras se confirm\u00f3 la llegada del Nalinee Naree para la semana entrante, al igual que el ES Integrity, tambi\u00e9n para la semana que viene.<\/p>\n<p style=\"font-weight: 400;\">El Norse Antwerp lleg\u00f3 a Concepci\u00f3n del Uruguay proveniente del puerto de Balboa, en Panam\u00e1. Luego de haber cruzado por el Canal de Magallanes a principios de esta semana, el buque recorri\u00f3 todo el mar Argentino para arribar al Pont\u00f3n Recalada en la jornada de ayer. All\u00ed realiz\u00f3 todas las verificaciones de la documentaci\u00f3n exigida para ingresar al pa\u00eds, y naveg\u00f3 el r\u00edo Uruguay durante toda la noche del jueves, y la madrugada de este viernes.<\/p>\n<p style=\"font-weight: 400;\">En Concepci\u00f3n del Uruguay cargar\u00e1 troncos de madera de pino con destino a la India, en una nueva operaci\u00f3n de exportaci\u00f3n que lleva adelante la empresa ACB S.A., con log\u00edstica de PTP Group.<\/p>\n<p style=\"font-weight: 400;\">El Norse Antwerp es un carguero de 183 metros de eslora que tiene dos a\u00f1os de antig\u00fcedad, navega bajo bandera de Panam\u00e1, y tiene una capacidad m\u00e1xima de carga de 40.000 toneladas.<\/p>\n<p style=\"font-weight: 400;\">Con este embarque, se completar\u00e1n 17 operaciones de exportaci\u00f3n desde Concepci\u00f3n del Uruguay en lo que va del a\u00f1o, superando as\u00ed el total del a\u00f1o 2022 donde se llevaron adelante 16 embarques en todo el a\u00f1o.<\/p>\n","protected":false},"excerpt":{"rendered":"<p>El domingo pasado zarp\u00f3 del puerto de Concepci\u00f3n del Uruguay el buque African Merlin, que hace pocas horas complet\u00f3 su carga en el puerto de Ibicuy. Este viernes, por su parte, hizo su ingreso el ultramarino Norse Antwerp a los muelles uruguayenses, mientras se confirm\u00f3 la llegada del Nalinee Naree para la semana entrante, al [&hellip;]<\/p>\n","protected":false},"author":1,"featured_media":2667,"comment_status":"open","ping_status":"open","sticky":false,"template":"","format":"standard","meta":{"footnotes":""},"categories":[81],"tags":[],"class_list":{"0":"post-2666","1":"post","2":"type-post","3":"status-publish","4":"format-standard","5":"has-post-thumbnail","7":"category-noticias"},"yoast_head":"<!-- This site is optimized with the Yoast SEO plugin v27.4 - https:\/\/yoast.com\/product\/yoast-seo-wordpress\/ -->\n<title>Ingres\u00f3 otro buque al puerto y se esperan dos m\u00e1s para los pr\u00f3ximos d\u00edas - Puerto de Concepci\u00f3n del Uruguay<\/title>\n<meta name=\"robots\" content=\"index, follow, max-snippet:-1, max-image-preview:large, max-video-preview:-1\" \/>\n<link rel=\"canonical\" href=\"https:\/\/www.puertocdelu.com.ar\/index.php\/2023\/09\/22\/ingreso-otro-buque-al-puerto-y-se-esperan-dos-mas-para-los-proximos-dias\/\" \/>\n<meta property=\"og:locale\" content=\"es_ES\" \/>\n<meta property=\"og:type\" content=\"article\" \/>\n<meta property=\"og:title\" content=\"Ingres\u00f3 otro buque al puerto y se esperan dos m\u00e1s para los pr\u00f3ximos d\u00edas - Puerto de Concepci\u00f3n del Uruguay\" \/>\n<meta property=\"og:description\" content=\"El domingo pasado zarp\u00f3 del puerto de Concepci\u00f3n del Uruguay el buque African Merlin, que hace pocas horas complet\u00f3 su carga en el puerto de Ibicuy. Este viernes, por su parte, hizo su ingreso el ultramarino Norse Antwerp a los muelles uruguayenses, mientras se confirm\u00f3 la llegada del Nalinee Naree para la semana entrante, al [&hellip;]\" \/>\n<meta property=\"og:url\" content=\"https:\/\/www.puertocdelu.com.ar\/index.php\/2023\/09\/22\/ingreso-otro-buque-al-puerto-y-se-esperan-dos-mas-para-los-proximos-dias\/\" \/>\n<meta property=\"og:site_name\" content=\"Puerto de Concepci\u00f3n del Uruguay\" \/>\n<meta property=\"article:published_time\" content=\"2023-09-22T10:32:17+00:00\" \/>\n<meta property=\"article:modified_time\" content=\"2023-09-27T10:34:17+00:00\" \/>\n<meta property=\"og:image\" content=\"https:\/\/www.puertocdelu.com.ar\/wp-content\/uploads\/2023\/09\/dji-fly-20230922-080632-130-1695380799941-photo-scaled.jpg\" \/>\n\t<meta property=\"og:image:width\" content=\"2560\" \/>\n\t<meta property=\"og:image:height\" content=\"1440\" \/>\n\t<meta property=\"og:image:type\" content=\"image\/jpeg\" \/>\n<meta name=\"author\" content=\"PuertoCdelU\" \/>\n<meta name=\"twitter:card\" content=\"summary_large_image\" \/>\n<meta name=\"twitter:label1\" content=\"Escrito por\" \/>\n\t<meta name=\"twitter:data1\" content=\"PuertoCdelU\" \/>\n\t<meta name=\"twitter:label2\" content=\"Tiempo de lectura\" \/>\n\t<meta name=\"twitter:data2\" content=\"1 minuto\" \/>\n<script type=\"application\/ld+json\" class=\"yoast-schema-graph\">{\"@context\":\"https:\\\/\\\/schema.org\",\"@graph\":[{\"@type\":\"Article\",\"@id\":\"https:\\\/\\\/www.puertocdelu.com.ar\\\/index.php\\\/2023\\\/09\\\/22\\\/ingreso-otro-buque-al-puerto-y-se-esperan-dos-mas-para-los-proximos-dias\\\/#article\",\"isPartOf\":{\"@id\":\"https:\\\/\\\/www.puertocdelu.com.ar\\\/index.php\\\/2023\\\/09\\\/22\\\/ingreso-otro-buque-al-puerto-y-se-esperan-dos-mas-para-los-proximos-dias\\\/\"},\"author\":{\"name\":\"PuertoCdelU\",\"@id\":\"https:\\\/\\\/www.puertocdelu.com.ar\\\/#\\\/schema\\\/person\\\/9d258b923b29bd5f47ca80d9c8cd72d1\"},\"headline\":\"Ingres\u00f3 otro buque al puerto y se esperan dos m\u00e1s para los pr\u00f3ximos d\u00edas\",\"datePublished\":\"2023-09-22T10:32:17+00:00\",\"dateModified\":\"2023-09-27T10:34:17+00:00\",\"mainEntityOfPage\":{\"@id\":\"https:\\\/\\\/www.puertocdelu.com.ar\\\/index.php\\\/2023\\\/09\\\/22\\\/ingreso-otro-buque-al-puerto-y-se-esperan-dos-mas-para-los-proximos-dias\\\/\"},\"wordCount\":276,\"commentCount\":0,\"image\":{\"@id\":\"https:\\\/\\\/www.puertocdelu.com.ar\\\/index.php\\\/2023\\\/09\\\/22\\\/ingreso-otro-buque-al-puerto-y-se-esperan-dos-mas-para-los-proximos-dias\\\/#primaryimage\"},\"thumbnailUrl\":\"https:\\\/\\\/www.puertocdelu.com.ar\\\/wp-content\\\/uploads\\\/2023\\\/09\\\/dji-fly-20230922-080632-130-1695380799941-photo-scaled.jpg\",\"articleSection\":[\"Noticias\"],\"inLanguage\":\"es\",\"potentialAction\":[{\"@type\":\"CommentAction\",\"name\":\"Comment\",\"target\":[\"https:\\\/\\\/www.puertocdelu.com.ar\\\/index.php\\\/2023\\\/09\\\/22\\\/ingreso-otro-buque-al-puerto-y-se-esperan-dos-mas-para-los-proximos-dias\\\/#respond\"]}]},{\"@type\":\"WebPage\",\"@id\":\"https:\\\/\\\/www.puertocdelu.com.ar\\\/index.php\\\/2023\\\/09\\\/22\\\/ingreso-otro-buque-al-puerto-y-se-esperan-dos-mas-para-los-proximos-dias\\\/\",\"url\":\"https:\\\/\\\/www.puertocdelu.com.ar\\\/index.php\\\/2023\\\/09\\\/22\\\/ingreso-otro-buque-al-puerto-y-se-esperan-dos-mas-para-los-proximos-dias\\\/\",\"name\":\"Ingres\u00f3 otro buque al puerto y se esperan dos m\u00e1s para los pr\u00f3ximos d\u00edas - Puerto de Concepci\u00f3n del Uruguay\",\"isPartOf\":{\"@id\":\"https:\\\/\\\/www.puertocdelu.com.ar\\\/#website\"},\"primaryImageOfPage\":{\"@id\":\"https:\\\/\\\/www.puertocdelu.com.ar\\\/index.php\\\/2023\\\/09\\\/22\\\/ingreso-otro-buque-al-puerto-y-se-esperan-dos-mas-para-los-proximos-dias\\\/#primaryimage\"},\"image\":{\"@id\":\"https:\\\/\\\/www.puertocdelu.com.ar\\\/index.php\\\/2023\\\/09\\\/22\\\/ingreso-otro-buque-al-puerto-y-se-esperan-dos-mas-para-los-proximos-dias\\\/#primaryimage\"},\"thumbnailUrl\":\"https:\\\/\\\/www.puertocdelu.com.ar\\\/wp-content\\\/uploads\\\/2023\\\/09\\\/dji-fly-20230922-080632-130-1695380799941-photo-scaled.jpg\",\"datePublished\":\"2023-09-22T10:32:17+00:00\",\"dateModified\":\"2023-09-27T10:34:17+00:00\",\"author\":{\"@id\":\"https:\\\/\\\/www.puertocdelu.com.ar\\\/#\\\/schema\\\/person\\\/9d258b923b29bd5f47ca80d9c8cd72d1\"},\"breadcrumb\":{\"@id\":\"https:\\\/\\\/www.puertocdelu.com.ar\\\/index.php\\\/2023\\\/09\\\/22\\\/ingreso-otro-buque-al-puerto-y-se-esperan-dos-mas-para-los-proximos-dias\\\/#breadcrumb\"},\"inLanguage\":\"es\",\"potentialAction\":[{\"@type\":\"ReadAction\",\"target\":[\"https:\\\/\\\/www.puertocdelu.com.ar\\\/index.php\\\/2023\\\/09\\\/22\\\/ingreso-otro-buque-al-puerto-y-se-esperan-dos-mas-para-los-proximos-dias\\\/\"]}]},{\"@type\":\"ImageObject\",\"inLanguage\":\"es\",\"@id\":\"https:\\\/\\\/www.puertocdelu.com.ar\\\/index.php\\\/2023\\\/09\\\/22\\\/ingreso-otro-buque-al-puerto-y-se-esperan-dos-mas-para-los-proximos-dias\\\/#primaryimage\",\"url\":\"https:\\\/\\\/www.puertocdelu.com.ar\\\/wp-content\\\/uploads\\\/2023\\\/09\\\/dji-fly-20230922-080632-130-1695380799941-photo-scaled.jpg\",\"contentUrl\":\"https:\\\/\\\/www.puertocdelu.com.ar\\\/wp-content\\\/uploads\\\/2023\\\/09\\\/dji-fly-20230922-080632-130-1695380799941-photo-scaled.jpg\",\"width\":2560,\"height\":1440,\"caption\":\"default\"},{\"@type\":\"BreadcrumbList\",\"@id\":\"https:\\\/\\\/www.puertocdelu.com.ar\\\/index.php\\\/2023\\\/09\\\/22\\\/ingreso-otro-buque-al-puerto-y-se-esperan-dos-mas-para-los-proximos-dias\\\/#breadcrumb\",\"itemListElement\":[{\"@type\":\"ListItem\",\"position\":1,\"name\":\"Portada\",\"item\":\"https:\\\/\\\/www.puertocdelu.com.ar\\\/\"},{\"@type\":\"ListItem\",\"position\":2,\"name\":\"Ingres\u00f3 otro buque al puerto y se esperan dos m\u00e1s para los pr\u00f3ximos d\u00edas\"}]},{\"@type\":\"WebSite\",\"@id\":\"https:\\\/\\\/www.puertocdelu.com.ar\\\/#website\",\"url\":\"https:\\\/\\\/www.puertocdelu.com.ar\\\/\",\"name\":\"Puerto de Concepci\u00f3n del Uruguay\",\"description\":\"\",\"potentialAction\":[{\"@type\":\"SearchAction\",\"target\":{\"@type\":\"EntryPoint\",\"urlTemplate\":\"https:\\\/\\\/www.puertocdelu.com.ar\\\/?s={search_term_string}\"},\"query-input\":{\"@type\":\"PropertyValueSpecification\",\"valueRequired\":true,\"valueName\":\"search_term_string\"}}],\"inLanguage\":\"es\"},{\"@type\":\"Person\",\"@id\":\"https:\\\/\\\/www.puertocdelu.com.ar\\\/#\\\/schema\\\/person\\\/9d258b923b29bd5f47ca80d9c8cd72d1\",\"name\":\"PuertoCdelU\",\"image\":{\"@type\":\"ImageObject\",\"inLanguage\":\"es\",\"@id\":\"https:\\\/\\\/secure.gravatar.com\\\/avatar\\\/99e38dea1727d397df18aced5ac6840012bb7f24c8570dcfafabb73086aed88c?s=96&d=mm&r=g\",\"url\":\"https:\\\/\\\/secure.gravatar.com\\\/avatar\\\/99e38dea1727d397df18aced5ac6840012bb7f24c8570dcfafabb73086aed88c?s=96&d=mm&r=g\",\"contentUrl\":\"https:\\\/\\\/secure.gravatar.com\\\/avatar\\\/99e38dea1727d397df18aced5ac6840012bb7f24c8570dcfafabb73086aed88c?s=96&d=mm&r=g\",\"caption\":\"PuertoCdelU\"},\"url\":\"https:\\\/\\\/www.puertocdelu.com.ar\\\/index.php\\\/author\\\/hectordelos1\\\/\"}]}<\/script>\n<!-- \/ Yoast SEO plugin. -->","yoast_head_json":{"title":"Ingres\u00f3 otro buque al puerto y se esperan dos m\u00e1s para los pr\u00f3ximos d\u00edas - Puerto de Concepci\u00f3n del Uruguay","robots":{"index":"index","follow":"follow","max-snippet":"max-snippet:-1","max-image-preview":"max-image-preview:large","max-video-preview":"max-video-preview:-1"},"canonical":"https:\/\/www.puertocdelu.com.ar\/index.php\/2023\/09\/22\/ingreso-otro-buque-al-puerto-y-se-esperan-dos-mas-para-los-proximos-dias\/","og_locale":"es_ES","og_type":"article","og_title":"Ingres\u00f3 otro buque al puerto y se esperan dos m\u00e1s para los pr\u00f3ximos d\u00edas - Puerto de Concepci\u00f3n del Uruguay","og_description":"El domingo pasado zarp\u00f3 del puerto de Concepci\u00f3n del Uruguay el buque African Merlin, que hace pocas horas complet\u00f3 su carga en el puerto de Ibicuy. Este viernes, por su parte, hizo su ingreso el ultramarino Norse Antwerp a los muelles uruguayenses, mientras se confirm\u00f3 la llegada del Nalinee Naree para la semana entrante, al [&hellip;]","og_url":"https:\/\/www.puertocdelu.com.ar\/index.php\/2023\/09\/22\/ingreso-otro-buque-al-puerto-y-se-esperan-dos-mas-para-los-proximos-dias\/","og_site_name":"Puerto de Concepci\u00f3n del Uruguay","article_published_time":"2023-09-22T10:32:17+00:00","article_modified_time":"2023-09-27T10:34:17+00:00","og_image":[{"width":2560,"height":1440,"url":"https:\/\/www.puertocdelu.com.ar\/wp-content\/uploads\/2023\/09\/dji-fly-20230922-080632-130-1695380799941-photo-scaled.jpg","type":"image\/jpeg"}],"author":"PuertoCdelU","twitter_card":"summary_large_image","twitter_misc":{"Escrito por":"PuertoCdelU","Tiempo de lectura":"1 minuto"},"schema":{"@context":"https:\/\/schema.org","@graph":[{"@type":"Article","@id":"https:\/\/www.puertocdelu.com.ar\/index.php\/2023\/09\/22\/ingreso-otro-buque-al-puerto-y-se-esperan-dos-mas-para-los-proximos-dias\/#article","isPartOf":{"@id":"https:\/\/www.puertocdelu.com.ar\/index.php\/2023\/09\/22\/ingreso-otro-buque-al-puerto-y-se-esperan-dos-mas-para-los-proximos-dias\/"},"author":{"name":"PuertoCdelU","@id":"https:\/\/www.puertocdelu.com.ar\/#\/schema\/person\/9d258b923b29bd5f47ca80d9c8cd72d1"},"headline":"Ingres\u00f3 otro buque al puerto y se esperan dos m\u00e1s para los pr\u00f3ximos d\u00edas","datePublished":"2023-09-22T10:32:17+00:00","dateModified":"2023-09-27T10:34:17+00:00","mainEntityOfPage":{"@id":"https:\/\/www.puertocdelu.com.ar\/index.php\/2023\/09\/22\/ingreso-otro-buque-al-puerto-y-se-esperan-dos-mas-para-los-proximos-dias\/"},"wordCount":276,"commentCount":0,"image":{"@id":"https:\/\/www.puertocdelu.com.ar\/index.php\/2023\/09\/22\/ingreso-otro-buque-al-puerto-y-se-esperan-dos-mas-para-los-proximos-dias\/#primaryimage"},"thumbnailUrl":"https:\/\/www.puertocdelu.com.ar\/wp-content\/uploads\/2023\/09\/dji-fly-20230922-080632-130-1695380799941-photo-scaled.jpg","articleSection":["Noticias"],"inLanguage":"es","potentialAction":[{"@type":"CommentAction","name":"Comment","target":["https:\/\/www.puertocdelu.com.ar\/index.php\/2023\/09\/22\/ingreso-otro-buque-al-puerto-y-se-esperan-dos-mas-para-los-proximos-dias\/#respond"]}]},{"@type":"WebPage","@id":"https:\/\/www.puertocdelu.com.ar\/index.php\/2023\/09\/22\/ingreso-otro-buque-al-puerto-y-se-esperan-dos-mas-para-los-proximos-dias\/","url":"https:\/\/www.puertocdelu.com.ar\/index.php\/2023\/09\/22\/ingreso-otro-buque-al-puerto-y-se-esperan-dos-mas-para-los-proximos-dias\/","name":"Ingres\u00f3 otro buque al puerto y se esperan dos m\u00e1s para los pr\u00f3ximos d\u00edas - Puerto de Concepci\u00f3n del Uruguay","isPartOf":{"@id":"https:\/\/www.puertocdelu.com.ar\/#website"},"primaryImageOfPage":{"@id":"https:\/\/www.puertocdelu.com.ar\/index.php\/2023\/09\/22\/ingreso-otro-buque-al-puerto-y-se-esperan-dos-mas-para-los-proximos-dias\/#primaryimage"},"image":{"@id":"https:\/\/www.puertocdelu.com.ar\/index.php\/2023\/09\/22\/ingreso-otro-buque-al-puerto-y-se-esperan-dos-mas-para-los-proximos-dias\/#primaryimage"},"thumbnailUrl":"https:\/\/www.puertocdelu.com.ar\/wp-content\/uploads\/2023\/09\/dji-fly-20230922-080632-130-1695380799941-photo-scaled.jpg","datePublished":"2023-09-22T10:32:17+00:00","dateModified":"2023-09-27T10:34:17+00:00","author":{"@id":"https:\/\/www.puertocdelu.com.ar\/#\/schema\/person\/9d258b923b29bd5f47ca80d9c8cd72d1"},"breadcrumb":{"@id":"https:\/\/www.puertocdelu.com.ar\/index.php\/2023\/09\/22\/ingreso-otro-buque-al-puerto-y-se-esperan-dos-mas-para-los-proximos-dias\/#breadcrumb"},"inLanguage":"es","potentialAction":[{"@type":"ReadAction","target":["https:\/\/www.puertocdelu.com.ar\/index.php\/2023\/09\/22\/ingreso-otro-buque-al-puerto-y-se-esperan-dos-mas-para-los-proximos-dias\/"]}]},{"@type":"ImageObject","inLanguage":"es","@id":"https:\/\/www.puertocdelu.com.ar\/index.php\/2023\/09\/22\/ingreso-otro-buque-al-puerto-y-se-esperan-dos-mas-para-los-proximos-dias\/#primaryimage","url":"https:\/\/www.puertocdelu.com.ar\/wp-content\/uploads\/2023\/09\/dji-fly-20230922-080632-130-1695380799941-photo-scaled.jpg","contentUrl":"https:\/\/www.puertocdelu.com.ar\/wp-content\/uploads\/2023\/09\/dji-fly-20230922-080632-130-1695380799941-photo-scaled.jpg","width":2560,"height":1440,"caption":"default"},{"@type":"BreadcrumbList","@id":"https:\/\/www.puertocdelu.com.ar\/index.php\/2023\/09\/22\/ingreso-otro-buque-al-puerto-y-se-esperan-dos-mas-para-los-proximos-dias\/#breadcrumb","itemListElement":[{"@type":"ListItem","position":1,"name":"Portada","item":"https:\/\/www.puertocdelu.com.ar\/"},{"@type":"ListItem","position":2,"name":"Ingres\u00f3 otro buque al puerto y se esperan dos m\u00e1s para los pr\u00f3ximos d\u00edas"}]},{"@type":"WebSite","@id":"https:\/\/www.puertocdelu.com.ar\/#website","url":"https:\/\/www.puertocdelu.com.ar\/","name":"Puerto de Concepci\u00f3n del Uruguay","description":"","potentialAction":[{"@type":"SearchAction","target":{"@type":"EntryPoint","urlTemplate":"https:\/\/www.puertocdelu.com.ar\/?s={search_term_string}"},"query-input":{"@type":"PropertyValueSpecification","valueRequired":true,"valueName":"search_term_string"}}],"inLanguage":"es"},{"@type":"Person","@id":"https:\/\/www.puertocdelu.com.ar\/#\/schema\/person\/9d258b923b29bd5f47ca80d9c8cd72d1","name":"PuertoCdelU","image":{"@type":"ImageObject","inLanguage":"es","@id":"https:\/\/secure.gravatar.com\/avatar\/99e38dea1727d397df18aced5ac6840012bb7f24c8570dcfafabb73086aed88c?s=96&d=mm&r=g","url":"https:\/\/secure.gravatar.com\/avatar\/99e38dea1727d397df18aced5ac6840012bb7f24c8570dcfafabb73086aed88c?s=96&d=mm&r=g","contentUrl":"https:\/\/secure.gravatar.com\/avatar\/99e38dea1727d397df18aced5ac6840012bb7f24c8570dcfafabb73086aed88c?s=96&d=mm&r=g","caption":"PuertoCdelU"},"url":"https:\/\/www.puertocdelu.com.ar\/index.php\/author\/hectordelos1\/"}]}},"_links":{"self":[{"href":"https:\/\/www.puertocdelu.com.ar\/index.php\/wp-json\/wp\/v2\/posts\/2666","targetHints":{"allow":["GET"]}}],"collection":[{"href":"https:\/\/www.puertocdelu.com.ar\/index.php\/wp-json\/wp\/v2\/posts"}],"about":[{"href":"https:\/\/www.puertocdelu.com.ar\/index.php\/wp-json\/wp\/v2\/types\/post"}],"author":[{"embeddable":true,"href":"https:\/\/www.puertocdelu.com.ar\/index.php\/wp-json\/wp\/v2\/users\/1"}],"replies":[{"embeddable":true,"href":"https:\/\/www.puertocdelu.com.ar\/index.php\/wp-json\/wp\/v2\/comments?post=2666"}],"version-history":[{"count":1,"href":"https:\/\/www.puertocdelu.com.ar\/index.php\/wp-json\/wp\/v2\/posts\/2666\/revisions"}],"predecessor-version":[{"id":2668,"href":"https:\/\/www.puertocdelu.com.ar\/index.php\/wp-json\/wp\/v2\/posts\/2666\/revisions\/2668"}],"wp:featuredmedia":[{"embeddable":true,"href":"https:\/\/www.puertocdelu.com.ar\/index.php\/wp-json\/wp\/v2\/media\/2667"}],"wp:attachment":[{"href":"https:\/\/www.puertocdelu.com.ar\/index.php\/wp-json\/wp\/v2\/media?parent=2666"}],"wp:term":[{"taxonomy":"category","embeddable":true,"href":"https:\/\/www.puertocdelu.com.ar\/index.php\/wp-json\/wp\/v2\/categories?post=2666"},{"taxonomy":"post_tag","embeddable":true,"href":"https:\/\/www.puertocdelu.com.ar\/index.php\/wp-json\/wp\/v2\/tags?post=2666"}],"curies":[{"name":"wp","href":"https:\/\/api.w.org\/{rel}","templated":true}]}}