{"id":2672,"date":"2023-09-28T23:20:58","date_gmt":"2023-09-28T23:20:58","guid":{"rendered":"https:\/\/www.puertocdelu.com.ar\/?p=2672"},"modified":"2023-09-29T23:21:30","modified_gmt":"2023-09-29T23:21:30","slug":"el-puerto-opero-con-cuatro-buques-en-quince-dias-y-se-esperan-dos-mas","status":"publish","type":"post","link":"https:\/\/www.puertocdelu.com.ar\/index.php\/2023\/09\/28\/el-puerto-opero-con-cuatro-buques-en-quince-dias-y-se-esperan-dos-mas\/","title":{"rendered":"El puerto oper\u00f3 con cuatro buques en quince d\u00edas, y se esperan dos m\u00e1s"},"content":{"rendered":"<p>La intensidad de las operaciones portuarias en Concepci\u00f3n del Uruguay se vieron reflejadas en la actividad de esta semana con el trabajo de tres buques en apenas 5 d\u00edas.<\/p>\n<p>El lunes termin\u00f3 la carga del Norse Antwerp, y el mismo d\u00eda ingres\u00f3 el Nalinee Naree que oper\u00f3 hasta este mi\u00e9rcoles 27 de septiembre, mientras el ES Integrity aguardaba frente a Banco Pelay para hacer su ingreso y comenzar a cargar.<\/p>\n<p>Finalmente este \u00faltimo carguero amarr\u00f3 en los muelles 14, 15, y 16 bis en la ma\u00f1ana de este jueves para comenzar a operar inmediatamente.<\/p>\n<p>A todos estos se suma el African Merlin, que lleg\u00f3 y oper\u00f3 en Concepci\u00f3n del Uruguay el 14 de septiembre pasado, durante el pico de la creciente del r\u00edo Uruguay, y zarp\u00f3 sin problemas para completar su carga en el puerto de Ibicuy.<\/p>\n<p>Los tres primeros buques de esta quincena fueron operados por la empresa PTP Group que hizo la log\u00edstica de carga para la exportadora ACB S.A. que comercializa troncos de pino a granel con compradores de la India.<\/p>\n<p>Por su parte, el buque ES Integrity, carga para la empresa Urcel Argentina S.A. un conglomerado dedicado a la industria forestal en Argentina y Uruguay que opera en los puertos entrerrianos hace m\u00e1s de cinco a\u00f1os.<\/p>\n<p>Seg\u00fan la informaci\u00f3n aportada por la Agencia Mar\u00edtima Ghiorzi, una vez finalizada las operaciones del buque actual, se aguarda la llegada del ultramarino Seastar Viking, que zarp\u00f3 del puerto de Pointe Noire, en el Congo, y se espera su llegada para este domingo o lunes a Concepci\u00f3n del Uruguay.<\/p>\n<p>Todos estos cargueros est\u00e1n embarcando troncos de pino a granel con destino al puerto de Kandla, en la India.<\/p>\n<p>&nbsp;<\/p>\n","protected":false},"excerpt":{"rendered":"<p>La intensidad de las operaciones portuarias en Concepci\u00f3n del Uruguay se vieron reflejadas en la actividad de esta semana con el trabajo de tres buques en apenas 5 d\u00edas. El lunes termin\u00f3 la carga del Norse Antwerp, y el mismo d\u00eda ingres\u00f3 el Nalinee Naree que oper\u00f3 hasta este mi\u00e9rcoles 27 de septiembre, mientras el [&hellip;]<\/p>\n","protected":false},"author":1,"featured_media":2673,"comment_status":"open","ping_status":"open","sticky":false,"template":"","format":"standard","meta":{"footnotes":""},"categories":[81],"tags":[],"class_list":{"0":"post-2672","1":"post","2":"type-post","3":"status-publish","4":"format-standard","5":"has-post-thumbnail","7":"category-noticias"},"yoast_head":"<!-- This site is optimized with the Yoast SEO plugin v27.4 - https:\/\/yoast.com\/product\/yoast-seo-wordpress\/ -->\n<title>El puerto oper\u00f3 con cuatro buques en quince d\u00edas, y se esperan dos m\u00e1s - Puerto de Concepci\u00f3n del Uruguay<\/title>\n<meta name=\"robots\" content=\"index, follow, max-snippet:-1, max-image-preview:large, max-video-preview:-1\" \/>\n<link rel=\"canonical\" href=\"https:\/\/www.puertocdelu.com.ar\/index.php\/2023\/09\/28\/el-puerto-opero-con-cuatro-buques-en-quince-dias-y-se-esperan-dos-mas\/\" \/>\n<meta property=\"og:locale\" content=\"es_ES\" \/>\n<meta property=\"og:type\" content=\"article\" \/>\n<meta property=\"og:title\" content=\"El puerto oper\u00f3 con cuatro buques en quince d\u00edas, y se esperan dos m\u00e1s - Puerto de Concepci\u00f3n del Uruguay\" \/>\n<meta property=\"og:description\" content=\"La intensidad de las operaciones portuarias en Concepci\u00f3n del Uruguay se vieron reflejadas en la actividad de esta semana con el trabajo de tres buques en apenas 5 d\u00edas. El lunes termin\u00f3 la carga del Norse Antwerp, y el mismo d\u00eda ingres\u00f3 el Nalinee Naree que oper\u00f3 hasta este mi\u00e9rcoles 27 de septiembre, mientras el [&hellip;]\" \/>\n<meta property=\"og:url\" content=\"https:\/\/www.puertocdelu.com.ar\/index.php\/2023\/09\/28\/el-puerto-opero-con-cuatro-buques-en-quince-dias-y-se-esperan-dos-mas\/\" \/>\n<meta property=\"og:site_name\" content=\"Puerto de Concepci\u00f3n del Uruguay\" \/>\n<meta property=\"article:published_time\" content=\"2023-09-28T23:20:58+00:00\" \/>\n<meta property=\"article:modified_time\" content=\"2023-09-29T23:21:30+00:00\" \/>\n<meta property=\"og:image\" content=\"https:\/\/www.puertocdelu.com.ar\/wp-content\/uploads\/2023\/09\/inte01.jpg\" \/>\n\t<meta property=\"og:image:width\" content=\"1024\" \/>\n\t<meta property=\"og:image:height\" content=\"576\" \/>\n\t<meta property=\"og:image:type\" content=\"image\/jpeg\" \/>\n<meta name=\"author\" content=\"PuertoCdelU\" \/>\n<meta name=\"twitter:card\" content=\"summary_large_image\" \/>\n<meta name=\"twitter:label1\" content=\"Escrito por\" \/>\n\t<meta name=\"twitter:data1\" content=\"PuertoCdelU\" \/>\n\t<meta name=\"twitter:label2\" content=\"Tiempo de lectura\" \/>\n\t<meta name=\"twitter:data2\" content=\"1 minuto\" \/>\n<script type=\"application\/ld+json\" class=\"yoast-schema-graph\">{\"@context\":\"https:\\\/\\\/schema.org\",\"@graph\":[{\"@type\":\"Article\",\"@id\":\"https:\\\/\\\/www.puertocdelu.com.ar\\\/index.php\\\/2023\\\/09\\\/28\\\/el-puerto-opero-con-cuatro-buques-en-quince-dias-y-se-esperan-dos-mas\\\/#article\",\"isPartOf\":{\"@id\":\"https:\\\/\\\/www.puertocdelu.com.ar\\\/index.php\\\/2023\\\/09\\\/28\\\/el-puerto-opero-con-cuatro-buques-en-quince-dias-y-se-esperan-dos-mas\\\/\"},\"author\":{\"name\":\"PuertoCdelU\",\"@id\":\"https:\\\/\\\/www.puertocdelu.com.ar\\\/#\\\/schema\\\/person\\\/9d258b923b29bd5f47ca80d9c8cd72d1\"},\"headline\":\"El puerto oper\u00f3 con cuatro buques en quince d\u00edas, y se esperan dos m\u00e1s\",\"datePublished\":\"2023-09-28T23:20:58+00:00\",\"dateModified\":\"2023-09-29T23:21:30+00:00\",\"mainEntityOfPage\":{\"@id\":\"https:\\\/\\\/www.puertocdelu.com.ar\\\/index.php\\\/2023\\\/09\\\/28\\\/el-puerto-opero-con-cuatro-buques-en-quince-dias-y-se-esperan-dos-mas\\\/\"},\"wordCount\":306,\"commentCount\":0,\"image\":{\"@id\":\"https:\\\/\\\/www.puertocdelu.com.ar\\\/index.php\\\/2023\\\/09\\\/28\\\/el-puerto-opero-con-cuatro-buques-en-quince-dias-y-se-esperan-dos-mas\\\/#primaryimage\"},\"thumbnailUrl\":\"https:\\\/\\\/www.puertocdelu.com.ar\\\/wp-content\\\/uploads\\\/2023\\\/09\\\/inte01.jpg\",\"articleSection\":[\"Noticias\"],\"inLanguage\":\"es\",\"potentialAction\":[{\"@type\":\"CommentAction\",\"name\":\"Comment\",\"target\":[\"https:\\\/\\\/www.puertocdelu.com.ar\\\/index.php\\\/2023\\\/09\\\/28\\\/el-puerto-opero-con-cuatro-buques-en-quince-dias-y-se-esperan-dos-mas\\\/#respond\"]}]},{\"@type\":\"WebPage\",\"@id\":\"https:\\\/\\\/www.puertocdelu.com.ar\\\/index.php\\\/2023\\\/09\\\/28\\\/el-puerto-opero-con-cuatro-buques-en-quince-dias-y-se-esperan-dos-mas\\\/\",\"url\":\"https:\\\/\\\/www.puertocdelu.com.ar\\\/index.php\\\/2023\\\/09\\\/28\\\/el-puerto-opero-con-cuatro-buques-en-quince-dias-y-se-esperan-dos-mas\\\/\",\"name\":\"El puerto oper\u00f3 con cuatro buques en quince d\u00edas, y se esperan dos m\u00e1s - Puerto de Concepci\u00f3n del Uruguay\",\"isPartOf\":{\"@id\":\"https:\\\/\\\/www.puertocdelu.com.ar\\\/#website\"},\"primaryImageOfPage\":{\"@id\":\"https:\\\/\\\/www.puertocdelu.com.ar\\\/index.php\\\/2023\\\/09\\\/28\\\/el-puerto-opero-con-cuatro-buques-en-quince-dias-y-se-esperan-dos-mas\\\/#primaryimage\"},\"image\":{\"@id\":\"https:\\\/\\\/www.puertocdelu.com.ar\\\/index.php\\\/2023\\\/09\\\/28\\\/el-puerto-opero-con-cuatro-buques-en-quince-dias-y-se-esperan-dos-mas\\\/#primaryimage\"},\"thumbnailUrl\":\"https:\\\/\\\/www.puertocdelu.com.ar\\\/wp-content\\\/uploads\\\/2023\\\/09\\\/inte01.jpg\",\"datePublished\":\"2023-09-28T23:20:58+00:00\",\"dateModified\":\"2023-09-29T23:21:30+00:00\",\"author\":{\"@id\":\"https:\\\/\\\/www.puertocdelu.com.ar\\\/#\\\/schema\\\/person\\\/9d258b923b29bd5f47ca80d9c8cd72d1\"},\"breadcrumb\":{\"@id\":\"https:\\\/\\\/www.puertocdelu.com.ar\\\/index.php\\\/2023\\\/09\\\/28\\\/el-puerto-opero-con-cuatro-buques-en-quince-dias-y-se-esperan-dos-mas\\\/#breadcrumb\"},\"inLanguage\":\"es\",\"potentialAction\":[{\"@type\":\"ReadAction\",\"target\":[\"https:\\\/\\\/www.puertocdelu.com.ar\\\/index.php\\\/2023\\\/09\\\/28\\\/el-puerto-opero-con-cuatro-buques-en-quince-dias-y-se-esperan-dos-mas\\\/\"]}]},{\"@type\":\"ImageObject\",\"inLanguage\":\"es\",\"@id\":\"https:\\\/\\\/www.puertocdelu.com.ar\\\/index.php\\\/2023\\\/09\\\/28\\\/el-puerto-opero-con-cuatro-buques-en-quince-dias-y-se-esperan-dos-mas\\\/#primaryimage\",\"url\":\"https:\\\/\\\/www.puertocdelu.com.ar\\\/wp-content\\\/uploads\\\/2023\\\/09\\\/inte01.jpg\",\"contentUrl\":\"https:\\\/\\\/www.puertocdelu.com.ar\\\/wp-content\\\/uploads\\\/2023\\\/09\\\/inte01.jpg\",\"width\":1024,\"height\":576},{\"@type\":\"BreadcrumbList\",\"@id\":\"https:\\\/\\\/www.puertocdelu.com.ar\\\/index.php\\\/2023\\\/09\\\/28\\\/el-puerto-opero-con-cuatro-buques-en-quince-dias-y-se-esperan-dos-mas\\\/#breadcrumb\",\"itemListElement\":[{\"@type\":\"ListItem\",\"position\":1,\"name\":\"Portada\",\"item\":\"https:\\\/\\\/www.puertocdelu.com.ar\\\/\"},{\"@type\":\"ListItem\",\"position\":2,\"name\":\"El puerto oper\u00f3 con cuatro buques en quince d\u00edas, y se esperan dos m\u00e1s\"}]},{\"@type\":\"WebSite\",\"@id\":\"https:\\\/\\\/www.puertocdelu.com.ar\\\/#website\",\"url\":\"https:\\\/\\\/www.puertocdelu.com.ar\\\/\",\"name\":\"Puerto de Concepci\u00f3n del Uruguay\",\"description\":\"\",\"potentialAction\":[{\"@type\":\"SearchAction\",\"target\":{\"@type\":\"EntryPoint\",\"urlTemplate\":\"https:\\\/\\\/www.puertocdelu.com.ar\\\/?s={search_term_string}\"},\"query-input\":{\"@type\":\"PropertyValueSpecification\",\"valueRequired\":true,\"valueName\":\"search_term_string\"}}],\"inLanguage\":\"es\"},{\"@type\":\"Person\",\"@id\":\"https:\\\/\\\/www.puertocdelu.com.ar\\\/#\\\/schema\\\/person\\\/9d258b923b29bd5f47ca80d9c8cd72d1\",\"name\":\"PuertoCdelU\",\"image\":{\"@type\":\"ImageObject\",\"inLanguage\":\"es\",\"@id\":\"https:\\\/\\\/secure.gravatar.com\\\/avatar\\\/99e38dea1727d397df18aced5ac6840012bb7f24c8570dcfafabb73086aed88c?s=96&d=mm&r=g\",\"url\":\"https:\\\/\\\/secure.gravatar.com\\\/avatar\\\/99e38dea1727d397df18aced5ac6840012bb7f24c8570dcfafabb73086aed88c?s=96&d=mm&r=g\",\"contentUrl\":\"https:\\\/\\\/secure.gravatar.com\\\/avatar\\\/99e38dea1727d397df18aced5ac6840012bb7f24c8570dcfafabb73086aed88c?s=96&d=mm&r=g\",\"caption\":\"PuertoCdelU\"},\"url\":\"https:\\\/\\\/www.puertocdelu.com.ar\\\/index.php\\\/author\\\/hectordelos1\\\/\"}]}<\/script>\n<!-- \/ Yoast SEO plugin. -->","yoast_head_json":{"title":"El puerto oper\u00f3 con cuatro buques en quince d\u00edas, y se esperan dos m\u00e1s - Puerto de Concepci\u00f3n del Uruguay","robots":{"index":"index","follow":"follow","max-snippet":"max-snippet:-1","max-image-preview":"max-image-preview:large","max-video-preview":"max-video-preview:-1"},"canonical":"https:\/\/www.puertocdelu.com.ar\/index.php\/2023\/09\/28\/el-puerto-opero-con-cuatro-buques-en-quince-dias-y-se-esperan-dos-mas\/","og_locale":"es_ES","og_type":"article","og_title":"El puerto oper\u00f3 con cuatro buques en quince d\u00edas, y se esperan dos m\u00e1s - Puerto de Concepci\u00f3n del Uruguay","og_description":"La intensidad de las operaciones portuarias en Concepci\u00f3n del Uruguay se vieron reflejadas en la actividad de esta semana con el trabajo de tres buques en apenas 5 d\u00edas. El lunes termin\u00f3 la carga del Norse Antwerp, y el mismo d\u00eda ingres\u00f3 el Nalinee Naree que oper\u00f3 hasta este mi\u00e9rcoles 27 de septiembre, mientras el [&hellip;]","og_url":"https:\/\/www.puertocdelu.com.ar\/index.php\/2023\/09\/28\/el-puerto-opero-con-cuatro-buques-en-quince-dias-y-se-esperan-dos-mas\/","og_site_name":"Puerto de Concepci\u00f3n del Uruguay","article_published_time":"2023-09-28T23:20:58+00:00","article_modified_time":"2023-09-29T23:21:30+00:00","og_image":[{"width":1024,"height":576,"url":"https:\/\/www.puertocdelu.com.ar\/wp-content\/uploads\/2023\/09\/inte01.jpg","type":"image\/jpeg"}],"author":"PuertoCdelU","twitter_card":"summary_large_image","twitter_misc":{"Escrito por":"PuertoCdelU","Tiempo de lectura":"1 minuto"},"schema":{"@context":"https:\/\/schema.org","@graph":[{"@type":"Article","@id":"https:\/\/www.puertocdelu.com.ar\/index.php\/2023\/09\/28\/el-puerto-opero-con-cuatro-buques-en-quince-dias-y-se-esperan-dos-mas\/#article","isPartOf":{"@id":"https:\/\/www.puertocdelu.com.ar\/index.php\/2023\/09\/28\/el-puerto-opero-con-cuatro-buques-en-quince-dias-y-se-esperan-dos-mas\/"},"author":{"name":"PuertoCdelU","@id":"https:\/\/www.puertocdelu.com.ar\/#\/schema\/person\/9d258b923b29bd5f47ca80d9c8cd72d1"},"headline":"El puerto oper\u00f3 con cuatro buques en quince d\u00edas, y se esperan dos m\u00e1s","datePublished":"2023-09-28T23:20:58+00:00","dateModified":"2023-09-29T23:21:30+00:00","mainEntityOfPage":{"@id":"https:\/\/www.puertocdelu.com.ar\/index.php\/2023\/09\/28\/el-puerto-opero-con-cuatro-buques-en-quince-dias-y-se-esperan-dos-mas\/"},"wordCount":306,"commentCount":0,"image":{"@id":"https:\/\/www.puertocdelu.com.ar\/index.php\/2023\/09\/28\/el-puerto-opero-con-cuatro-buques-en-quince-dias-y-se-esperan-dos-mas\/#primaryimage"},"thumbnailUrl":"https:\/\/www.puertocdelu.com.ar\/wp-content\/uploads\/2023\/09\/inte01.jpg","articleSection":["Noticias"],"inLanguage":"es","potentialAction":[{"@type":"CommentAction","name":"Comment","target":["https:\/\/www.puertocdelu.com.ar\/index.php\/2023\/09\/28\/el-puerto-opero-con-cuatro-buques-en-quince-dias-y-se-esperan-dos-mas\/#respond"]}]},{"@type":"WebPage","@id":"https:\/\/www.puertocdelu.com.ar\/index.php\/2023\/09\/28\/el-puerto-opero-con-cuatro-buques-en-quince-dias-y-se-esperan-dos-mas\/","url":"https:\/\/www.puertocdelu.com.ar\/index.php\/2023\/09\/28\/el-puerto-opero-con-cuatro-buques-en-quince-dias-y-se-esperan-dos-mas\/","name":"El puerto oper\u00f3 con cuatro buques en quince d\u00edas, y se esperan dos m\u00e1s - Puerto de Concepci\u00f3n del Uruguay","isPartOf":{"@id":"https:\/\/www.puertocdelu.com.ar\/#website"},"primaryImageOfPage":{"@id":"https:\/\/www.puertocdelu.com.ar\/index.php\/2023\/09\/28\/el-puerto-opero-con-cuatro-buques-en-quince-dias-y-se-esperan-dos-mas\/#primaryimage"},"image":{"@id":"https:\/\/www.puertocdelu.com.ar\/index.php\/2023\/09\/28\/el-puerto-opero-con-cuatro-buques-en-quince-dias-y-se-esperan-dos-mas\/#primaryimage"},"thumbnailUrl":"https:\/\/www.puertocdelu.com.ar\/wp-content\/uploads\/2023\/09\/inte01.jpg","datePublished":"2023-09-28T23:20:58+00:00","dateModified":"2023-09-29T23:21:30+00:00","author":{"@id":"https:\/\/www.puertocdelu.com.ar\/#\/schema\/person\/9d258b923b29bd5f47ca80d9c8cd72d1"},"breadcrumb":{"@id":"https:\/\/www.puertocdelu.com.ar\/index.php\/2023\/09\/28\/el-puerto-opero-con-cuatro-buques-en-quince-dias-y-se-esperan-dos-mas\/#breadcrumb"},"inLanguage":"es","potentialAction":[{"@type":"ReadAction","target":["https:\/\/www.puertocdelu.com.ar\/index.php\/2023\/09\/28\/el-puerto-opero-con-cuatro-buques-en-quince-dias-y-se-esperan-dos-mas\/"]}]},{"@type":"ImageObject","inLanguage":"es","@id":"https:\/\/www.puertocdelu.com.ar\/index.php\/2023\/09\/28\/el-puerto-opero-con-cuatro-buques-en-quince-dias-y-se-esperan-dos-mas\/#primaryimage","url":"https:\/\/www.puertocdelu.com.ar\/wp-content\/uploads\/2023\/09\/inte01.jpg","contentUrl":"https:\/\/www.puertocdelu.com.ar\/wp-content\/uploads\/2023\/09\/inte01.jpg","width":1024,"height":576},{"@type":"BreadcrumbList","@id":"https:\/\/www.puertocdelu.com.ar\/index.php\/2023\/09\/28\/el-puerto-opero-con-cuatro-buques-en-quince-dias-y-se-esperan-dos-mas\/#breadcrumb","itemListElement":[{"@type":"ListItem","position":1,"name":"Portada","item":"https:\/\/www.puertocdelu.com.ar\/"},{"@type":"ListItem","position":2,"name":"El puerto oper\u00f3 con cuatro buques en quince d\u00edas, y se esperan dos m\u00e1s"}]},{"@type":"WebSite","@id":"https:\/\/www.puertocdelu.com.ar\/#website","url":"https:\/\/www.puertocdelu.com.ar\/","name":"Puerto de Concepci\u00f3n del Uruguay","description":"","potentialAction":[{"@type":"SearchAction","target":{"@type":"EntryPoint","urlTemplate":"https:\/\/www.puertocdelu.com.ar\/?s={search_term_string}"},"query-input":{"@type":"PropertyValueSpecification","valueRequired":true,"valueName":"search_term_string"}}],"inLanguage":"es"},{"@type":"Person","@id":"https:\/\/www.puertocdelu.com.ar\/#\/schema\/person\/9d258b923b29bd5f47ca80d9c8cd72d1","name":"PuertoCdelU","image":{"@type":"ImageObject","inLanguage":"es","@id":"https:\/\/secure.gravatar.com\/avatar\/99e38dea1727d397df18aced5ac6840012bb7f24c8570dcfafabb73086aed88c?s=96&d=mm&r=g","url":"https:\/\/secure.gravatar.com\/avatar\/99e38dea1727d397df18aced5ac6840012bb7f24c8570dcfafabb73086aed88c?s=96&d=mm&r=g","contentUrl":"https:\/\/secure.gravatar.com\/avatar\/99e38dea1727d397df18aced5ac6840012bb7f24c8570dcfafabb73086aed88c?s=96&d=mm&r=g","caption":"PuertoCdelU"},"url":"https:\/\/www.puertocdelu.com.ar\/index.php\/author\/hectordelos1\/"}]}},"_links":{"self":[{"href":"https:\/\/www.puertocdelu.com.ar\/index.php\/wp-json\/wp\/v2\/posts\/2672","targetHints":{"allow":["GET"]}}],"collection":[{"href":"https:\/\/www.puertocdelu.com.ar\/index.php\/wp-json\/wp\/v2\/posts"}],"about":[{"href":"https:\/\/www.puertocdelu.com.ar\/index.php\/wp-json\/wp\/v2\/types\/post"}],"author":[{"embeddable":true,"href":"https:\/\/www.puertocdelu.com.ar\/index.php\/wp-json\/wp\/v2\/users\/1"}],"replies":[{"embeddable":true,"href":"https:\/\/www.puertocdelu.com.ar\/index.php\/wp-json\/wp\/v2\/comments?post=2672"}],"version-history":[{"count":1,"href":"https:\/\/www.puertocdelu.com.ar\/index.php\/wp-json\/wp\/v2\/posts\/2672\/revisions"}],"predecessor-version":[{"id":2674,"href":"https:\/\/www.puertocdelu.com.ar\/index.php\/wp-json\/wp\/v2\/posts\/2672\/revisions\/2674"}],"wp:featuredmedia":[{"embeddable":true,"href":"https:\/\/www.puertocdelu.com.ar\/index.php\/wp-json\/wp\/v2\/media\/2673"}],"wp:attachment":[{"href":"https:\/\/www.puertocdelu.com.ar\/index.php\/wp-json\/wp\/v2\/media?parent=2672"}],"wp:term":[{"taxonomy":"category","embeddable":true,"href":"https:\/\/www.puertocdelu.com.ar\/index.php\/wp-json\/wp\/v2\/categories?post=2672"},{"taxonomy":"post_tag","embeddable":true,"href":"https:\/\/www.puertocdelu.com.ar\/index.php\/wp-json\/wp\/v2\/tags?post=2672"}],"curies":[{"name":"wp","href":"https:\/\/api.w.org\/{rel}","templated":true}]}}