{"id":2676,"date":"2023-10-23T22:53:40","date_gmt":"2023-10-23T22:53:40","guid":{"rendered":"https:\/\/www.puertocdelu.com.ar\/?p=2676"},"modified":"2023-10-23T22:53:40","modified_gmt":"2023-10-23T22:53:40","slug":"pese-a-la-creciente-el-puerto-de-concepcion-opero-con-normalidad","status":"publish","type":"post","link":"https:\/\/www.puertocdelu.com.ar\/index.php\/2023\/10\/23\/pese-a-la-creciente-el-puerto-de-concepcion-opero-con-normalidad\/","title":{"rendered":"Pese a la creciente el puerto de Concepci\u00f3n oper\u00f3 con normalidad"},"content":{"rendered":"<p style=\"font-weight: 400;\">Desde el pasado viernes 20 de octubre est\u00e1 operando en el Puerto de Concepci\u00f3n del Uruguay el buque Iberian Bulker cargando troncos de pino y eucalipto a granel con destino a la India.<\/p>\n<p style=\"font-weight: 400;\">Se trata de un ultramarino con bandera de Dinamarca que mide 180 metros de eslora y 30 de manga.<\/p>\n<p style=\"font-weight: 400;\">Pese a la creciente que registra el r\u00edo Uruguay, cercana a los 6 metros en las \u00faltimas horas, la operatoria portuaria se realiz\u00f3 de forma totalmente normal en los muelles 14, 15, y 16 bis, dise\u00f1ados para operar con alturas del r\u00edo superiores a los 7 metros.<\/p>\n<p style=\"font-weight: 400;\">Durante la jornada del domingo hubo interrupciones debido a las copiosas lluvias que se sucedieron en la regi\u00f3n y que impidieron que algunos turnos de carga se pudieran completar normalmente.<\/p>\n<p style=\"font-weight: 400;\">Si las condiciones del tiempo lo permiten, el ultramarino zarpar\u00e1 rumbo a Ibicuy este lunes para completar all\u00ed sus bodegas y partir a su destino en el puerto de Kandla, en la India.<\/p>\n<p style=\"font-weight: 400;\">El arribo de un nuevo carguero al puerto uruguayense confirma la curva ascendente de la actividad portuaria que se registra en la provincia de Entre R\u00edos, donde sus dos puertos, tanto Concepci\u00f3n del Uruguay, como Ibicuy, vienen sumando embarques a un ritmo acelerado y constante.<\/p>\n<p style=\"font-weight: 400;\">Desde hace un mes los buques se vienen sucediendo unos con otros en ambos puertos, con un cronograma de buques ya confirmados para los meses de noviembre y diciembre.<\/p>\n<p style=\"font-weight: 400;\">Las cifras del movimiento portuario en Concepci\u00f3n del Uruguay tambi\u00e9n hablan de un incremento como no se ve\u00eda desde el a\u00f1o 1999 en esta terminal entrerriana.<\/p>\n<p style=\"font-weight: 400;\">En lo que va de 2023, Entre R\u00edos lleva cargados 24 buques en los puertos de Ibicuy y Concepci\u00f3n del Uruguay, y se aguarda la llegada de una decena m\u00e1s para los meses que quedan de este a\u00f1o, por lo que se espera cerrar el a\u00f1o con m\u00e1s de 30 buques operados.<\/p>\n<p style=\"font-weight: 400;\">\n<p style=\"font-weight: 400;\">Infraestructura preparada<\/p>\n<p style=\"font-weight: 400;\">Las crecientes del r\u00edo Uruguay no son impedimento para las operaciones en el puerto de Concepci\u00f3n del Uruguay, ya que su infraestructura est\u00e1 dise\u00f1ada para operar con el r\u00edo a\u00fan por sobre los 7 metros de altura.<\/p>\n<p style=\"font-weight: 400;\">Los muelles 14, 15, y 16 bis, est\u00e1n dise\u00f1ados a una cota de 7.70 metros, previsi\u00f3n que ya fue puesta a prueba en diferentes oportunidades. La \u00faltima fue durante la creciente del verano de 2019, cuando el r\u00edo Uruguay trep\u00f3 sobre los 7.10 metros. Actualmente se encuentra sobre los 6,00 metros, y las previsiones de la Comisi\u00f3n T\u00e9cnica Mixta de Salto Grande prev\u00e9 que el r\u00edo podr\u00eda alcanzar los 6.50 metros frente al puerto de Concepci\u00f3n del Uruguay.<\/p>\n","protected":false},"excerpt":{"rendered":"<p>Desde el pasado viernes 20 de octubre est\u00e1 operando en el Puerto de Concepci\u00f3n del Uruguay el buque Iberian Bulker cargando troncos de pino y eucalipto a granel con destino a la India. Se trata de un ultramarino con bandera de Dinamarca que mide 180 metros de eslora y 30 de manga. Pese a la [&hellip;]<\/p>\n","protected":false},"author":1,"featured_media":2677,"comment_status":"open","ping_status":"open","sticky":false,"template":"","format":"standard","meta":{"footnotes":""},"categories":[81],"tags":[],"class_list":{"0":"post-2676","1":"post","2":"type-post","3":"status-publish","4":"format-standard","5":"has-post-thumbnail","7":"category-noticias"},"yoast_head":"<!-- This site is optimized with the Yoast SEO plugin v27.4 - https:\/\/yoast.com\/product\/yoast-seo-wordpress\/ -->\n<title>Pese a la creciente el puerto de Concepci\u00f3n oper\u00f3 con normalidad - Puerto de Concepci\u00f3n del Uruguay<\/title>\n<meta name=\"robots\" content=\"index, follow, max-snippet:-1, max-image-preview:large, max-video-preview:-1\" \/>\n<link rel=\"canonical\" href=\"https:\/\/www.puertocdelu.com.ar\/index.php\/2023\/10\/23\/pese-a-la-creciente-el-puerto-de-concepcion-opero-con-normalidad\/\" \/>\n<meta property=\"og:locale\" content=\"es_ES\" \/>\n<meta property=\"og:type\" content=\"article\" \/>\n<meta property=\"og:title\" content=\"Pese a la creciente el puerto de Concepci\u00f3n oper\u00f3 con normalidad - Puerto de Concepci\u00f3n del Uruguay\" \/>\n<meta property=\"og:description\" content=\"Desde el pasado viernes 20 de octubre est\u00e1 operando en el Puerto de Concepci\u00f3n del Uruguay el buque Iberian Bulker cargando troncos de pino y eucalipto a granel con destino a la India. Se trata de un ultramarino con bandera de Dinamarca que mide 180 metros de eslora y 30 de manga. Pese a la [&hellip;]\" \/>\n<meta property=\"og:url\" content=\"https:\/\/www.puertocdelu.com.ar\/index.php\/2023\/10\/23\/pese-a-la-creciente-el-puerto-de-concepcion-opero-con-normalidad\/\" \/>\n<meta property=\"og:site_name\" content=\"Puerto de Concepci\u00f3n del Uruguay\" \/>\n<meta property=\"article:published_time\" content=\"2023-10-23T22:53:40+00:00\" \/>\n<meta property=\"og:image\" content=\"https:\/\/www.puertocdelu.com.ar\/wp-content\/uploads\/2023\/10\/rio-03.jpg\" \/>\n\t<meta property=\"og:image:width\" content=\"1600\" \/>\n\t<meta property=\"og:image:height\" content=\"900\" \/>\n\t<meta property=\"og:image:type\" content=\"image\/jpeg\" \/>\n<meta name=\"author\" content=\"PuertoCdelU\" \/>\n<meta name=\"twitter:card\" content=\"summary_large_image\" \/>\n<meta name=\"twitter:label1\" content=\"Escrito por\" \/>\n\t<meta name=\"twitter:data1\" content=\"PuertoCdelU\" \/>\n\t<meta name=\"twitter:label2\" content=\"Tiempo de lectura\" \/>\n\t<meta name=\"twitter:data2\" content=\"2 minutos\" \/>\n<script type=\"application\/ld+json\" class=\"yoast-schema-graph\">{\"@context\":\"https:\\\/\\\/schema.org\",\"@graph\":[{\"@type\":\"Article\",\"@id\":\"https:\\\/\\\/www.puertocdelu.com.ar\\\/index.php\\\/2023\\\/10\\\/23\\\/pese-a-la-creciente-el-puerto-de-concepcion-opero-con-normalidad\\\/#article\",\"isPartOf\":{\"@id\":\"https:\\\/\\\/www.puertocdelu.com.ar\\\/index.php\\\/2023\\\/10\\\/23\\\/pese-a-la-creciente-el-puerto-de-concepcion-opero-con-normalidad\\\/\"},\"author\":{\"name\":\"PuertoCdelU\",\"@id\":\"https:\\\/\\\/www.puertocdelu.com.ar\\\/#\\\/schema\\\/person\\\/9d258b923b29bd5f47ca80d9c8cd72d1\"},\"headline\":\"Pese a la creciente el puerto de Concepci\u00f3n oper\u00f3 con normalidad\",\"datePublished\":\"2023-10-23T22:53:40+00:00\",\"mainEntityOfPage\":{\"@id\":\"https:\\\/\\\/www.puertocdelu.com.ar\\\/index.php\\\/2023\\\/10\\\/23\\\/pese-a-la-creciente-el-puerto-de-concepcion-opero-con-normalidad\\\/\"},\"wordCount\":453,\"commentCount\":0,\"image\":{\"@id\":\"https:\\\/\\\/www.puertocdelu.com.ar\\\/index.php\\\/2023\\\/10\\\/23\\\/pese-a-la-creciente-el-puerto-de-concepcion-opero-con-normalidad\\\/#primaryimage\"},\"thumbnailUrl\":\"https:\\\/\\\/www.puertocdelu.com.ar\\\/wp-content\\\/uploads\\\/2023\\\/10\\\/rio-03.jpg\",\"articleSection\":[\"Noticias\"],\"inLanguage\":\"es\",\"potentialAction\":[{\"@type\":\"CommentAction\",\"name\":\"Comment\",\"target\":[\"https:\\\/\\\/www.puertocdelu.com.ar\\\/index.php\\\/2023\\\/10\\\/23\\\/pese-a-la-creciente-el-puerto-de-concepcion-opero-con-normalidad\\\/#respond\"]}]},{\"@type\":\"WebPage\",\"@id\":\"https:\\\/\\\/www.puertocdelu.com.ar\\\/index.php\\\/2023\\\/10\\\/23\\\/pese-a-la-creciente-el-puerto-de-concepcion-opero-con-normalidad\\\/\",\"url\":\"https:\\\/\\\/www.puertocdelu.com.ar\\\/index.php\\\/2023\\\/10\\\/23\\\/pese-a-la-creciente-el-puerto-de-concepcion-opero-con-normalidad\\\/\",\"name\":\"Pese a la creciente el puerto de Concepci\u00f3n oper\u00f3 con normalidad - Puerto de Concepci\u00f3n del Uruguay\",\"isPartOf\":{\"@id\":\"https:\\\/\\\/www.puertocdelu.com.ar\\\/#website\"},\"primaryImageOfPage\":{\"@id\":\"https:\\\/\\\/www.puertocdelu.com.ar\\\/index.php\\\/2023\\\/10\\\/23\\\/pese-a-la-creciente-el-puerto-de-concepcion-opero-con-normalidad\\\/#primaryimage\"},\"image\":{\"@id\":\"https:\\\/\\\/www.puertocdelu.com.ar\\\/index.php\\\/2023\\\/10\\\/23\\\/pese-a-la-creciente-el-puerto-de-concepcion-opero-con-normalidad\\\/#primaryimage\"},\"thumbnailUrl\":\"https:\\\/\\\/www.puertocdelu.com.ar\\\/wp-content\\\/uploads\\\/2023\\\/10\\\/rio-03.jpg\",\"datePublished\":\"2023-10-23T22:53:40+00:00\",\"author\":{\"@id\":\"https:\\\/\\\/www.puertocdelu.com.ar\\\/#\\\/schema\\\/person\\\/9d258b923b29bd5f47ca80d9c8cd72d1\"},\"breadcrumb\":{\"@id\":\"https:\\\/\\\/www.puertocdelu.com.ar\\\/index.php\\\/2023\\\/10\\\/23\\\/pese-a-la-creciente-el-puerto-de-concepcion-opero-con-normalidad\\\/#breadcrumb\"},\"inLanguage\":\"es\",\"potentialAction\":[{\"@type\":\"ReadAction\",\"target\":[\"https:\\\/\\\/www.puertocdelu.com.ar\\\/index.php\\\/2023\\\/10\\\/23\\\/pese-a-la-creciente-el-puerto-de-concepcion-opero-con-normalidad\\\/\"]}]},{\"@type\":\"ImageObject\",\"inLanguage\":\"es\",\"@id\":\"https:\\\/\\\/www.puertocdelu.com.ar\\\/index.php\\\/2023\\\/10\\\/23\\\/pese-a-la-creciente-el-puerto-de-concepcion-opero-con-normalidad\\\/#primaryimage\",\"url\":\"https:\\\/\\\/www.puertocdelu.com.ar\\\/wp-content\\\/uploads\\\/2023\\\/10\\\/rio-03.jpg\",\"contentUrl\":\"https:\\\/\\\/www.puertocdelu.com.ar\\\/wp-content\\\/uploads\\\/2023\\\/10\\\/rio-03.jpg\",\"width\":1600,\"height\":900},{\"@type\":\"BreadcrumbList\",\"@id\":\"https:\\\/\\\/www.puertocdelu.com.ar\\\/index.php\\\/2023\\\/10\\\/23\\\/pese-a-la-creciente-el-puerto-de-concepcion-opero-con-normalidad\\\/#breadcrumb\",\"itemListElement\":[{\"@type\":\"ListItem\",\"position\":1,\"name\":\"Portada\",\"item\":\"https:\\\/\\\/www.puertocdelu.com.ar\\\/\"},{\"@type\":\"ListItem\",\"position\":2,\"name\":\"Pese a la creciente el puerto de Concepci\u00f3n oper\u00f3 con normalidad\"}]},{\"@type\":\"WebSite\",\"@id\":\"https:\\\/\\\/www.puertocdelu.com.ar\\\/#website\",\"url\":\"https:\\\/\\\/www.puertocdelu.com.ar\\\/\",\"name\":\"Puerto de Concepci\u00f3n del Uruguay\",\"description\":\"\",\"potentialAction\":[{\"@type\":\"SearchAction\",\"target\":{\"@type\":\"EntryPoint\",\"urlTemplate\":\"https:\\\/\\\/www.puertocdelu.com.ar\\\/?s={search_term_string}\"},\"query-input\":{\"@type\":\"PropertyValueSpecification\",\"valueRequired\":true,\"valueName\":\"search_term_string\"}}],\"inLanguage\":\"es\"},{\"@type\":\"Person\",\"@id\":\"https:\\\/\\\/www.puertocdelu.com.ar\\\/#\\\/schema\\\/person\\\/9d258b923b29bd5f47ca80d9c8cd72d1\",\"name\":\"PuertoCdelU\",\"image\":{\"@type\":\"ImageObject\",\"inLanguage\":\"es\",\"@id\":\"https:\\\/\\\/secure.gravatar.com\\\/avatar\\\/99e38dea1727d397df18aced5ac6840012bb7f24c8570dcfafabb73086aed88c?s=96&d=mm&r=g\",\"url\":\"https:\\\/\\\/secure.gravatar.com\\\/avatar\\\/99e38dea1727d397df18aced5ac6840012bb7f24c8570dcfafabb73086aed88c?s=96&d=mm&r=g\",\"contentUrl\":\"https:\\\/\\\/secure.gravatar.com\\\/avatar\\\/99e38dea1727d397df18aced5ac6840012bb7f24c8570dcfafabb73086aed88c?s=96&d=mm&r=g\",\"caption\":\"PuertoCdelU\"},\"url\":\"https:\\\/\\\/www.puertocdelu.com.ar\\\/index.php\\\/author\\\/hectordelos1\\\/\"}]}<\/script>\n<!-- \/ Yoast SEO plugin. -->","yoast_head_json":{"title":"Pese a la creciente el puerto de Concepci\u00f3n oper\u00f3 con normalidad - Puerto de Concepci\u00f3n del Uruguay","robots":{"index":"index","follow":"follow","max-snippet":"max-snippet:-1","max-image-preview":"max-image-preview:large","max-video-preview":"max-video-preview:-1"},"canonical":"https:\/\/www.puertocdelu.com.ar\/index.php\/2023\/10\/23\/pese-a-la-creciente-el-puerto-de-concepcion-opero-con-normalidad\/","og_locale":"es_ES","og_type":"article","og_title":"Pese a la creciente el puerto de Concepci\u00f3n oper\u00f3 con normalidad - Puerto de Concepci\u00f3n del Uruguay","og_description":"Desde el pasado viernes 20 de octubre est\u00e1 operando en el Puerto de Concepci\u00f3n del Uruguay el buque Iberian Bulker cargando troncos de pino y eucalipto a granel con destino a la India. Se trata de un ultramarino con bandera de Dinamarca que mide 180 metros de eslora y 30 de manga. Pese a la [&hellip;]","og_url":"https:\/\/www.puertocdelu.com.ar\/index.php\/2023\/10\/23\/pese-a-la-creciente-el-puerto-de-concepcion-opero-con-normalidad\/","og_site_name":"Puerto de Concepci\u00f3n del Uruguay","article_published_time":"2023-10-23T22:53:40+00:00","og_image":[{"width":1600,"height":900,"url":"https:\/\/www.puertocdelu.com.ar\/wp-content\/uploads\/2023\/10\/rio-03.jpg","type":"image\/jpeg"}],"author":"PuertoCdelU","twitter_card":"summary_large_image","twitter_misc":{"Escrito por":"PuertoCdelU","Tiempo de lectura":"2 minutos"},"schema":{"@context":"https:\/\/schema.org","@graph":[{"@type":"Article","@id":"https:\/\/www.puertocdelu.com.ar\/index.php\/2023\/10\/23\/pese-a-la-creciente-el-puerto-de-concepcion-opero-con-normalidad\/#article","isPartOf":{"@id":"https:\/\/www.puertocdelu.com.ar\/index.php\/2023\/10\/23\/pese-a-la-creciente-el-puerto-de-concepcion-opero-con-normalidad\/"},"author":{"name":"PuertoCdelU","@id":"https:\/\/www.puertocdelu.com.ar\/#\/schema\/person\/9d258b923b29bd5f47ca80d9c8cd72d1"},"headline":"Pese a la creciente el puerto de Concepci\u00f3n oper\u00f3 con normalidad","datePublished":"2023-10-23T22:53:40+00:00","mainEntityOfPage":{"@id":"https:\/\/www.puertocdelu.com.ar\/index.php\/2023\/10\/23\/pese-a-la-creciente-el-puerto-de-concepcion-opero-con-normalidad\/"},"wordCount":453,"commentCount":0,"image":{"@id":"https:\/\/www.puertocdelu.com.ar\/index.php\/2023\/10\/23\/pese-a-la-creciente-el-puerto-de-concepcion-opero-con-normalidad\/#primaryimage"},"thumbnailUrl":"https:\/\/www.puertocdelu.com.ar\/wp-content\/uploads\/2023\/10\/rio-03.jpg","articleSection":["Noticias"],"inLanguage":"es","potentialAction":[{"@type":"CommentAction","name":"Comment","target":["https:\/\/www.puertocdelu.com.ar\/index.php\/2023\/10\/23\/pese-a-la-creciente-el-puerto-de-concepcion-opero-con-normalidad\/#respond"]}]},{"@type":"WebPage","@id":"https:\/\/www.puertocdelu.com.ar\/index.php\/2023\/10\/23\/pese-a-la-creciente-el-puerto-de-concepcion-opero-con-normalidad\/","url":"https:\/\/www.puertocdelu.com.ar\/index.php\/2023\/10\/23\/pese-a-la-creciente-el-puerto-de-concepcion-opero-con-normalidad\/","name":"Pese a la creciente el puerto de Concepci\u00f3n oper\u00f3 con normalidad - Puerto de Concepci\u00f3n del Uruguay","isPartOf":{"@id":"https:\/\/www.puertocdelu.com.ar\/#website"},"primaryImageOfPage":{"@id":"https:\/\/www.puertocdelu.com.ar\/index.php\/2023\/10\/23\/pese-a-la-creciente-el-puerto-de-concepcion-opero-con-normalidad\/#primaryimage"},"image":{"@id":"https:\/\/www.puertocdelu.com.ar\/index.php\/2023\/10\/23\/pese-a-la-creciente-el-puerto-de-concepcion-opero-con-normalidad\/#primaryimage"},"thumbnailUrl":"https:\/\/www.puertocdelu.com.ar\/wp-content\/uploads\/2023\/10\/rio-03.jpg","datePublished":"2023-10-23T22:53:40+00:00","author":{"@id":"https:\/\/www.puertocdelu.com.ar\/#\/schema\/person\/9d258b923b29bd5f47ca80d9c8cd72d1"},"breadcrumb":{"@id":"https:\/\/www.puertocdelu.com.ar\/index.php\/2023\/10\/23\/pese-a-la-creciente-el-puerto-de-concepcion-opero-con-normalidad\/#breadcrumb"},"inLanguage":"es","potentialAction":[{"@type":"ReadAction","target":["https:\/\/www.puertocdelu.com.ar\/index.php\/2023\/10\/23\/pese-a-la-creciente-el-puerto-de-concepcion-opero-con-normalidad\/"]}]},{"@type":"ImageObject","inLanguage":"es","@id":"https:\/\/www.puertocdelu.com.ar\/index.php\/2023\/10\/23\/pese-a-la-creciente-el-puerto-de-concepcion-opero-con-normalidad\/#primaryimage","url":"https:\/\/www.puertocdelu.com.ar\/wp-content\/uploads\/2023\/10\/rio-03.jpg","contentUrl":"https:\/\/www.puertocdelu.com.ar\/wp-content\/uploads\/2023\/10\/rio-03.jpg","width":1600,"height":900},{"@type":"BreadcrumbList","@id":"https:\/\/www.puertocdelu.com.ar\/index.php\/2023\/10\/23\/pese-a-la-creciente-el-puerto-de-concepcion-opero-con-normalidad\/#breadcrumb","itemListElement":[{"@type":"ListItem","position":1,"name":"Portada","item":"https:\/\/www.puertocdelu.com.ar\/"},{"@type":"ListItem","position":2,"name":"Pese a la creciente el puerto de Concepci\u00f3n oper\u00f3 con normalidad"}]},{"@type":"WebSite","@id":"https:\/\/www.puertocdelu.com.ar\/#website","url":"https:\/\/www.puertocdelu.com.ar\/","name":"Puerto de Concepci\u00f3n del Uruguay","description":"","potentialAction":[{"@type":"SearchAction","target":{"@type":"EntryPoint","urlTemplate":"https:\/\/www.puertocdelu.com.ar\/?s={search_term_string}"},"query-input":{"@type":"PropertyValueSpecification","valueRequired":true,"valueName":"search_term_string"}}],"inLanguage":"es"},{"@type":"Person","@id":"https:\/\/www.puertocdelu.com.ar\/#\/schema\/person\/9d258b923b29bd5f47ca80d9c8cd72d1","name":"PuertoCdelU","image":{"@type":"ImageObject","inLanguage":"es","@id":"https:\/\/secure.gravatar.com\/avatar\/99e38dea1727d397df18aced5ac6840012bb7f24c8570dcfafabb73086aed88c?s=96&d=mm&r=g","url":"https:\/\/secure.gravatar.com\/avatar\/99e38dea1727d397df18aced5ac6840012bb7f24c8570dcfafabb73086aed88c?s=96&d=mm&r=g","contentUrl":"https:\/\/secure.gravatar.com\/avatar\/99e38dea1727d397df18aced5ac6840012bb7f24c8570dcfafabb73086aed88c?s=96&d=mm&r=g","caption":"PuertoCdelU"},"url":"https:\/\/www.puertocdelu.com.ar\/index.php\/author\/hectordelos1\/"}]}},"_links":{"self":[{"href":"https:\/\/www.puertocdelu.com.ar\/index.php\/wp-json\/wp\/v2\/posts\/2676","targetHints":{"allow":["GET"]}}],"collection":[{"href":"https:\/\/www.puertocdelu.com.ar\/index.php\/wp-json\/wp\/v2\/posts"}],"about":[{"href":"https:\/\/www.puertocdelu.com.ar\/index.php\/wp-json\/wp\/v2\/types\/post"}],"author":[{"embeddable":true,"href":"https:\/\/www.puertocdelu.com.ar\/index.php\/wp-json\/wp\/v2\/users\/1"}],"replies":[{"embeddable":true,"href":"https:\/\/www.puertocdelu.com.ar\/index.php\/wp-json\/wp\/v2\/comments?post=2676"}],"version-history":[{"count":1,"href":"https:\/\/www.puertocdelu.com.ar\/index.php\/wp-json\/wp\/v2\/posts\/2676\/revisions"}],"predecessor-version":[{"id":2678,"href":"https:\/\/www.puertocdelu.com.ar\/index.php\/wp-json\/wp\/v2\/posts\/2676\/revisions\/2678"}],"wp:featuredmedia":[{"embeddable":true,"href":"https:\/\/www.puertocdelu.com.ar\/index.php\/wp-json\/wp\/v2\/media\/2677"}],"wp:attachment":[{"href":"https:\/\/www.puertocdelu.com.ar\/index.php\/wp-json\/wp\/v2\/media?parent=2676"}],"wp:term":[{"taxonomy":"category","embeddable":true,"href":"https:\/\/www.puertocdelu.com.ar\/index.php\/wp-json\/wp\/v2\/categories?post=2676"},{"taxonomy":"post_tag","embeddable":true,"href":"https:\/\/www.puertocdelu.com.ar\/index.php\/wp-json\/wp\/v2\/tags?post=2676"}],"curies":[{"name":"wp","href":"https:\/\/api.w.org\/{rel}","templated":true}]}}