{"id":2680,"date":"2023-11-30T10:25:55","date_gmt":"2023-11-30T10:25:55","guid":{"rendered":"https:\/\/www.puertocdelu.com.ar\/?p=2680"},"modified":"2023-12-04T10:28:18","modified_gmt":"2023-12-04T10:28:18","slug":"los-puertos-entrerrianos-motorizan-el-empleo-y-las-exportaciones","status":"publish","type":"post","link":"https:\/\/www.puertocdelu.com.ar\/index.php\/2023\/11\/30\/los-puertos-entrerrianos-motorizan-el-empleo-y-las-exportaciones\/","title":{"rendered":"Los puertos entrerrianos motorizan el empleo y las exportaciones"},"content":{"rendered":"<p>Entre R\u00edos dispone de cuatro terminales portuarias p\u00fablicas que cuentan con la infraestructura y el personal preparado para operar con exportaciones o cabotajes de cargas de distinto tipo.<br \/>\nDesde graneles hasta contenedores, pasando por madera, combustible, arroz, y ganado en pie, los puertos de Concepci\u00f3n del Uruguay, Ibicuy, Diamante y La Paz, son hoy los puntos de referencia para una gran cantidad de empresas de log\u00edstica, exportadores, productores e industriales que tienen en estas terminales los espacios ideales para ubicar sus cargas en cualquier mercado del mundo.<br \/>\nLeonardo Cabrera, Presidente del Instituto Portuario Provincial de Entre R\u00edos (IPPER), remarc\u00f3 que \u201ceste \u00faltimo a\u00f1o ha sido el de mayor actividad en los \u00faltimos 20 a\u00f1os. Hemos tenido que operar con cargas simult\u00e1neas en los dos puertos, tanto en Ibicuy como en Concepci\u00f3n, exigiendo una gran coordinaci\u00f3n de las operaciones en ambas terminales. Esto es parte de la complementariedad que se ha logrado entre las terminales para optimizar toda esta carga de operaciones que registra el sistema portuario entrerriano\u201d.<br \/>\nEn lo que va del 2023 Entre R\u00edos lleva cargados 23 buques de exportaci\u00f3n en los puertos de Ibicuy y Concepci\u00f3n del Uruguay, y se aguarda la llegada de otros ultramarinos en el mes que queda de este a\u00f1o.<br \/>\nCabrera detall\u00f3 que \u201ceste movimiento exportador es la muestra concreta de un compromiso cumplido por el Gobierno Provincial con el desarrollo portuario como una verdadera pol\u00edtica de Estado\u201d.<br \/>\nDe igual manera destac\u00f3 el acompa\u00f1amiento de las empresas dedicadas a la comercializaci\u00f3n, la log\u00edstica, la industria forestal, \u201cy todo el sector de trabajadores portuarios que han estado a la altura de las circunstancias, mostrando un ritmo de productividad al nivel de los mejores puertos de la Argentina\u201d.<\/p>\n<p><strong>Trabajo y exportaci\u00f3n<\/strong><br \/>\nSeg\u00fan se remarca desde los diferentes entes administradores de los puertos dedicados a la exportaci\u00f3n, m\u00e1s de 300 trabajadores se ocupan de forma directa en cada buque que llega a cada uno de estos puertos exportadores que tiene la provincia de Entre R\u00edos, tanto sobre el r\u00edo Uruguay, como sobre el Paran\u00e1.<br \/>\nA todo esto, hay que sumar m\u00e1s de 1.000 puestos de trabajo generados a lo largo de toda la cadena forestal, log\u00edstica y de comercializaci\u00f3n, en una actividad que ha registrado la mayor cantidad de embarques desde estos puertos desde fines de los 90.<br \/>\nSeg\u00fan los datos aportados por los puertos de Concepci\u00f3n del Uruguay e Ibicuy, desde la reactivaci\u00f3n portuaria registrada en los \u00faltimos a\u00f1os ya se han recibido unos 100 buques de ultramar que han embarcado m\u00e1s de 2 millones de toneladas de cargas exportables hacia destinos como China, India, Senegal, Costa Rica, Irak, y Venezuela, entre otros.<br \/>\nDesde Entre R\u00edos se abri\u00f3 por primera vez el mercado indio para los troncos de pino a granel, y se han exportado arroz en sus distintas variantes hacia m\u00faltiples destinos en el mundo.<\/p>\n<p><strong>Futuro<\/strong><br \/>\n\u201cDesde fines de la d\u00e9cada del noventa que no se registraba un movimiento semejante de exportaciones desde los puertos entrerrianos. La actividad portuaria estuvo pr\u00e1cticamente paralizada por casi 20 a\u00f1os, hasta que en 2018 el Gobernador Gustavo Bordet se puso al frente en la lucha por el dragado del r\u00edo Uruguay para recuperar el puerto de La Hist\u00f3rica, se logr\u00f3 la habilitaci\u00f3n de Ibicuy, se respald\u00f3 a la industria forestal, y a partir de all\u00ed, en conjunto con el sector privado y los trabajadores, se logr\u00f3 esta reactivaci\u00f3n portuaria que hoy es una realidad, y tambi\u00e9n se posibilit\u00f3 el retorno del tren de cargas a Entre R\u00edos, un espacio que volvi\u00f3 a unir a la provincia, gener\u00f3 nuevos empleos, y brinda nuevas oportunidades a los productores\u201d, detall\u00f3 Cabrera.<br \/>\nEn funci\u00f3n de todo lo hecho hasta el momento, desde el Instituto Portuario de Entre R\u00edos, se remarca que el Gobierno Provincial ha tenido una buena recepci\u00f3n de parte del sector privado hacia la convocatoria para la presentaci\u00f3n de proyectos de inversiones privadas o mixtas para fortalecer el Sistema Portuario Provincial, tanto en lo referido a puertos comerciales, como recreativos y tur\u00edsticos.<br \/>\n\u201cTenemos muchas y muy buenas respuestas a esta iniciativa responde a la puesta en marcha de una nueva etapa del plan de fortalecimiento de la infraestructura portuaria en todo el \u00e1mbito de la provincia con el fin de desarrollar, adecuar, y proyectar instalaciones y sistemas de log\u00edstica que contribuyan al desarrollo de las econom\u00edas regionales y de toda la Mesopotamia, como tambi\u00e9n la captaci\u00f3n de cargas internacionales de trasbordo de toda la regi\u00f3n\u201d, se\u00f1al\u00f3 Cabrera en di\u00e1logo con UNO.<br \/>\nLa iniciativa de sumar nuevas inversiones busca crear las condiciones para sumar cargas de cabotaje y buques de ultramar, reduciendo los costos log\u00edsticos e incrementando los movimientos de carga en los puertos entrerrianos, favoreciendo as\u00ed la creaci\u00f3n de nuevas fuentes de trabajo.<\/p>\n<figure id=\"attachment_2682\" aria-describedby=\"caption-attachment-2682\" style=\"width: 2560px\" class=\"wp-caption aligncenter\"><a href=\"https:\/\/www.puertocdelu.com.ar\/wp-content\/uploads\/2023\/12\/ibicuy01-scaled.jpg\"><img loading=\"lazy\" decoding=\"async\" class=\"size-full wp-image-2682\" src=\"https:\/\/www.puertocdelu.com.ar\/wp-content\/uploads\/2023\/12\/ibicuy01-scaled.jpg\" alt=\"\" width=\"2560\" height=\"1612\" srcset=\"https:\/\/www.puertocdelu.com.ar\/wp-content\/uploads\/2023\/12\/ibicuy01-scaled.jpg 2560w, https:\/\/www.puertocdelu.com.ar\/wp-content\/uploads\/2023\/12\/ibicuy01-300x189.jpg 300w, https:\/\/www.puertocdelu.com.ar\/wp-content\/uploads\/2023\/12\/ibicuy01-1024x645.jpg 1024w, https:\/\/www.puertocdelu.com.ar\/wp-content\/uploads\/2023\/12\/ibicuy01-768x484.jpg 768w, https:\/\/www.puertocdelu.com.ar\/wp-content\/uploads\/2023\/12\/ibicuy01-1536x967.jpg 1536w, https:\/\/www.puertocdelu.com.ar\/wp-content\/uploads\/2023\/12\/ibicuy01-2048x1290.jpg 2048w, https:\/\/www.puertocdelu.com.ar\/wp-content\/uploads\/2023\/12\/ibicuy01-696x438.jpg 696w, https:\/\/www.puertocdelu.com.ar\/wp-content\/uploads\/2023\/12\/ibicuy01-1068x673.jpg 1068w, https:\/\/www.puertocdelu.com.ar\/wp-content\/uploads\/2023\/12\/ibicuy01-667x420.jpg 667w\" sizes=\"auto, (max-width: 2560px) 100vw, 2560px\" \/><\/a><figcaption id=\"caption-attachment-2682\" class=\"wp-caption-text\">El puerto de Ibicuy forma parte del sistema portuario provincial.<\/figcaption><\/figure>\n<p><strong>Los puertos entrerrianos<\/strong><br \/>\nCon dos hidrov\u00edas rodeando la provincia, el r\u00edo Paran\u00e1 y el r\u00edo Uruguay, Entre R\u00edos cuenta con los dos puertos p\u00fablicos comerciales m\u00e1s al norte del sistema mar\u00edtimo, Diamante sobre el Paran\u00e1, y Concepci\u00f3n del Uruguay, sobre el Uruguay.<br \/>\nEn la zona oeste se encuentran los puertos de La Paz y Diamante. El primero es un puerto de cabecera de la regi\u00f3n, con caracter\u00edsticas de puerto barcacero y de hacienda, con muchas posibilidades de crecimiento y desarrollo de infraestructura. Diamante, por su parte, es el puerto de ultramar m\u00e1s al norte de la v\u00eda navegable del r\u00edo Paran\u00e1. Zona de mayor producci\u00f3n agr\u00edcola. Gran potencial a desarrollar.<br \/>\nEn la zona sur se encuentra el puerto de Ibicuy y adyacencias, cuenta con un predio con 100 hect\u00e1reas a desarrollar. Este puerto es uno de los que mayor potencial presenta para emprendimientos productivos y servicios portuarios. Cuenta con calado natural para operaciones de ultramarinos.<br \/>\nEn la zona este est\u00e1 el puerto de Concepci\u00f3n del Uruguay, el \u00fanico puerto ultramarino argentino en toda su extensi\u00f3n del r\u00edo Uruguay. Cuenta con Infraestructura multiprop\u00f3sitos, diversos muelles e instalaciones. Dispone del \u00fanico muelle dise\u00f1ado para operar con contenedores, y cuenta con la log\u00edstica necesaria para este tipo de operaciones. Dispone de energ\u00eda para sustentar contenedores refrigerados, y gr\u00faas multiprop\u00f3sitos para los movimientos de cargas.<br \/>\nTodos estos puertos se encuentran ubicados estrat\u00e9gicamente, lo que permite atender la demanda de grandes sectores productivos de la provincia.<br \/>\nTodas estas instalaciones cuentan con conectividad vial y ferroviaria, creando las condiciones propicias para las inversiones privadas con el fin de favorecer el intercambio de mercader\u00edas de la regi\u00f3n y el Transporte Multimodal.<\/p>\n<p><strong>Puertos recreativos y tur\u00edsticos<\/strong><br \/>\nSiguiendo los mismos criterios que los establecidos para los puertos comerciales, el crecimiento del sector tur\u00edstico que registra la provincia en la costa del Paran\u00e1 y en la costa del Uruguay, permiti\u00f3 incluir la convocatoria a inversiones privadas o mixtas para que estos puertos se desarrollen con el objetivo de brindar un servicio de m\u00e1xima calidad a los turistas que llegan a Entre R\u00edos.<br \/>\nPara estos puertos tambi\u00e9n se llama a proyectos de inversiones en conjunto con los municipios y el Secretar\u00eda de Turismo de la Provincia.<br \/>\nSobre la costa del Paran\u00e1 quedar\u00e1n comprendidos los puertos de Hernandarias, Pueblo Brugo, Puerto Curtiembre, Villa Urquiza, Paran\u00e1, Ex Atracadero de Balsas, Bajada Grande, Victoria, y Puerto Ruiz (Gualeguay). Por su parte, sobre la costa del r\u00edo Uruguay, est\u00e1n los puertos de Concordia, Puerto Yeru\u00e1, Col\u00f3n y Gualeguaych\u00fa.<br \/>\nDe igual manera, esta convocatoria a inversiones privadas o mixtas tambi\u00e9n quedar\u00e1 abierta a todas las zonas costeras con potencial de desarrollo portuario dentro de la provincia de Entre R\u00edos.<\/p>\n","protected":false},"excerpt":{"rendered":"<p>Entre R\u00edos dispone de cuatro terminales portuarias p\u00fablicas que cuentan con la infraestructura y el personal preparado para operar con exportaciones o cabotajes de cargas de distinto tipo. Desde graneles hasta contenedores, pasando por madera, combustible, arroz, y ganado en pie, los puertos de Concepci\u00f3n del Uruguay, Ibicuy, Diamante y La Paz, son hoy los [&hellip;]<\/p>\n","protected":false},"author":1,"featured_media":2681,"comment_status":"open","ping_status":"open","sticky":false,"template":"","format":"standard","meta":{"footnotes":""},"categories":[81],"tags":[],"class_list":{"0":"post-2680","1":"post","2":"type-post","3":"status-publish","4":"format-standard","5":"has-post-thumbnail","7":"category-noticias"},"yoast_head":"<!-- This site is optimized with the Yoast SEO plugin v27.4 - https:\/\/yoast.com\/product\/yoast-seo-wordpress\/ -->\n<title>Los puertos entrerrianos motorizan el empleo y las exportaciones - Puerto de Concepci\u00f3n del Uruguay<\/title>\n<meta name=\"robots\" content=\"index, follow, max-snippet:-1, max-image-preview:large, max-video-preview:-1\" \/>\n<link rel=\"canonical\" href=\"https:\/\/www.puertocdelu.com.ar\/index.php\/2023\/11\/30\/los-puertos-entrerrianos-motorizan-el-empleo-y-las-exportaciones\/\" \/>\n<meta property=\"og:locale\" content=\"es_ES\" \/>\n<meta property=\"og:type\" content=\"article\" \/>\n<meta property=\"og:title\" content=\"Los puertos entrerrianos motorizan el empleo y las exportaciones - Puerto de Concepci\u00f3n del Uruguay\" \/>\n<meta property=\"og:description\" content=\"Entre R\u00edos dispone de cuatro terminales portuarias p\u00fablicas que cuentan con la infraestructura y el personal preparado para operar con exportaciones o cabotajes de cargas de distinto tipo. Desde graneles hasta contenedores, pasando por madera, combustible, arroz, y ganado en pie, los puertos de Concepci\u00f3n del Uruguay, Ibicuy, Diamante y La Paz, son hoy los [&hellip;]\" \/>\n<meta property=\"og:url\" content=\"https:\/\/www.puertocdelu.com.ar\/index.php\/2023\/11\/30\/los-puertos-entrerrianos-motorizan-el-empleo-y-las-exportaciones\/\" \/>\n<meta property=\"og:site_name\" content=\"Puerto de Concepci\u00f3n del Uruguay\" \/>\n<meta property=\"article:published_time\" content=\"2023-11-30T10:25:55+00:00\" \/>\n<meta property=\"article:modified_time\" content=\"2023-12-04T10:28:18+00:00\" \/>\n<meta property=\"og:image\" content=\"https:\/\/www.puertocdelu.com.ar\/wp-content\/uploads\/2023\/12\/cdelu02-scaled.jpg\" \/>\n\t<meta property=\"og:image:width\" content=\"2560\" \/>\n\t<meta property=\"og:image:height\" content=\"1440\" \/>\n\t<meta property=\"og:image:type\" content=\"image\/jpeg\" \/>\n<meta name=\"author\" content=\"PuertoCdelU\" \/>\n<meta name=\"twitter:card\" content=\"summary_large_image\" \/>\n<meta name=\"twitter:label1\" content=\"Escrito por\" \/>\n\t<meta name=\"twitter:data1\" content=\"PuertoCdelU\" \/>\n\t<meta name=\"twitter:label2\" content=\"Tiempo de lectura\" \/>\n\t<meta name=\"twitter:data2\" content=\"7 minutos\" \/>\n<script type=\"application\/ld+json\" class=\"yoast-schema-graph\">{\"@context\":\"https:\\\/\\\/schema.org\",\"@graph\":[{\"@type\":\"Article\",\"@id\":\"https:\\\/\\\/www.puertocdelu.com.ar\\\/index.php\\\/2023\\\/11\\\/30\\\/los-puertos-entrerrianos-motorizan-el-empleo-y-las-exportaciones\\\/#article\",\"isPartOf\":{\"@id\":\"https:\\\/\\\/www.puertocdelu.com.ar\\\/index.php\\\/2023\\\/11\\\/30\\\/los-puertos-entrerrianos-motorizan-el-empleo-y-las-exportaciones\\\/\"},\"author\":{\"name\":\"PuertoCdelU\",\"@id\":\"https:\\\/\\\/www.puertocdelu.com.ar\\\/#\\\/schema\\\/person\\\/9d258b923b29bd5f47ca80d9c8cd72d1\"},\"headline\":\"Los puertos entrerrianos motorizan el empleo y las exportaciones\",\"datePublished\":\"2023-11-30T10:25:55+00:00\",\"dateModified\":\"2023-12-04T10:28:18+00:00\",\"mainEntityOfPage\":{\"@id\":\"https:\\\/\\\/www.puertocdelu.com.ar\\\/index.php\\\/2023\\\/11\\\/30\\\/los-puertos-entrerrianos-motorizan-el-empleo-y-las-exportaciones\\\/\"},\"wordCount\":1337,\"commentCount\":0,\"image\":{\"@id\":\"https:\\\/\\\/www.puertocdelu.com.ar\\\/index.php\\\/2023\\\/11\\\/30\\\/los-puertos-entrerrianos-motorizan-el-empleo-y-las-exportaciones\\\/#primaryimage\"},\"thumbnailUrl\":\"https:\\\/\\\/www.puertocdelu.com.ar\\\/wp-content\\\/uploads\\\/2023\\\/12\\\/cdelu02-scaled.jpg\",\"articleSection\":[\"Noticias\"],\"inLanguage\":\"es\",\"potentialAction\":[{\"@type\":\"CommentAction\",\"name\":\"Comment\",\"target\":[\"https:\\\/\\\/www.puertocdelu.com.ar\\\/index.php\\\/2023\\\/11\\\/30\\\/los-puertos-entrerrianos-motorizan-el-empleo-y-las-exportaciones\\\/#respond\"]}]},{\"@type\":\"WebPage\",\"@id\":\"https:\\\/\\\/www.puertocdelu.com.ar\\\/index.php\\\/2023\\\/11\\\/30\\\/los-puertos-entrerrianos-motorizan-el-empleo-y-las-exportaciones\\\/\",\"url\":\"https:\\\/\\\/www.puertocdelu.com.ar\\\/index.php\\\/2023\\\/11\\\/30\\\/los-puertos-entrerrianos-motorizan-el-empleo-y-las-exportaciones\\\/\",\"name\":\"Los puertos entrerrianos motorizan el empleo y las exportaciones - Puerto de Concepci\u00f3n del Uruguay\",\"isPartOf\":{\"@id\":\"https:\\\/\\\/www.puertocdelu.com.ar\\\/#website\"},\"primaryImageOfPage\":{\"@id\":\"https:\\\/\\\/www.puertocdelu.com.ar\\\/index.php\\\/2023\\\/11\\\/30\\\/los-puertos-entrerrianos-motorizan-el-empleo-y-las-exportaciones\\\/#primaryimage\"},\"image\":{\"@id\":\"https:\\\/\\\/www.puertocdelu.com.ar\\\/index.php\\\/2023\\\/11\\\/30\\\/los-puertos-entrerrianos-motorizan-el-empleo-y-las-exportaciones\\\/#primaryimage\"},\"thumbnailUrl\":\"https:\\\/\\\/www.puertocdelu.com.ar\\\/wp-content\\\/uploads\\\/2023\\\/12\\\/cdelu02-scaled.jpg\",\"datePublished\":\"2023-11-30T10:25:55+00:00\",\"dateModified\":\"2023-12-04T10:28:18+00:00\",\"author\":{\"@id\":\"https:\\\/\\\/www.puertocdelu.com.ar\\\/#\\\/schema\\\/person\\\/9d258b923b29bd5f47ca80d9c8cd72d1\"},\"breadcrumb\":{\"@id\":\"https:\\\/\\\/www.puertocdelu.com.ar\\\/index.php\\\/2023\\\/11\\\/30\\\/los-puertos-entrerrianos-motorizan-el-empleo-y-las-exportaciones\\\/#breadcrumb\"},\"inLanguage\":\"es\",\"potentialAction\":[{\"@type\":\"ReadAction\",\"target\":[\"https:\\\/\\\/www.puertocdelu.com.ar\\\/index.php\\\/2023\\\/11\\\/30\\\/los-puertos-entrerrianos-motorizan-el-empleo-y-las-exportaciones\\\/\"]}]},{\"@type\":\"ImageObject\",\"inLanguage\":\"es\",\"@id\":\"https:\\\/\\\/www.puertocdelu.com.ar\\\/index.php\\\/2023\\\/11\\\/30\\\/los-puertos-entrerrianos-motorizan-el-empleo-y-las-exportaciones\\\/#primaryimage\",\"url\":\"https:\\\/\\\/www.puertocdelu.com.ar\\\/wp-content\\\/uploads\\\/2023\\\/12\\\/cdelu02-scaled.jpg\",\"contentUrl\":\"https:\\\/\\\/www.puertocdelu.com.ar\\\/wp-content\\\/uploads\\\/2023\\\/12\\\/cdelu02-scaled.jpg\",\"width\":2560,\"height\":1440},{\"@type\":\"BreadcrumbList\",\"@id\":\"https:\\\/\\\/www.puertocdelu.com.ar\\\/index.php\\\/2023\\\/11\\\/30\\\/los-puertos-entrerrianos-motorizan-el-empleo-y-las-exportaciones\\\/#breadcrumb\",\"itemListElement\":[{\"@type\":\"ListItem\",\"position\":1,\"name\":\"Portada\",\"item\":\"https:\\\/\\\/www.puertocdelu.com.ar\\\/\"},{\"@type\":\"ListItem\",\"position\":2,\"name\":\"Los puertos entrerrianos motorizan el empleo y las exportaciones\"}]},{\"@type\":\"WebSite\",\"@id\":\"https:\\\/\\\/www.puertocdelu.com.ar\\\/#website\",\"url\":\"https:\\\/\\\/www.puertocdelu.com.ar\\\/\",\"name\":\"Puerto de Concepci\u00f3n del Uruguay\",\"description\":\"\",\"potentialAction\":[{\"@type\":\"SearchAction\",\"target\":{\"@type\":\"EntryPoint\",\"urlTemplate\":\"https:\\\/\\\/www.puertocdelu.com.ar\\\/?s={search_term_string}\"},\"query-input\":{\"@type\":\"PropertyValueSpecification\",\"valueRequired\":true,\"valueName\":\"search_term_string\"}}],\"inLanguage\":\"es\"},{\"@type\":\"Person\",\"@id\":\"https:\\\/\\\/www.puertocdelu.com.ar\\\/#\\\/schema\\\/person\\\/9d258b923b29bd5f47ca80d9c8cd72d1\",\"name\":\"PuertoCdelU\",\"image\":{\"@type\":\"ImageObject\",\"inLanguage\":\"es\",\"@id\":\"https:\\\/\\\/secure.gravatar.com\\\/avatar\\\/99e38dea1727d397df18aced5ac6840012bb7f24c8570dcfafabb73086aed88c?s=96&d=mm&r=g\",\"url\":\"https:\\\/\\\/secure.gravatar.com\\\/avatar\\\/99e38dea1727d397df18aced5ac6840012bb7f24c8570dcfafabb73086aed88c?s=96&d=mm&r=g\",\"contentUrl\":\"https:\\\/\\\/secure.gravatar.com\\\/avatar\\\/99e38dea1727d397df18aced5ac6840012bb7f24c8570dcfafabb73086aed88c?s=96&d=mm&r=g\",\"caption\":\"PuertoCdelU\"},\"url\":\"https:\\\/\\\/www.puertocdelu.com.ar\\\/index.php\\\/author\\\/hectordelos1\\\/\"}]}<\/script>\n<!-- \/ Yoast SEO plugin. -->","yoast_head_json":{"title":"Los puertos entrerrianos motorizan el empleo y las exportaciones - Puerto de Concepci\u00f3n del Uruguay","robots":{"index":"index","follow":"follow","max-snippet":"max-snippet:-1","max-image-preview":"max-image-preview:large","max-video-preview":"max-video-preview:-1"},"canonical":"https:\/\/www.puertocdelu.com.ar\/index.php\/2023\/11\/30\/los-puertos-entrerrianos-motorizan-el-empleo-y-las-exportaciones\/","og_locale":"es_ES","og_type":"article","og_title":"Los puertos entrerrianos motorizan el empleo y las exportaciones - Puerto de Concepci\u00f3n del Uruguay","og_description":"Entre R\u00edos dispone de cuatro terminales portuarias p\u00fablicas que cuentan con la infraestructura y el personal preparado para operar con exportaciones o cabotajes de cargas de distinto tipo. Desde graneles hasta contenedores, pasando por madera, combustible, arroz, y ganado en pie, los puertos de Concepci\u00f3n del Uruguay, Ibicuy, Diamante y La Paz, son hoy los [&hellip;]","og_url":"https:\/\/www.puertocdelu.com.ar\/index.php\/2023\/11\/30\/los-puertos-entrerrianos-motorizan-el-empleo-y-las-exportaciones\/","og_site_name":"Puerto de Concepci\u00f3n del Uruguay","article_published_time":"2023-11-30T10:25:55+00:00","article_modified_time":"2023-12-04T10:28:18+00:00","og_image":[{"width":2560,"height":1440,"url":"https:\/\/www.puertocdelu.com.ar\/wp-content\/uploads\/2023\/12\/cdelu02-scaled.jpg","type":"image\/jpeg"}],"author":"PuertoCdelU","twitter_card":"summary_large_image","twitter_misc":{"Escrito por":"PuertoCdelU","Tiempo de lectura":"7 minutos"},"schema":{"@context":"https:\/\/schema.org","@graph":[{"@type":"Article","@id":"https:\/\/www.puertocdelu.com.ar\/index.php\/2023\/11\/30\/los-puertos-entrerrianos-motorizan-el-empleo-y-las-exportaciones\/#article","isPartOf":{"@id":"https:\/\/www.puertocdelu.com.ar\/index.php\/2023\/11\/30\/los-puertos-entrerrianos-motorizan-el-empleo-y-las-exportaciones\/"},"author":{"name":"PuertoCdelU","@id":"https:\/\/www.puertocdelu.com.ar\/#\/schema\/person\/9d258b923b29bd5f47ca80d9c8cd72d1"},"headline":"Los puertos entrerrianos motorizan el empleo y las exportaciones","datePublished":"2023-11-30T10:25:55+00:00","dateModified":"2023-12-04T10:28:18+00:00","mainEntityOfPage":{"@id":"https:\/\/www.puertocdelu.com.ar\/index.php\/2023\/11\/30\/los-puertos-entrerrianos-motorizan-el-empleo-y-las-exportaciones\/"},"wordCount":1337,"commentCount":0,"image":{"@id":"https:\/\/www.puertocdelu.com.ar\/index.php\/2023\/11\/30\/los-puertos-entrerrianos-motorizan-el-empleo-y-las-exportaciones\/#primaryimage"},"thumbnailUrl":"https:\/\/www.puertocdelu.com.ar\/wp-content\/uploads\/2023\/12\/cdelu02-scaled.jpg","articleSection":["Noticias"],"inLanguage":"es","potentialAction":[{"@type":"CommentAction","name":"Comment","target":["https:\/\/www.puertocdelu.com.ar\/index.php\/2023\/11\/30\/los-puertos-entrerrianos-motorizan-el-empleo-y-las-exportaciones\/#respond"]}]},{"@type":"WebPage","@id":"https:\/\/www.puertocdelu.com.ar\/index.php\/2023\/11\/30\/los-puertos-entrerrianos-motorizan-el-empleo-y-las-exportaciones\/","url":"https:\/\/www.puertocdelu.com.ar\/index.php\/2023\/11\/30\/los-puertos-entrerrianos-motorizan-el-empleo-y-las-exportaciones\/","name":"Los puertos entrerrianos motorizan el empleo y las exportaciones - Puerto de Concepci\u00f3n del Uruguay","isPartOf":{"@id":"https:\/\/www.puertocdelu.com.ar\/#website"},"primaryImageOfPage":{"@id":"https:\/\/www.puertocdelu.com.ar\/index.php\/2023\/11\/30\/los-puertos-entrerrianos-motorizan-el-empleo-y-las-exportaciones\/#primaryimage"},"image":{"@id":"https:\/\/www.puertocdelu.com.ar\/index.php\/2023\/11\/30\/los-puertos-entrerrianos-motorizan-el-empleo-y-las-exportaciones\/#primaryimage"},"thumbnailUrl":"https:\/\/www.puertocdelu.com.ar\/wp-content\/uploads\/2023\/12\/cdelu02-scaled.jpg","datePublished":"2023-11-30T10:25:55+00:00","dateModified":"2023-12-04T10:28:18+00:00","author":{"@id":"https:\/\/www.puertocdelu.com.ar\/#\/schema\/person\/9d258b923b29bd5f47ca80d9c8cd72d1"},"breadcrumb":{"@id":"https:\/\/www.puertocdelu.com.ar\/index.php\/2023\/11\/30\/los-puertos-entrerrianos-motorizan-el-empleo-y-las-exportaciones\/#breadcrumb"},"inLanguage":"es","potentialAction":[{"@type":"ReadAction","target":["https:\/\/www.puertocdelu.com.ar\/index.php\/2023\/11\/30\/los-puertos-entrerrianos-motorizan-el-empleo-y-las-exportaciones\/"]}]},{"@type":"ImageObject","inLanguage":"es","@id":"https:\/\/www.puertocdelu.com.ar\/index.php\/2023\/11\/30\/los-puertos-entrerrianos-motorizan-el-empleo-y-las-exportaciones\/#primaryimage","url":"https:\/\/www.puertocdelu.com.ar\/wp-content\/uploads\/2023\/12\/cdelu02-scaled.jpg","contentUrl":"https:\/\/www.puertocdelu.com.ar\/wp-content\/uploads\/2023\/12\/cdelu02-scaled.jpg","width":2560,"height":1440},{"@type":"BreadcrumbList","@id":"https:\/\/www.puertocdelu.com.ar\/index.php\/2023\/11\/30\/los-puertos-entrerrianos-motorizan-el-empleo-y-las-exportaciones\/#breadcrumb","itemListElement":[{"@type":"ListItem","position":1,"name":"Portada","item":"https:\/\/www.puertocdelu.com.ar\/"},{"@type":"ListItem","position":2,"name":"Los puertos entrerrianos motorizan el empleo y las exportaciones"}]},{"@type":"WebSite","@id":"https:\/\/www.puertocdelu.com.ar\/#website","url":"https:\/\/www.puertocdelu.com.ar\/","name":"Puerto de Concepci\u00f3n del Uruguay","description":"","potentialAction":[{"@type":"SearchAction","target":{"@type":"EntryPoint","urlTemplate":"https:\/\/www.puertocdelu.com.ar\/?s={search_term_string}"},"query-input":{"@type":"PropertyValueSpecification","valueRequired":true,"valueName":"search_term_string"}}],"inLanguage":"es"},{"@type":"Person","@id":"https:\/\/www.puertocdelu.com.ar\/#\/schema\/person\/9d258b923b29bd5f47ca80d9c8cd72d1","name":"PuertoCdelU","image":{"@type":"ImageObject","inLanguage":"es","@id":"https:\/\/secure.gravatar.com\/avatar\/99e38dea1727d397df18aced5ac6840012bb7f24c8570dcfafabb73086aed88c?s=96&d=mm&r=g","url":"https:\/\/secure.gravatar.com\/avatar\/99e38dea1727d397df18aced5ac6840012bb7f24c8570dcfafabb73086aed88c?s=96&d=mm&r=g","contentUrl":"https:\/\/secure.gravatar.com\/avatar\/99e38dea1727d397df18aced5ac6840012bb7f24c8570dcfafabb73086aed88c?s=96&d=mm&r=g","caption":"PuertoCdelU"},"url":"https:\/\/www.puertocdelu.com.ar\/index.php\/author\/hectordelos1\/"}]}},"_links":{"self":[{"href":"https:\/\/www.puertocdelu.com.ar\/index.php\/wp-json\/wp\/v2\/posts\/2680","targetHints":{"allow":["GET"]}}],"collection":[{"href":"https:\/\/www.puertocdelu.com.ar\/index.php\/wp-json\/wp\/v2\/posts"}],"about":[{"href":"https:\/\/www.puertocdelu.com.ar\/index.php\/wp-json\/wp\/v2\/types\/post"}],"author":[{"embeddable":true,"href":"https:\/\/www.puertocdelu.com.ar\/index.php\/wp-json\/wp\/v2\/users\/1"}],"replies":[{"embeddable":true,"href":"https:\/\/www.puertocdelu.com.ar\/index.php\/wp-json\/wp\/v2\/comments?post=2680"}],"version-history":[{"count":1,"href":"https:\/\/www.puertocdelu.com.ar\/index.php\/wp-json\/wp\/v2\/posts\/2680\/revisions"}],"predecessor-version":[{"id":2683,"href":"https:\/\/www.puertocdelu.com.ar\/index.php\/wp-json\/wp\/v2\/posts\/2680\/revisions\/2683"}],"wp:featuredmedia":[{"embeddable":true,"href":"https:\/\/www.puertocdelu.com.ar\/index.php\/wp-json\/wp\/v2\/media\/2681"}],"wp:attachment":[{"href":"https:\/\/www.puertocdelu.com.ar\/index.php\/wp-json\/wp\/v2\/media?parent=2680"}],"wp:term":[{"taxonomy":"category","embeddable":true,"href":"https:\/\/www.puertocdelu.com.ar\/index.php\/wp-json\/wp\/v2\/categories?post=2680"},{"taxonomy":"post_tag","embeddable":true,"href":"https:\/\/www.puertocdelu.com.ar\/index.php\/wp-json\/wp\/v2\/tags?post=2680"}],"curies":[{"name":"wp","href":"https:\/\/api.w.org\/{rel}","templated":true}]}}