{"id":2691,"date":"2024-01-10T23:28:51","date_gmt":"2024-01-10T23:28:51","guid":{"rendered":"https:\/\/www.puertocdelu.com.ar\/?p=2691"},"modified":"2024-01-10T23:29:33","modified_gmt":"2024-01-10T23:29:33","slug":"arribo-el-primer-buque-del-ano-al-puerto-de-concepcion-del-uruguay","status":"publish","type":"post","link":"https:\/\/www.puertocdelu.com.ar\/index.php\/2024\/01\/10\/arribo-el-primer-buque-del-ano-al-puerto-de-concepcion-del-uruguay\/","title":{"rendered":"Arrib\u00f3 el primer buque del a\u00f1o 2024 al puerto de Concepci\u00f3n del Uruguay"},"content":{"rendered":"<p>Este mi\u00e9rcoles 10 de enero, en horas de la tarde, amarr\u00f3 en los muelles 14, 15, y 16bis del Puerto de Concepci\u00f3n del Uruguay el ultramarino Chintana Naree, un buque con bandera de Singapur y 182.5 metros de eslora. Se trata del primer embarque de exportaci\u00f3n del a\u00f1o 2024 que se realiza desde la provincia de Entre R\u00edos, marcando el inicio de una nueva temporada de operaciones para el Sistema Portuario Entrerriano, luego de la sostenida creciente del r\u00edo Uruguay que impidi\u00f3 las operaciones durante los meses de noviembre y diciembre pasado.<\/p>\n<p>Este buque completar\u00e1 sus bodegas en el Puerto de Ibicuy, fortaleciendo el trabajo de complementariedad que llevan adelante estas dos terminales portuarias que dispone la provincia de Entre R\u00edos para realizar operaciones de exportaci\u00f3n.<\/p>\n<p>Juan Ruiz Orrico, Presidente del Instituto Portuario Provincial, remarc\u00f3 que \u201cnuestro gobernador Rogelio Frigerio nos ha pedido que en esta situacion dif\u00edcil estemos todos con un objetivo tirando para el mismo lado, el sector p\u00fablico, los privados, los trabajadores, todos\u201d, remarc\u00f3.<\/p>\n<p>El Chintana Naree cargar\u00e1 18.000 toneladas de troncos de pino a granel para la empresa Urcel Argentina S.A. encargada, tanto de las operaciones de exportaci\u00f3n, como de la log\u00edstica de carga.<\/p>\n<p>\u201cDebemos hacer nuestro mejor esfuerzo para que con dedicaci\u00f3n y compromiso saquemos Entre R\u00edos adelante. En materia portuaria debemos hacer de nuestra provincia un socio estrat\u00e9gico y potente de la regi\u00f3n centro convirtiendo a Entre R\u00edos en una puerta al mundo, ese es nuestro desafio\u201d, destac\u00f3 Ruiz Orrico.<\/p>\n<p><a href=\"https:\/\/www.puertocdelu.com.ar\/wp-content\/uploads\/2024\/01\/PUERTO01.gif\"><img loading=\"lazy\" decoding=\"async\" class=\"aligncenter size-full wp-image-2693\" src=\"https:\/\/www.puertocdelu.com.ar\/wp-content\/uploads\/2024\/01\/PUERTO01.gif\" alt=\"\" width=\"709\" height=\"399\" \/><\/a><\/p>\n<p>El destino final de la carga del Chintana Naree ser\u00e1 el puerto de Kandla, en la India, un mercado que viene siendo abastecido desde los montes de cultivo de Entre R\u00edos, Corrientes y Misiones, y que tienen a los puertos entrerrianos como salida al mundo para la industria forestal.<\/p>\n<p>El buque permanecer\u00e1 en los muelles del Puerto de Concepci\u00f3n del Uruguay durante tres d\u00edas, por lo que hasta el d\u00eda s\u00e1bado aproximadamente, se espera un intenso movimiento de veh\u00edculos pesados a lo largo de toda la zona portuaria, especialmente sobre la avenida Paysand\u00fa.<\/p>\n<p>Marcos Di Giuseppe, actual Presidente del Ente Puerto Concepci\u00f3n del Uruguay, puntualiz\u00f3 que \u201ccon el trabajo de todos los d\u00edas apostamos a generar las condiciones para diversificar e incrementar el volumen de exportaciones que se realizan desde el Puerto Concepci\u00f3n del Uruguay, que nos permita aumentar las fuentes de divisas de Entre Rios, generar m\u00e1s trabajo para nuestra gente y el desarrollo de la regi\u00f3n\u201d.<\/p>\n<p>Desde el Ente Portuario se ha solicitado a todos los conductores y transe\u00fantes evitar el tr\u00e1nsito por esta zona, y extremar las medidas de precauci\u00f3n si, necesariamente, se debe circular por esta zona.<\/p>\n<p>Cabe recordar que las tareas de abastecimiento de las bodegas del buque demandan unos 600 viajes de camiones que deben circular en ambos sentidos por todo el distrito portuario.<\/p>\n","protected":false},"excerpt":{"rendered":"<p>Este mi\u00e9rcoles 10 de enero, en horas de la tarde, amarr\u00f3 en los muelles 14, 15, y 16bis del Puerto de Concepci\u00f3n del Uruguay el ultramarino Chintana Naree, un buque con bandera de Singapur y 182.5 metros de eslora. Se trata del primer embarque de exportaci\u00f3n del a\u00f1o 2024 que se realiza desde la provincia [&hellip;]<\/p>\n","protected":false},"author":1,"featured_media":2692,"comment_status":"open","ping_status":"open","sticky":false,"template":"","format":"standard","meta":{"footnotes":""},"categories":[81],"tags":[],"class_list":{"0":"post-2691","1":"post","2":"type-post","3":"status-publish","4":"format-standard","5":"has-post-thumbnail","7":"category-noticias"},"yoast_head":"<!-- This site is optimized with the Yoast SEO plugin v27.4 - https:\/\/yoast.com\/product\/yoast-seo-wordpress\/ -->\n<title>Arrib\u00f3 el primer buque del a\u00f1o 2024 al puerto de Concepci\u00f3n del Uruguay - Puerto de Concepci\u00f3n del Uruguay<\/title>\n<meta name=\"robots\" content=\"index, follow, max-snippet:-1, max-image-preview:large, max-video-preview:-1\" \/>\n<link rel=\"canonical\" href=\"https:\/\/www.puertocdelu.com.ar\/index.php\/2024\/01\/10\/arribo-el-primer-buque-del-ano-al-puerto-de-concepcion-del-uruguay\/\" \/>\n<meta property=\"og:locale\" content=\"es_ES\" \/>\n<meta property=\"og:type\" content=\"article\" \/>\n<meta property=\"og:title\" content=\"Arrib\u00f3 el primer buque del a\u00f1o 2024 al puerto de Concepci\u00f3n del Uruguay - Puerto de Concepci\u00f3n del Uruguay\" \/>\n<meta property=\"og:description\" content=\"Este mi\u00e9rcoles 10 de enero, en horas de la tarde, amarr\u00f3 en los muelles 14, 15, y 16bis del Puerto de Concepci\u00f3n del Uruguay el ultramarino Chintana Naree, un buque con bandera de Singapur y 182.5 metros de eslora. Se trata del primer embarque de exportaci\u00f3n del a\u00f1o 2024 que se realiza desde la provincia [&hellip;]\" \/>\n<meta property=\"og:url\" content=\"https:\/\/www.puertocdelu.com.ar\/index.php\/2024\/01\/10\/arribo-el-primer-buque-del-ano-al-puerto-de-concepcion-del-uruguay\/\" \/>\n<meta property=\"og:site_name\" content=\"Puerto de Concepci\u00f3n del Uruguay\" \/>\n<meta property=\"article:published_time\" content=\"2024-01-10T23:28:51+00:00\" \/>\n<meta property=\"article:modified_time\" content=\"2024-01-10T23:29:33+00:00\" \/>\n<meta property=\"og:image\" content=\"https:\/\/www.puertocdelu.com.ar\/wp-content\/uploads\/2024\/01\/IMG-20240110-WA0128.jpg\" \/>\n\t<meta property=\"og:image:width\" content=\"1024\" \/>\n\t<meta property=\"og:image:height\" content=\"576\" \/>\n\t<meta property=\"og:image:type\" content=\"image\/jpeg\" \/>\n<meta name=\"author\" content=\"PuertoCdelU\" \/>\n<meta name=\"twitter:card\" content=\"summary_large_image\" \/>\n<meta name=\"twitter:label1\" content=\"Escrito por\" \/>\n\t<meta name=\"twitter:data1\" content=\"PuertoCdelU\" \/>\n\t<meta name=\"twitter:label2\" content=\"Tiempo de lectura\" \/>\n\t<meta name=\"twitter:data2\" content=\"2 minutos\" \/>\n<script type=\"application\/ld+json\" class=\"yoast-schema-graph\">{\"@context\":\"https:\\\/\\\/schema.org\",\"@graph\":[{\"@type\":\"Article\",\"@id\":\"https:\\\/\\\/www.puertocdelu.com.ar\\\/index.php\\\/2024\\\/01\\\/10\\\/arribo-el-primer-buque-del-ano-al-puerto-de-concepcion-del-uruguay\\\/#article\",\"isPartOf\":{\"@id\":\"https:\\\/\\\/www.puertocdelu.com.ar\\\/index.php\\\/2024\\\/01\\\/10\\\/arribo-el-primer-buque-del-ano-al-puerto-de-concepcion-del-uruguay\\\/\"},\"author\":{\"name\":\"PuertoCdelU\",\"@id\":\"https:\\\/\\\/www.puertocdelu.com.ar\\\/#\\\/schema\\\/person\\\/9d258b923b29bd5f47ca80d9c8cd72d1\"},\"headline\":\"Arrib\u00f3 el primer buque del a\u00f1o 2024 al puerto de Concepci\u00f3n del Uruguay\",\"datePublished\":\"2024-01-10T23:28:51+00:00\",\"dateModified\":\"2024-01-10T23:29:33+00:00\",\"mainEntityOfPage\":{\"@id\":\"https:\\\/\\\/www.puertocdelu.com.ar\\\/index.php\\\/2024\\\/01\\\/10\\\/arribo-el-primer-buque-del-ano-al-puerto-de-concepcion-del-uruguay\\\/\"},\"wordCount\":505,\"commentCount\":0,\"image\":{\"@id\":\"https:\\\/\\\/www.puertocdelu.com.ar\\\/index.php\\\/2024\\\/01\\\/10\\\/arribo-el-primer-buque-del-ano-al-puerto-de-concepcion-del-uruguay\\\/#primaryimage\"},\"thumbnailUrl\":\"https:\\\/\\\/www.puertocdelu.com.ar\\\/wp-content\\\/uploads\\\/2024\\\/01\\\/IMG-20240110-WA0128.jpg\",\"articleSection\":[\"Noticias\"],\"inLanguage\":\"es\",\"potentialAction\":[{\"@type\":\"CommentAction\",\"name\":\"Comment\",\"target\":[\"https:\\\/\\\/www.puertocdelu.com.ar\\\/index.php\\\/2024\\\/01\\\/10\\\/arribo-el-primer-buque-del-ano-al-puerto-de-concepcion-del-uruguay\\\/#respond\"]}]},{\"@type\":\"WebPage\",\"@id\":\"https:\\\/\\\/www.puertocdelu.com.ar\\\/index.php\\\/2024\\\/01\\\/10\\\/arribo-el-primer-buque-del-ano-al-puerto-de-concepcion-del-uruguay\\\/\",\"url\":\"https:\\\/\\\/www.puertocdelu.com.ar\\\/index.php\\\/2024\\\/01\\\/10\\\/arribo-el-primer-buque-del-ano-al-puerto-de-concepcion-del-uruguay\\\/\",\"name\":\"Arrib\u00f3 el primer buque del a\u00f1o 2024 al puerto de Concepci\u00f3n del Uruguay - Puerto de Concepci\u00f3n del Uruguay\",\"isPartOf\":{\"@id\":\"https:\\\/\\\/www.puertocdelu.com.ar\\\/#website\"},\"primaryImageOfPage\":{\"@id\":\"https:\\\/\\\/www.puertocdelu.com.ar\\\/index.php\\\/2024\\\/01\\\/10\\\/arribo-el-primer-buque-del-ano-al-puerto-de-concepcion-del-uruguay\\\/#primaryimage\"},\"image\":{\"@id\":\"https:\\\/\\\/www.puertocdelu.com.ar\\\/index.php\\\/2024\\\/01\\\/10\\\/arribo-el-primer-buque-del-ano-al-puerto-de-concepcion-del-uruguay\\\/#primaryimage\"},\"thumbnailUrl\":\"https:\\\/\\\/www.puertocdelu.com.ar\\\/wp-content\\\/uploads\\\/2024\\\/01\\\/IMG-20240110-WA0128.jpg\",\"datePublished\":\"2024-01-10T23:28:51+00:00\",\"dateModified\":\"2024-01-10T23:29:33+00:00\",\"author\":{\"@id\":\"https:\\\/\\\/www.puertocdelu.com.ar\\\/#\\\/schema\\\/person\\\/9d258b923b29bd5f47ca80d9c8cd72d1\"},\"breadcrumb\":{\"@id\":\"https:\\\/\\\/www.puertocdelu.com.ar\\\/index.php\\\/2024\\\/01\\\/10\\\/arribo-el-primer-buque-del-ano-al-puerto-de-concepcion-del-uruguay\\\/#breadcrumb\"},\"inLanguage\":\"es\",\"potentialAction\":[{\"@type\":\"ReadAction\",\"target\":[\"https:\\\/\\\/www.puertocdelu.com.ar\\\/index.php\\\/2024\\\/01\\\/10\\\/arribo-el-primer-buque-del-ano-al-puerto-de-concepcion-del-uruguay\\\/\"]}]},{\"@type\":\"ImageObject\",\"inLanguage\":\"es\",\"@id\":\"https:\\\/\\\/www.puertocdelu.com.ar\\\/index.php\\\/2024\\\/01\\\/10\\\/arribo-el-primer-buque-del-ano-al-puerto-de-concepcion-del-uruguay\\\/#primaryimage\",\"url\":\"https:\\\/\\\/www.puertocdelu.com.ar\\\/wp-content\\\/uploads\\\/2024\\\/01\\\/IMG-20240110-WA0128.jpg\",\"contentUrl\":\"https:\\\/\\\/www.puertocdelu.com.ar\\\/wp-content\\\/uploads\\\/2024\\\/01\\\/IMG-20240110-WA0128.jpg\",\"width\":1024,\"height\":576},{\"@type\":\"BreadcrumbList\",\"@id\":\"https:\\\/\\\/www.puertocdelu.com.ar\\\/index.php\\\/2024\\\/01\\\/10\\\/arribo-el-primer-buque-del-ano-al-puerto-de-concepcion-del-uruguay\\\/#breadcrumb\",\"itemListElement\":[{\"@type\":\"ListItem\",\"position\":1,\"name\":\"Portada\",\"item\":\"https:\\\/\\\/www.puertocdelu.com.ar\\\/\"},{\"@type\":\"ListItem\",\"position\":2,\"name\":\"Arrib\u00f3 el primer buque del a\u00f1o 2024 al puerto de Concepci\u00f3n del Uruguay\"}]},{\"@type\":\"WebSite\",\"@id\":\"https:\\\/\\\/www.puertocdelu.com.ar\\\/#website\",\"url\":\"https:\\\/\\\/www.puertocdelu.com.ar\\\/\",\"name\":\"Puerto de Concepci\u00f3n del Uruguay\",\"description\":\"\",\"potentialAction\":[{\"@type\":\"SearchAction\",\"target\":{\"@type\":\"EntryPoint\",\"urlTemplate\":\"https:\\\/\\\/www.puertocdelu.com.ar\\\/?s={search_term_string}\"},\"query-input\":{\"@type\":\"PropertyValueSpecification\",\"valueRequired\":true,\"valueName\":\"search_term_string\"}}],\"inLanguage\":\"es\"},{\"@type\":\"Person\",\"@id\":\"https:\\\/\\\/www.puertocdelu.com.ar\\\/#\\\/schema\\\/person\\\/9d258b923b29bd5f47ca80d9c8cd72d1\",\"name\":\"PuertoCdelU\",\"image\":{\"@type\":\"ImageObject\",\"inLanguage\":\"es\",\"@id\":\"https:\\\/\\\/secure.gravatar.com\\\/avatar\\\/99e38dea1727d397df18aced5ac6840012bb7f24c8570dcfafabb73086aed88c?s=96&d=mm&r=g\",\"url\":\"https:\\\/\\\/secure.gravatar.com\\\/avatar\\\/99e38dea1727d397df18aced5ac6840012bb7f24c8570dcfafabb73086aed88c?s=96&d=mm&r=g\",\"contentUrl\":\"https:\\\/\\\/secure.gravatar.com\\\/avatar\\\/99e38dea1727d397df18aced5ac6840012bb7f24c8570dcfafabb73086aed88c?s=96&d=mm&r=g\",\"caption\":\"PuertoCdelU\"},\"url\":\"https:\\\/\\\/www.puertocdelu.com.ar\\\/index.php\\\/author\\\/hectordelos1\\\/\"}]}<\/script>\n<!-- \/ Yoast SEO plugin. -->","yoast_head_json":{"title":"Arrib\u00f3 el primer buque del a\u00f1o 2024 al puerto de Concepci\u00f3n del Uruguay - Puerto de Concepci\u00f3n del Uruguay","robots":{"index":"index","follow":"follow","max-snippet":"max-snippet:-1","max-image-preview":"max-image-preview:large","max-video-preview":"max-video-preview:-1"},"canonical":"https:\/\/www.puertocdelu.com.ar\/index.php\/2024\/01\/10\/arribo-el-primer-buque-del-ano-al-puerto-de-concepcion-del-uruguay\/","og_locale":"es_ES","og_type":"article","og_title":"Arrib\u00f3 el primer buque del a\u00f1o 2024 al puerto de Concepci\u00f3n del Uruguay - Puerto de Concepci\u00f3n del Uruguay","og_description":"Este mi\u00e9rcoles 10 de enero, en horas de la tarde, amarr\u00f3 en los muelles 14, 15, y 16bis del Puerto de Concepci\u00f3n del Uruguay el ultramarino Chintana Naree, un buque con bandera de Singapur y 182.5 metros de eslora. Se trata del primer embarque de exportaci\u00f3n del a\u00f1o 2024 que se realiza desde la provincia [&hellip;]","og_url":"https:\/\/www.puertocdelu.com.ar\/index.php\/2024\/01\/10\/arribo-el-primer-buque-del-ano-al-puerto-de-concepcion-del-uruguay\/","og_site_name":"Puerto de Concepci\u00f3n del Uruguay","article_published_time":"2024-01-10T23:28:51+00:00","article_modified_time":"2024-01-10T23:29:33+00:00","og_image":[{"width":1024,"height":576,"url":"https:\/\/www.puertocdelu.com.ar\/wp-content\/uploads\/2024\/01\/IMG-20240110-WA0128.jpg","type":"image\/jpeg"}],"author":"PuertoCdelU","twitter_card":"summary_large_image","twitter_misc":{"Escrito por":"PuertoCdelU","Tiempo de lectura":"2 minutos"},"schema":{"@context":"https:\/\/schema.org","@graph":[{"@type":"Article","@id":"https:\/\/www.puertocdelu.com.ar\/index.php\/2024\/01\/10\/arribo-el-primer-buque-del-ano-al-puerto-de-concepcion-del-uruguay\/#article","isPartOf":{"@id":"https:\/\/www.puertocdelu.com.ar\/index.php\/2024\/01\/10\/arribo-el-primer-buque-del-ano-al-puerto-de-concepcion-del-uruguay\/"},"author":{"name":"PuertoCdelU","@id":"https:\/\/www.puertocdelu.com.ar\/#\/schema\/person\/9d258b923b29bd5f47ca80d9c8cd72d1"},"headline":"Arrib\u00f3 el primer buque del a\u00f1o 2024 al puerto de Concepci\u00f3n del Uruguay","datePublished":"2024-01-10T23:28:51+00:00","dateModified":"2024-01-10T23:29:33+00:00","mainEntityOfPage":{"@id":"https:\/\/www.puertocdelu.com.ar\/index.php\/2024\/01\/10\/arribo-el-primer-buque-del-ano-al-puerto-de-concepcion-del-uruguay\/"},"wordCount":505,"commentCount":0,"image":{"@id":"https:\/\/www.puertocdelu.com.ar\/index.php\/2024\/01\/10\/arribo-el-primer-buque-del-ano-al-puerto-de-concepcion-del-uruguay\/#primaryimage"},"thumbnailUrl":"https:\/\/www.puertocdelu.com.ar\/wp-content\/uploads\/2024\/01\/IMG-20240110-WA0128.jpg","articleSection":["Noticias"],"inLanguage":"es","potentialAction":[{"@type":"CommentAction","name":"Comment","target":["https:\/\/www.puertocdelu.com.ar\/index.php\/2024\/01\/10\/arribo-el-primer-buque-del-ano-al-puerto-de-concepcion-del-uruguay\/#respond"]}]},{"@type":"WebPage","@id":"https:\/\/www.puertocdelu.com.ar\/index.php\/2024\/01\/10\/arribo-el-primer-buque-del-ano-al-puerto-de-concepcion-del-uruguay\/","url":"https:\/\/www.puertocdelu.com.ar\/index.php\/2024\/01\/10\/arribo-el-primer-buque-del-ano-al-puerto-de-concepcion-del-uruguay\/","name":"Arrib\u00f3 el primer buque del a\u00f1o 2024 al puerto de Concepci\u00f3n del Uruguay - Puerto de Concepci\u00f3n del Uruguay","isPartOf":{"@id":"https:\/\/www.puertocdelu.com.ar\/#website"},"primaryImageOfPage":{"@id":"https:\/\/www.puertocdelu.com.ar\/index.php\/2024\/01\/10\/arribo-el-primer-buque-del-ano-al-puerto-de-concepcion-del-uruguay\/#primaryimage"},"image":{"@id":"https:\/\/www.puertocdelu.com.ar\/index.php\/2024\/01\/10\/arribo-el-primer-buque-del-ano-al-puerto-de-concepcion-del-uruguay\/#primaryimage"},"thumbnailUrl":"https:\/\/www.puertocdelu.com.ar\/wp-content\/uploads\/2024\/01\/IMG-20240110-WA0128.jpg","datePublished":"2024-01-10T23:28:51+00:00","dateModified":"2024-01-10T23:29:33+00:00","author":{"@id":"https:\/\/www.puertocdelu.com.ar\/#\/schema\/person\/9d258b923b29bd5f47ca80d9c8cd72d1"},"breadcrumb":{"@id":"https:\/\/www.puertocdelu.com.ar\/index.php\/2024\/01\/10\/arribo-el-primer-buque-del-ano-al-puerto-de-concepcion-del-uruguay\/#breadcrumb"},"inLanguage":"es","potentialAction":[{"@type":"ReadAction","target":["https:\/\/www.puertocdelu.com.ar\/index.php\/2024\/01\/10\/arribo-el-primer-buque-del-ano-al-puerto-de-concepcion-del-uruguay\/"]}]},{"@type":"ImageObject","inLanguage":"es","@id":"https:\/\/www.puertocdelu.com.ar\/index.php\/2024\/01\/10\/arribo-el-primer-buque-del-ano-al-puerto-de-concepcion-del-uruguay\/#primaryimage","url":"https:\/\/www.puertocdelu.com.ar\/wp-content\/uploads\/2024\/01\/IMG-20240110-WA0128.jpg","contentUrl":"https:\/\/www.puertocdelu.com.ar\/wp-content\/uploads\/2024\/01\/IMG-20240110-WA0128.jpg","width":1024,"height":576},{"@type":"BreadcrumbList","@id":"https:\/\/www.puertocdelu.com.ar\/index.php\/2024\/01\/10\/arribo-el-primer-buque-del-ano-al-puerto-de-concepcion-del-uruguay\/#breadcrumb","itemListElement":[{"@type":"ListItem","position":1,"name":"Portada","item":"https:\/\/www.puertocdelu.com.ar\/"},{"@type":"ListItem","position":2,"name":"Arrib\u00f3 el primer buque del a\u00f1o 2024 al puerto de Concepci\u00f3n del Uruguay"}]},{"@type":"WebSite","@id":"https:\/\/www.puertocdelu.com.ar\/#website","url":"https:\/\/www.puertocdelu.com.ar\/","name":"Puerto de Concepci\u00f3n del Uruguay","description":"","potentialAction":[{"@type":"SearchAction","target":{"@type":"EntryPoint","urlTemplate":"https:\/\/www.puertocdelu.com.ar\/?s={search_term_string}"},"query-input":{"@type":"PropertyValueSpecification","valueRequired":true,"valueName":"search_term_string"}}],"inLanguage":"es"},{"@type":"Person","@id":"https:\/\/www.puertocdelu.com.ar\/#\/schema\/person\/9d258b923b29bd5f47ca80d9c8cd72d1","name":"PuertoCdelU","image":{"@type":"ImageObject","inLanguage":"es","@id":"https:\/\/secure.gravatar.com\/avatar\/99e38dea1727d397df18aced5ac6840012bb7f24c8570dcfafabb73086aed88c?s=96&d=mm&r=g","url":"https:\/\/secure.gravatar.com\/avatar\/99e38dea1727d397df18aced5ac6840012bb7f24c8570dcfafabb73086aed88c?s=96&d=mm&r=g","contentUrl":"https:\/\/secure.gravatar.com\/avatar\/99e38dea1727d397df18aced5ac6840012bb7f24c8570dcfafabb73086aed88c?s=96&d=mm&r=g","caption":"PuertoCdelU"},"url":"https:\/\/www.puertocdelu.com.ar\/index.php\/author\/hectordelos1\/"}]}},"_links":{"self":[{"href":"https:\/\/www.puertocdelu.com.ar\/index.php\/wp-json\/wp\/v2\/posts\/2691","targetHints":{"allow":["GET"]}}],"collection":[{"href":"https:\/\/www.puertocdelu.com.ar\/index.php\/wp-json\/wp\/v2\/posts"}],"about":[{"href":"https:\/\/www.puertocdelu.com.ar\/index.php\/wp-json\/wp\/v2\/types\/post"}],"author":[{"embeddable":true,"href":"https:\/\/www.puertocdelu.com.ar\/index.php\/wp-json\/wp\/v2\/users\/1"}],"replies":[{"embeddable":true,"href":"https:\/\/www.puertocdelu.com.ar\/index.php\/wp-json\/wp\/v2\/comments?post=2691"}],"version-history":[{"count":2,"href":"https:\/\/www.puertocdelu.com.ar\/index.php\/wp-json\/wp\/v2\/posts\/2691\/revisions"}],"predecessor-version":[{"id":2695,"href":"https:\/\/www.puertocdelu.com.ar\/index.php\/wp-json\/wp\/v2\/posts\/2691\/revisions\/2695"}],"wp:featuredmedia":[{"embeddable":true,"href":"https:\/\/www.puertocdelu.com.ar\/index.php\/wp-json\/wp\/v2\/media\/2692"}],"wp:attachment":[{"href":"https:\/\/www.puertocdelu.com.ar\/index.php\/wp-json\/wp\/v2\/media?parent=2691"}],"wp:term":[{"taxonomy":"category","embeddable":true,"href":"https:\/\/www.puertocdelu.com.ar\/index.php\/wp-json\/wp\/v2\/categories?post=2691"},{"taxonomy":"post_tag","embeddable":true,"href":"https:\/\/www.puertocdelu.com.ar\/index.php\/wp-json\/wp\/v2\/tags?post=2691"}],"curies":[{"name":"wp","href":"https:\/\/api.w.org\/{rel}","templated":true}]}}