{"id":2700,"date":"2024-01-22T21:24:20","date_gmt":"2024-01-22T21:24:20","guid":{"rendered":"https:\/\/www.puertocdelu.com.ar\/?p=2700"},"modified":"2024-01-22T21:24:20","modified_gmt":"2024-01-22T21:24:20","slug":"se-suman-las-exportaciones-desde-los-puertos-entrerrianos","status":"publish","type":"post","link":"https:\/\/www.puertocdelu.com.ar\/index.php\/2024\/01\/22\/se-suman-las-exportaciones-desde-los-puertos-entrerrianos\/","title":{"rendered":"Se suman las exportaciones desde los puertos entrerrianos"},"content":{"rendered":"<p>Desde la India lleg\u00f3 a Concepci\u00f3n del Uruguay el buque Helga Bulker. El ultramarino, con bandera de Islas Marshall, parti\u00f3 a fines del mes pasado del puerto de Ennore, sobre el golfo de Bengala, y amarr\u00f3 este lunes en los muelles 14, 15 y 16 del puerto de La Hist\u00f3rica.<\/p>\n<p>Se trata del segundo embarque de exportaci\u00f3n del a\u00f1o 2024 que se concreta desde los puertos entrerrianos, ya que luego de cargar 18.000 toneladas de troncos de pino y eucalipto a granel, este buque sumar\u00e1 otras 15.000 toneladas en el puerto de Ibicuy, en el sur entrerriano.<\/p>\n<p>Apenas ingresado, el buque comenz\u00f3 con las tareas de embarque ya que decenas de camiones estaban a la espera luego de haber realizado los pesajes correspondientes.<\/p>\n<p>El Ente Puerto Concepci\u00f3n del Uruguay dispuso un nuevo sistema de circulaci\u00f3n entre sus balanzas fiscales y los muelles de embarque, habilitando caminos internos que permiten descongestionar la avenida Paysand\u00fa al reducir la cantidad de veh\u00edculos pesados por esa v\u00eda. Esto permite sumar agilidad a la operaci\u00f3n y seguridad al tr\u00e1nsito vehicular en la zona.<\/p>\n<figure id=\"attachment_2702\" aria-describedby=\"caption-attachment-2702\" style=\"width: 2560px\" class=\"wp-caption aligncenter\"><a href=\"https:\/\/www.puertocdelu.com.ar\/wp-content\/uploads\/2024\/01\/helga-02-scaled.jpg\"><img loading=\"lazy\" decoding=\"async\" class=\"size-full wp-image-2702\" src=\"https:\/\/www.puertocdelu.com.ar\/wp-content\/uploads\/2024\/01\/helga-02-scaled.jpg\" alt=\"\" width=\"2560\" height=\"1440\" srcset=\"https:\/\/www.puertocdelu.com.ar\/wp-content\/uploads\/2024\/01\/helga-02-scaled.jpg 2560w, https:\/\/www.puertocdelu.com.ar\/wp-content\/uploads\/2024\/01\/helga-02-300x169.jpg 300w, https:\/\/www.puertocdelu.com.ar\/wp-content\/uploads\/2024\/01\/helga-02-1024x576.jpg 1024w, https:\/\/www.puertocdelu.com.ar\/wp-content\/uploads\/2024\/01\/helga-02-768x432.jpg 768w, https:\/\/www.puertocdelu.com.ar\/wp-content\/uploads\/2024\/01\/helga-02-1536x864.jpg 1536w, https:\/\/www.puertocdelu.com.ar\/wp-content\/uploads\/2024\/01\/helga-02-2048x1152.jpg 2048w, https:\/\/www.puertocdelu.com.ar\/wp-content\/uploads\/2024\/01\/helga-02-696x392.jpg 696w, https:\/\/www.puertocdelu.com.ar\/wp-content\/uploads\/2024\/01\/helga-02-1068x601.jpg 1068w, https:\/\/www.puertocdelu.com.ar\/wp-content\/uploads\/2024\/01\/helga-02-747x420.jpg 747w\" sizes=\"auto, (max-width: 2560px) 100vw, 2560px\" \/><\/a><figcaption id=\"caption-attachment-2702\" class=\"wp-caption-text\">default<\/figcaption><\/figure>\n<p>La encargada de esta exportaci\u00f3n con el mercado indio es Urcel Argentina, una empresa de ciclo completo que, adem\u00e1s de la exportaci\u00f3n, se ocupa tambi\u00e9n de toda la log\u00edstica de traslado de la carga desde los montes de cultivo, y la operaci\u00f3n de embarque sobre los muelles de ambas terminales entrerrianas.<\/p>\n<p>Cabe recordar que esta nueva exportaci\u00f3n desde Entre R\u00edos se realiza a pocas horas de finalizar la carga en el buque Chintana Naree en los muelles de Ibicuy, cumpliendo un ciclo similar al que realizar\u00e1 por estas horas el Helga Bulker.<\/p>\n<p>Ambos embarques tienen como destino final el puerto de Kandla, en la costa noroeste de la India, sobre el mar Ar\u00e1bigo, y en la zona de frontera con Pakist\u00e1n.<\/p>\n","protected":false},"excerpt":{"rendered":"<p>Desde la India lleg\u00f3 a Concepci\u00f3n del Uruguay el buque Helga Bulker. El ultramarino, con bandera de Islas Marshall, parti\u00f3 a fines del mes pasado del puerto de Ennore, sobre el golfo de Bengala, y amarr\u00f3 este lunes en los muelles 14, 15 y 16 del puerto de La Hist\u00f3rica. Se trata del segundo embarque [&hellip;]<\/p>\n","protected":false},"author":1,"featured_media":2701,"comment_status":"open","ping_status":"open","sticky":false,"template":"","format":"standard","meta":{"footnotes":""},"categories":[81],"tags":[],"class_list":{"0":"post-2700","1":"post","2":"type-post","3":"status-publish","4":"format-standard","5":"has-post-thumbnail","7":"category-noticias"},"yoast_head":"<!-- This site is optimized with the Yoast SEO plugin v27.4 - https:\/\/yoast.com\/product\/yoast-seo-wordpress\/ -->\n<title>Se suman las exportaciones desde los puertos entrerrianos - Puerto de Concepci\u00f3n del Uruguay<\/title>\n<meta name=\"robots\" content=\"index, follow, max-snippet:-1, max-image-preview:large, max-video-preview:-1\" \/>\n<link rel=\"canonical\" href=\"https:\/\/www.puertocdelu.com.ar\/index.php\/2024\/01\/22\/se-suman-las-exportaciones-desde-los-puertos-entrerrianos\/\" \/>\n<meta property=\"og:locale\" content=\"es_ES\" \/>\n<meta property=\"og:type\" content=\"article\" \/>\n<meta property=\"og:title\" content=\"Se suman las exportaciones desde los puertos entrerrianos - Puerto de Concepci\u00f3n del Uruguay\" \/>\n<meta property=\"og:description\" content=\"Desde la India lleg\u00f3 a Concepci\u00f3n del Uruguay el buque Helga Bulker. El ultramarino, con bandera de Islas Marshall, parti\u00f3 a fines del mes pasado del puerto de Ennore, sobre el golfo de Bengala, y amarr\u00f3 este lunes en los muelles 14, 15 y 16 del puerto de La Hist\u00f3rica. Se trata del segundo embarque [&hellip;]\" \/>\n<meta property=\"og:url\" content=\"https:\/\/www.puertocdelu.com.ar\/index.php\/2024\/01\/22\/se-suman-las-exportaciones-desde-los-puertos-entrerrianos\/\" \/>\n<meta property=\"og:site_name\" content=\"Puerto de Concepci\u00f3n del Uruguay\" \/>\n<meta property=\"article:published_time\" content=\"2024-01-22T21:24:20+00:00\" \/>\n<meta property=\"og:image\" content=\"https:\/\/www.puertocdelu.com.ar\/wp-content\/uploads\/2024\/01\/helga-01-scaled.jpg\" \/>\n\t<meta property=\"og:image:width\" content=\"2560\" \/>\n\t<meta property=\"og:image:height\" content=\"1440\" \/>\n\t<meta property=\"og:image:type\" content=\"image\/jpeg\" \/>\n<meta name=\"author\" content=\"PuertoCdelU\" \/>\n<meta name=\"twitter:card\" content=\"summary_large_image\" \/>\n<meta name=\"twitter:label1\" content=\"Escrito por\" \/>\n\t<meta name=\"twitter:data1\" content=\"PuertoCdelU\" \/>\n\t<meta name=\"twitter:label2\" content=\"Tiempo de lectura\" \/>\n\t<meta name=\"twitter:data2\" content=\"2 minutos\" \/>\n<script type=\"application\/ld+json\" class=\"yoast-schema-graph\">{\"@context\":\"https:\\\/\\\/schema.org\",\"@graph\":[{\"@type\":\"Article\",\"@id\":\"https:\\\/\\\/www.puertocdelu.com.ar\\\/index.php\\\/2024\\\/01\\\/22\\\/se-suman-las-exportaciones-desde-los-puertos-entrerrianos\\\/#article\",\"isPartOf\":{\"@id\":\"https:\\\/\\\/www.puertocdelu.com.ar\\\/index.php\\\/2024\\\/01\\\/22\\\/se-suman-las-exportaciones-desde-los-puertos-entrerrianos\\\/\"},\"author\":{\"name\":\"PuertoCdelU\",\"@id\":\"https:\\\/\\\/www.puertocdelu.com.ar\\\/#\\\/schema\\\/person\\\/9d258b923b29bd5f47ca80d9c8cd72d1\"},\"headline\":\"Se suman las exportaciones desde los puertos entrerrianos\",\"datePublished\":\"2024-01-22T21:24:20+00:00\",\"mainEntityOfPage\":{\"@id\":\"https:\\\/\\\/www.puertocdelu.com.ar\\\/index.php\\\/2024\\\/01\\\/22\\\/se-suman-las-exportaciones-desde-los-puertos-entrerrianos\\\/\"},\"wordCount\":329,\"commentCount\":0,\"image\":{\"@id\":\"https:\\\/\\\/www.puertocdelu.com.ar\\\/index.php\\\/2024\\\/01\\\/22\\\/se-suman-las-exportaciones-desde-los-puertos-entrerrianos\\\/#primaryimage\"},\"thumbnailUrl\":\"https:\\\/\\\/www.puertocdelu.com.ar\\\/wp-content\\\/uploads\\\/2024\\\/01\\\/helga-01-scaled.jpg\",\"articleSection\":[\"Noticias\"],\"inLanguage\":\"es\",\"potentialAction\":[{\"@type\":\"CommentAction\",\"name\":\"Comment\",\"target\":[\"https:\\\/\\\/www.puertocdelu.com.ar\\\/index.php\\\/2024\\\/01\\\/22\\\/se-suman-las-exportaciones-desde-los-puertos-entrerrianos\\\/#respond\"]}]},{\"@type\":\"WebPage\",\"@id\":\"https:\\\/\\\/www.puertocdelu.com.ar\\\/index.php\\\/2024\\\/01\\\/22\\\/se-suman-las-exportaciones-desde-los-puertos-entrerrianos\\\/\",\"url\":\"https:\\\/\\\/www.puertocdelu.com.ar\\\/index.php\\\/2024\\\/01\\\/22\\\/se-suman-las-exportaciones-desde-los-puertos-entrerrianos\\\/\",\"name\":\"Se suman las exportaciones desde los puertos entrerrianos - Puerto de Concepci\u00f3n del Uruguay\",\"isPartOf\":{\"@id\":\"https:\\\/\\\/www.puertocdelu.com.ar\\\/#website\"},\"primaryImageOfPage\":{\"@id\":\"https:\\\/\\\/www.puertocdelu.com.ar\\\/index.php\\\/2024\\\/01\\\/22\\\/se-suman-las-exportaciones-desde-los-puertos-entrerrianos\\\/#primaryimage\"},\"image\":{\"@id\":\"https:\\\/\\\/www.puertocdelu.com.ar\\\/index.php\\\/2024\\\/01\\\/22\\\/se-suman-las-exportaciones-desde-los-puertos-entrerrianos\\\/#primaryimage\"},\"thumbnailUrl\":\"https:\\\/\\\/www.puertocdelu.com.ar\\\/wp-content\\\/uploads\\\/2024\\\/01\\\/helga-01-scaled.jpg\",\"datePublished\":\"2024-01-22T21:24:20+00:00\",\"author\":{\"@id\":\"https:\\\/\\\/www.puertocdelu.com.ar\\\/#\\\/schema\\\/person\\\/9d258b923b29bd5f47ca80d9c8cd72d1\"},\"breadcrumb\":{\"@id\":\"https:\\\/\\\/www.puertocdelu.com.ar\\\/index.php\\\/2024\\\/01\\\/22\\\/se-suman-las-exportaciones-desde-los-puertos-entrerrianos\\\/#breadcrumb\"},\"inLanguage\":\"es\",\"potentialAction\":[{\"@type\":\"ReadAction\",\"target\":[\"https:\\\/\\\/www.puertocdelu.com.ar\\\/index.php\\\/2024\\\/01\\\/22\\\/se-suman-las-exportaciones-desde-los-puertos-entrerrianos\\\/\"]}]},{\"@type\":\"ImageObject\",\"inLanguage\":\"es\",\"@id\":\"https:\\\/\\\/www.puertocdelu.com.ar\\\/index.php\\\/2024\\\/01\\\/22\\\/se-suman-las-exportaciones-desde-los-puertos-entrerrianos\\\/#primaryimage\",\"url\":\"https:\\\/\\\/www.puertocdelu.com.ar\\\/wp-content\\\/uploads\\\/2024\\\/01\\\/helga-01-scaled.jpg\",\"contentUrl\":\"https:\\\/\\\/www.puertocdelu.com.ar\\\/wp-content\\\/uploads\\\/2024\\\/01\\\/helga-01-scaled.jpg\",\"width\":2560,\"height\":1440,\"caption\":\"default\"},{\"@type\":\"BreadcrumbList\",\"@id\":\"https:\\\/\\\/www.puertocdelu.com.ar\\\/index.php\\\/2024\\\/01\\\/22\\\/se-suman-las-exportaciones-desde-los-puertos-entrerrianos\\\/#breadcrumb\",\"itemListElement\":[{\"@type\":\"ListItem\",\"position\":1,\"name\":\"Portada\",\"item\":\"https:\\\/\\\/www.puertocdelu.com.ar\\\/\"},{\"@type\":\"ListItem\",\"position\":2,\"name\":\"Se suman las exportaciones desde los puertos entrerrianos\"}]},{\"@type\":\"WebSite\",\"@id\":\"https:\\\/\\\/www.puertocdelu.com.ar\\\/#website\",\"url\":\"https:\\\/\\\/www.puertocdelu.com.ar\\\/\",\"name\":\"Puerto de Concepci\u00f3n del Uruguay\",\"description\":\"\",\"potentialAction\":[{\"@type\":\"SearchAction\",\"target\":{\"@type\":\"EntryPoint\",\"urlTemplate\":\"https:\\\/\\\/www.puertocdelu.com.ar\\\/?s={search_term_string}\"},\"query-input\":{\"@type\":\"PropertyValueSpecification\",\"valueRequired\":true,\"valueName\":\"search_term_string\"}}],\"inLanguage\":\"es\"},{\"@type\":\"Person\",\"@id\":\"https:\\\/\\\/www.puertocdelu.com.ar\\\/#\\\/schema\\\/person\\\/9d258b923b29bd5f47ca80d9c8cd72d1\",\"name\":\"PuertoCdelU\",\"image\":{\"@type\":\"ImageObject\",\"inLanguage\":\"es\",\"@id\":\"https:\\\/\\\/secure.gravatar.com\\\/avatar\\\/99e38dea1727d397df18aced5ac6840012bb7f24c8570dcfafabb73086aed88c?s=96&d=mm&r=g\",\"url\":\"https:\\\/\\\/secure.gravatar.com\\\/avatar\\\/99e38dea1727d397df18aced5ac6840012bb7f24c8570dcfafabb73086aed88c?s=96&d=mm&r=g\",\"contentUrl\":\"https:\\\/\\\/secure.gravatar.com\\\/avatar\\\/99e38dea1727d397df18aced5ac6840012bb7f24c8570dcfafabb73086aed88c?s=96&d=mm&r=g\",\"caption\":\"PuertoCdelU\"},\"url\":\"https:\\\/\\\/www.puertocdelu.com.ar\\\/index.php\\\/author\\\/hectordelos1\\\/\"}]}<\/script>\n<!-- \/ Yoast SEO plugin. -->","yoast_head_json":{"title":"Se suman las exportaciones desde los puertos entrerrianos - Puerto de Concepci\u00f3n del Uruguay","robots":{"index":"index","follow":"follow","max-snippet":"max-snippet:-1","max-image-preview":"max-image-preview:large","max-video-preview":"max-video-preview:-1"},"canonical":"https:\/\/www.puertocdelu.com.ar\/index.php\/2024\/01\/22\/se-suman-las-exportaciones-desde-los-puertos-entrerrianos\/","og_locale":"es_ES","og_type":"article","og_title":"Se suman las exportaciones desde los puertos entrerrianos - Puerto de Concepci\u00f3n del Uruguay","og_description":"Desde la India lleg\u00f3 a Concepci\u00f3n del Uruguay el buque Helga Bulker. El ultramarino, con bandera de Islas Marshall, parti\u00f3 a fines del mes pasado del puerto de Ennore, sobre el golfo de Bengala, y amarr\u00f3 este lunes en los muelles 14, 15 y 16 del puerto de La Hist\u00f3rica. Se trata del segundo embarque [&hellip;]","og_url":"https:\/\/www.puertocdelu.com.ar\/index.php\/2024\/01\/22\/se-suman-las-exportaciones-desde-los-puertos-entrerrianos\/","og_site_name":"Puerto de Concepci\u00f3n del Uruguay","article_published_time":"2024-01-22T21:24:20+00:00","og_image":[{"width":2560,"height":1440,"url":"https:\/\/www.puertocdelu.com.ar\/wp-content\/uploads\/2024\/01\/helga-01-scaled.jpg","type":"image\/jpeg"}],"author":"PuertoCdelU","twitter_card":"summary_large_image","twitter_misc":{"Escrito por":"PuertoCdelU","Tiempo de lectura":"2 minutos"},"schema":{"@context":"https:\/\/schema.org","@graph":[{"@type":"Article","@id":"https:\/\/www.puertocdelu.com.ar\/index.php\/2024\/01\/22\/se-suman-las-exportaciones-desde-los-puertos-entrerrianos\/#article","isPartOf":{"@id":"https:\/\/www.puertocdelu.com.ar\/index.php\/2024\/01\/22\/se-suman-las-exportaciones-desde-los-puertos-entrerrianos\/"},"author":{"name":"PuertoCdelU","@id":"https:\/\/www.puertocdelu.com.ar\/#\/schema\/person\/9d258b923b29bd5f47ca80d9c8cd72d1"},"headline":"Se suman las exportaciones desde los puertos entrerrianos","datePublished":"2024-01-22T21:24:20+00:00","mainEntityOfPage":{"@id":"https:\/\/www.puertocdelu.com.ar\/index.php\/2024\/01\/22\/se-suman-las-exportaciones-desde-los-puertos-entrerrianos\/"},"wordCount":329,"commentCount":0,"image":{"@id":"https:\/\/www.puertocdelu.com.ar\/index.php\/2024\/01\/22\/se-suman-las-exportaciones-desde-los-puertos-entrerrianos\/#primaryimage"},"thumbnailUrl":"https:\/\/www.puertocdelu.com.ar\/wp-content\/uploads\/2024\/01\/helga-01-scaled.jpg","articleSection":["Noticias"],"inLanguage":"es","potentialAction":[{"@type":"CommentAction","name":"Comment","target":["https:\/\/www.puertocdelu.com.ar\/index.php\/2024\/01\/22\/se-suman-las-exportaciones-desde-los-puertos-entrerrianos\/#respond"]}]},{"@type":"WebPage","@id":"https:\/\/www.puertocdelu.com.ar\/index.php\/2024\/01\/22\/se-suman-las-exportaciones-desde-los-puertos-entrerrianos\/","url":"https:\/\/www.puertocdelu.com.ar\/index.php\/2024\/01\/22\/se-suman-las-exportaciones-desde-los-puertos-entrerrianos\/","name":"Se suman las exportaciones desde los puertos entrerrianos - Puerto de Concepci\u00f3n del Uruguay","isPartOf":{"@id":"https:\/\/www.puertocdelu.com.ar\/#website"},"primaryImageOfPage":{"@id":"https:\/\/www.puertocdelu.com.ar\/index.php\/2024\/01\/22\/se-suman-las-exportaciones-desde-los-puertos-entrerrianos\/#primaryimage"},"image":{"@id":"https:\/\/www.puertocdelu.com.ar\/index.php\/2024\/01\/22\/se-suman-las-exportaciones-desde-los-puertos-entrerrianos\/#primaryimage"},"thumbnailUrl":"https:\/\/www.puertocdelu.com.ar\/wp-content\/uploads\/2024\/01\/helga-01-scaled.jpg","datePublished":"2024-01-22T21:24:20+00:00","author":{"@id":"https:\/\/www.puertocdelu.com.ar\/#\/schema\/person\/9d258b923b29bd5f47ca80d9c8cd72d1"},"breadcrumb":{"@id":"https:\/\/www.puertocdelu.com.ar\/index.php\/2024\/01\/22\/se-suman-las-exportaciones-desde-los-puertos-entrerrianos\/#breadcrumb"},"inLanguage":"es","potentialAction":[{"@type":"ReadAction","target":["https:\/\/www.puertocdelu.com.ar\/index.php\/2024\/01\/22\/se-suman-las-exportaciones-desde-los-puertos-entrerrianos\/"]}]},{"@type":"ImageObject","inLanguage":"es","@id":"https:\/\/www.puertocdelu.com.ar\/index.php\/2024\/01\/22\/se-suman-las-exportaciones-desde-los-puertos-entrerrianos\/#primaryimage","url":"https:\/\/www.puertocdelu.com.ar\/wp-content\/uploads\/2024\/01\/helga-01-scaled.jpg","contentUrl":"https:\/\/www.puertocdelu.com.ar\/wp-content\/uploads\/2024\/01\/helga-01-scaled.jpg","width":2560,"height":1440,"caption":"default"},{"@type":"BreadcrumbList","@id":"https:\/\/www.puertocdelu.com.ar\/index.php\/2024\/01\/22\/se-suman-las-exportaciones-desde-los-puertos-entrerrianos\/#breadcrumb","itemListElement":[{"@type":"ListItem","position":1,"name":"Portada","item":"https:\/\/www.puertocdelu.com.ar\/"},{"@type":"ListItem","position":2,"name":"Se suman las exportaciones desde los puertos entrerrianos"}]},{"@type":"WebSite","@id":"https:\/\/www.puertocdelu.com.ar\/#website","url":"https:\/\/www.puertocdelu.com.ar\/","name":"Puerto de Concepci\u00f3n del Uruguay","description":"","potentialAction":[{"@type":"SearchAction","target":{"@type":"EntryPoint","urlTemplate":"https:\/\/www.puertocdelu.com.ar\/?s={search_term_string}"},"query-input":{"@type":"PropertyValueSpecification","valueRequired":true,"valueName":"search_term_string"}}],"inLanguage":"es"},{"@type":"Person","@id":"https:\/\/www.puertocdelu.com.ar\/#\/schema\/person\/9d258b923b29bd5f47ca80d9c8cd72d1","name":"PuertoCdelU","image":{"@type":"ImageObject","inLanguage":"es","@id":"https:\/\/secure.gravatar.com\/avatar\/99e38dea1727d397df18aced5ac6840012bb7f24c8570dcfafabb73086aed88c?s=96&d=mm&r=g","url":"https:\/\/secure.gravatar.com\/avatar\/99e38dea1727d397df18aced5ac6840012bb7f24c8570dcfafabb73086aed88c?s=96&d=mm&r=g","contentUrl":"https:\/\/secure.gravatar.com\/avatar\/99e38dea1727d397df18aced5ac6840012bb7f24c8570dcfafabb73086aed88c?s=96&d=mm&r=g","caption":"PuertoCdelU"},"url":"https:\/\/www.puertocdelu.com.ar\/index.php\/author\/hectordelos1\/"}]}},"_links":{"self":[{"href":"https:\/\/www.puertocdelu.com.ar\/index.php\/wp-json\/wp\/v2\/posts\/2700","targetHints":{"allow":["GET"]}}],"collection":[{"href":"https:\/\/www.puertocdelu.com.ar\/index.php\/wp-json\/wp\/v2\/posts"}],"about":[{"href":"https:\/\/www.puertocdelu.com.ar\/index.php\/wp-json\/wp\/v2\/types\/post"}],"author":[{"embeddable":true,"href":"https:\/\/www.puertocdelu.com.ar\/index.php\/wp-json\/wp\/v2\/users\/1"}],"replies":[{"embeddable":true,"href":"https:\/\/www.puertocdelu.com.ar\/index.php\/wp-json\/wp\/v2\/comments?post=2700"}],"version-history":[{"count":1,"href":"https:\/\/www.puertocdelu.com.ar\/index.php\/wp-json\/wp\/v2\/posts\/2700\/revisions"}],"predecessor-version":[{"id":2703,"href":"https:\/\/www.puertocdelu.com.ar\/index.php\/wp-json\/wp\/v2\/posts\/2700\/revisions\/2703"}],"wp:featuredmedia":[{"embeddable":true,"href":"https:\/\/www.puertocdelu.com.ar\/index.php\/wp-json\/wp\/v2\/media\/2701"}],"wp:attachment":[{"href":"https:\/\/www.puertocdelu.com.ar\/index.php\/wp-json\/wp\/v2\/media?parent=2700"}],"wp:term":[{"taxonomy":"category","embeddable":true,"href":"https:\/\/www.puertocdelu.com.ar\/index.php\/wp-json\/wp\/v2\/categories?post=2700"},{"taxonomy":"post_tag","embeddable":true,"href":"https:\/\/www.puertocdelu.com.ar\/index.php\/wp-json\/wp\/v2\/tags?post=2700"}],"curies":[{"name":"wp","href":"https:\/\/api.w.org\/{rel}","templated":true}]}}