{"id":2722,"date":"2024-04-14T22:53:35","date_gmt":"2024-04-14T22:53:35","guid":{"rendered":"https:\/\/www.puertocdelu.com.ar\/?p=2722"},"modified":"2024-04-18T12:53:56","modified_gmt":"2024-04-18T12:53:56","slug":"autoridades-portuarias-se-reunieron-con-el-intendente-de-concepcion-del-uruguay","status":"publish","type":"post","link":"https:\/\/www.puertocdelu.com.ar\/index.php\/2024\/04\/14\/autoridades-portuarias-se-reunieron-con-el-intendente-de-concepcion-del-uruguay\/","title":{"rendered":"Autoridades portuarias se reunieron con el intendente de Concepci\u00f3n del Uruguay"},"content":{"rendered":"<p>El Intendente Jos\u00e9 Eduardo Lauritto recibi\u00f3 al Presidente del Instituto Portuario de la provincia de Entre R\u00edos Juan Orrico y al titular del Ente Aut\u00e1rquico Puerto de Concepci\u00f3n del Uruguay, Marcos Di Giusseppe.<\/p>\n<p>El objetivo del encuentro fue pautar acciones que favorezcan el comercio internacional y productivo de nuestra regi\u00f3n aprovechando las ventajas de nuestro R\u00edo Uruguay.<\/p>\n<p>Adem\u00e1s, las autoridades del gobierno provincial y el ejecutivo Municipal establecieron un plan de trabajo para transformar el \u00e1rea portuaria en una parte activa de la ciudad, que permita la convivencia inteligente de las actividades portuarias tradicionales con la incorporaci\u00f3n de zonas culturales y de ocio, comercios y restauraci\u00f3n, manteniendo tr\u00e1ficos portuarios adecuados a cada zona, para lograr as\u00ed una aut\u00e9ntica integraci\u00f3n del puerto y la ciudad.<\/p>\n<p>Esto permitir\u00e1 continuar con las actividades de exportaci\u00f3n de madera, avanzar con las acciones que permitan que la producci\u00f3n local y regional salgan por nuestro puerto a trav\u00e9s de carga contenerizada, diversificando e incrementando la tarea portuaria, entre otras iniciativas.<\/p>\n<p>La idea prioritaria es unir los esfuerzos de los que tienen responsabilidades p\u00fablicas m\u00e1s all\u00e1 de las pertenencias sectoriales y partidarias bajo un mismo objetivo com\u00fan.<\/p>\n<p>&nbsp;<\/p>\n<p style=\"text-align: right;\"><span style=\"color: #808080;\"><strong>Fuente: Prensa Municipalidad de Concepci\u00f3n del Uruguay<\/strong><\/span><\/p>\n<p>&nbsp;<\/p>\n","protected":false},"excerpt":{"rendered":"<p>El Intendente Jos\u00e9 Eduardo Lauritto recibi\u00f3 al Presidente del Instituto Portuario de la provincia de Entre R\u00edos Juan Orrico y al titular del Ente Aut\u00e1rquico Puerto de Concepci\u00f3n del Uruguay, Marcos Di Giusseppe. El objetivo del encuentro fue pautar acciones que favorezcan el comercio internacional y productivo de nuestra regi\u00f3n aprovechando las ventajas de nuestro [&hellip;]<\/p>\n","protected":false},"author":1,"featured_media":2723,"comment_status":"open","ping_status":"open","sticky":false,"template":"","format":"standard","meta":{"footnotes":""},"categories":[81],"tags":[],"class_list":{"0":"post-2722","1":"post","2":"type-post","3":"status-publish","4":"format-standard","5":"has-post-thumbnail","7":"category-noticias"},"yoast_head":"<!-- This site is optimized with the Yoast SEO plugin v27.4 - https:\/\/yoast.com\/product\/yoast-seo-wordpress\/ -->\n<title>Autoridades portuarias se reunieron con el intendente de Concepci\u00f3n del Uruguay - Puerto de Concepci\u00f3n del Uruguay<\/title>\n<meta name=\"robots\" content=\"index, follow, max-snippet:-1, max-image-preview:large, max-video-preview:-1\" \/>\n<link rel=\"canonical\" href=\"https:\/\/www.puertocdelu.com.ar\/index.php\/2024\/04\/14\/autoridades-portuarias-se-reunieron-con-el-intendente-de-concepcion-del-uruguay\/\" \/>\n<meta property=\"og:locale\" content=\"es_ES\" \/>\n<meta property=\"og:type\" content=\"article\" \/>\n<meta property=\"og:title\" content=\"Autoridades portuarias se reunieron con el intendente de Concepci\u00f3n del Uruguay - Puerto de Concepci\u00f3n del Uruguay\" \/>\n<meta property=\"og:description\" content=\"El Intendente Jos\u00e9 Eduardo Lauritto recibi\u00f3 al Presidente del Instituto Portuario de la provincia de Entre R\u00edos Juan Orrico y al titular del Ente Aut\u00e1rquico Puerto de Concepci\u00f3n del Uruguay, Marcos Di Giusseppe. El objetivo del encuentro fue pautar acciones que favorezcan el comercio internacional y productivo de nuestra regi\u00f3n aprovechando las ventajas de nuestro [&hellip;]\" \/>\n<meta property=\"og:url\" content=\"https:\/\/www.puertocdelu.com.ar\/index.php\/2024\/04\/14\/autoridades-portuarias-se-reunieron-con-el-intendente-de-concepcion-del-uruguay\/\" \/>\n<meta property=\"og:site_name\" content=\"Puerto de Concepci\u00f3n del Uruguay\" \/>\n<meta property=\"article:published_time\" content=\"2024-04-14T22:53:35+00:00\" \/>\n<meta property=\"article:modified_time\" content=\"2024-04-18T12:53:56+00:00\" \/>\n<meta property=\"og:image\" content=\"https:\/\/www.puertocdelu.com.ar\/wp-content\/uploads\/2024\/04\/Puerto-Lauritto.jpeg\" \/>\n\t<meta property=\"og:image:width\" content=\"900\" \/>\n\t<meta property=\"og:image:height\" content=\"594\" \/>\n\t<meta property=\"og:image:type\" content=\"image\/jpeg\" \/>\n<meta name=\"author\" content=\"PuertoCdelU\" \/>\n<meta name=\"twitter:card\" content=\"summary_large_image\" \/>\n<meta name=\"twitter:label1\" content=\"Escrito por\" \/>\n\t<meta name=\"twitter:data1\" content=\"PuertoCdelU\" \/>\n\t<meta name=\"twitter:label2\" content=\"Tiempo de lectura\" \/>\n\t<meta name=\"twitter:data2\" content=\"2 minutos\" \/>\n<script type=\"application\/ld+json\" class=\"yoast-schema-graph\">{\"@context\":\"https:\\\/\\\/schema.org\",\"@graph\":[{\"@type\":\"Article\",\"@id\":\"https:\\\/\\\/www.puertocdelu.com.ar\\\/index.php\\\/2024\\\/04\\\/14\\\/autoridades-portuarias-se-reunieron-con-el-intendente-de-concepcion-del-uruguay\\\/#article\",\"isPartOf\":{\"@id\":\"https:\\\/\\\/www.puertocdelu.com.ar\\\/index.php\\\/2024\\\/04\\\/14\\\/autoridades-portuarias-se-reunieron-con-el-intendente-de-concepcion-del-uruguay\\\/\"},\"author\":{\"name\":\"PuertoCdelU\",\"@id\":\"https:\\\/\\\/www.puertocdelu.com.ar\\\/#\\\/schema\\\/person\\\/9d258b923b29bd5f47ca80d9c8cd72d1\"},\"headline\":\"Autoridades portuarias se reunieron con el intendente de Concepci\u00f3n del Uruguay\",\"datePublished\":\"2024-04-14T22:53:35+00:00\",\"dateModified\":\"2024-04-18T12:53:56+00:00\",\"mainEntityOfPage\":{\"@id\":\"https:\\\/\\\/www.puertocdelu.com.ar\\\/index.php\\\/2024\\\/04\\\/14\\\/autoridades-portuarias-se-reunieron-con-el-intendente-de-concepcion-del-uruguay\\\/\"},\"wordCount\":229,\"commentCount\":0,\"image\":{\"@id\":\"https:\\\/\\\/www.puertocdelu.com.ar\\\/index.php\\\/2024\\\/04\\\/14\\\/autoridades-portuarias-se-reunieron-con-el-intendente-de-concepcion-del-uruguay\\\/#primaryimage\"},\"thumbnailUrl\":\"https:\\\/\\\/www.puertocdelu.com.ar\\\/wp-content\\\/uploads\\\/2024\\\/04\\\/Puerto-Lauritto.jpeg\",\"articleSection\":[\"Noticias\"],\"inLanguage\":\"es\",\"potentialAction\":[{\"@type\":\"CommentAction\",\"name\":\"Comment\",\"target\":[\"https:\\\/\\\/www.puertocdelu.com.ar\\\/index.php\\\/2024\\\/04\\\/14\\\/autoridades-portuarias-se-reunieron-con-el-intendente-de-concepcion-del-uruguay\\\/#respond\"]}]},{\"@type\":\"WebPage\",\"@id\":\"https:\\\/\\\/www.puertocdelu.com.ar\\\/index.php\\\/2024\\\/04\\\/14\\\/autoridades-portuarias-se-reunieron-con-el-intendente-de-concepcion-del-uruguay\\\/\",\"url\":\"https:\\\/\\\/www.puertocdelu.com.ar\\\/index.php\\\/2024\\\/04\\\/14\\\/autoridades-portuarias-se-reunieron-con-el-intendente-de-concepcion-del-uruguay\\\/\",\"name\":\"Autoridades portuarias se reunieron con el intendente de Concepci\u00f3n del Uruguay - Puerto de Concepci\u00f3n del Uruguay\",\"isPartOf\":{\"@id\":\"https:\\\/\\\/www.puertocdelu.com.ar\\\/#website\"},\"primaryImageOfPage\":{\"@id\":\"https:\\\/\\\/www.puertocdelu.com.ar\\\/index.php\\\/2024\\\/04\\\/14\\\/autoridades-portuarias-se-reunieron-con-el-intendente-de-concepcion-del-uruguay\\\/#primaryimage\"},\"image\":{\"@id\":\"https:\\\/\\\/www.puertocdelu.com.ar\\\/index.php\\\/2024\\\/04\\\/14\\\/autoridades-portuarias-se-reunieron-con-el-intendente-de-concepcion-del-uruguay\\\/#primaryimage\"},\"thumbnailUrl\":\"https:\\\/\\\/www.puertocdelu.com.ar\\\/wp-content\\\/uploads\\\/2024\\\/04\\\/Puerto-Lauritto.jpeg\",\"datePublished\":\"2024-04-14T22:53:35+00:00\",\"dateModified\":\"2024-04-18T12:53:56+00:00\",\"author\":{\"@id\":\"https:\\\/\\\/www.puertocdelu.com.ar\\\/#\\\/schema\\\/person\\\/9d258b923b29bd5f47ca80d9c8cd72d1\"},\"breadcrumb\":{\"@id\":\"https:\\\/\\\/www.puertocdelu.com.ar\\\/index.php\\\/2024\\\/04\\\/14\\\/autoridades-portuarias-se-reunieron-con-el-intendente-de-concepcion-del-uruguay\\\/#breadcrumb\"},\"inLanguage\":\"es\",\"potentialAction\":[{\"@type\":\"ReadAction\",\"target\":[\"https:\\\/\\\/www.puertocdelu.com.ar\\\/index.php\\\/2024\\\/04\\\/14\\\/autoridades-portuarias-se-reunieron-con-el-intendente-de-concepcion-del-uruguay\\\/\"]}]},{\"@type\":\"ImageObject\",\"inLanguage\":\"es\",\"@id\":\"https:\\\/\\\/www.puertocdelu.com.ar\\\/index.php\\\/2024\\\/04\\\/14\\\/autoridades-portuarias-se-reunieron-con-el-intendente-de-concepcion-del-uruguay\\\/#primaryimage\",\"url\":\"https:\\\/\\\/www.puertocdelu.com.ar\\\/wp-content\\\/uploads\\\/2024\\\/04\\\/Puerto-Lauritto.jpeg\",\"contentUrl\":\"https:\\\/\\\/www.puertocdelu.com.ar\\\/wp-content\\\/uploads\\\/2024\\\/04\\\/Puerto-Lauritto.jpeg\",\"width\":900,\"height\":594},{\"@type\":\"BreadcrumbList\",\"@id\":\"https:\\\/\\\/www.puertocdelu.com.ar\\\/index.php\\\/2024\\\/04\\\/14\\\/autoridades-portuarias-se-reunieron-con-el-intendente-de-concepcion-del-uruguay\\\/#breadcrumb\",\"itemListElement\":[{\"@type\":\"ListItem\",\"position\":1,\"name\":\"Portada\",\"item\":\"https:\\\/\\\/www.puertocdelu.com.ar\\\/\"},{\"@type\":\"ListItem\",\"position\":2,\"name\":\"Autoridades portuarias se reunieron con el intendente de Concepci\u00f3n del Uruguay\"}]},{\"@type\":\"WebSite\",\"@id\":\"https:\\\/\\\/www.puertocdelu.com.ar\\\/#website\",\"url\":\"https:\\\/\\\/www.puertocdelu.com.ar\\\/\",\"name\":\"Puerto de Concepci\u00f3n del Uruguay\",\"description\":\"\",\"potentialAction\":[{\"@type\":\"SearchAction\",\"target\":{\"@type\":\"EntryPoint\",\"urlTemplate\":\"https:\\\/\\\/www.puertocdelu.com.ar\\\/?s={search_term_string}\"},\"query-input\":{\"@type\":\"PropertyValueSpecification\",\"valueRequired\":true,\"valueName\":\"search_term_string\"}}],\"inLanguage\":\"es\"},{\"@type\":\"Person\",\"@id\":\"https:\\\/\\\/www.puertocdelu.com.ar\\\/#\\\/schema\\\/person\\\/9d258b923b29bd5f47ca80d9c8cd72d1\",\"name\":\"PuertoCdelU\",\"image\":{\"@type\":\"ImageObject\",\"inLanguage\":\"es\",\"@id\":\"https:\\\/\\\/secure.gravatar.com\\\/avatar\\\/99e38dea1727d397df18aced5ac6840012bb7f24c8570dcfafabb73086aed88c?s=96&d=mm&r=g\",\"url\":\"https:\\\/\\\/secure.gravatar.com\\\/avatar\\\/99e38dea1727d397df18aced5ac6840012bb7f24c8570dcfafabb73086aed88c?s=96&d=mm&r=g\",\"contentUrl\":\"https:\\\/\\\/secure.gravatar.com\\\/avatar\\\/99e38dea1727d397df18aced5ac6840012bb7f24c8570dcfafabb73086aed88c?s=96&d=mm&r=g\",\"caption\":\"PuertoCdelU\"},\"url\":\"https:\\\/\\\/www.puertocdelu.com.ar\\\/index.php\\\/author\\\/hectordelos1\\\/\"}]}<\/script>\n<!-- \/ Yoast SEO plugin. -->","yoast_head_json":{"title":"Autoridades portuarias se reunieron con el intendente de Concepci\u00f3n del Uruguay - Puerto de Concepci\u00f3n del Uruguay","robots":{"index":"index","follow":"follow","max-snippet":"max-snippet:-1","max-image-preview":"max-image-preview:large","max-video-preview":"max-video-preview:-1"},"canonical":"https:\/\/www.puertocdelu.com.ar\/index.php\/2024\/04\/14\/autoridades-portuarias-se-reunieron-con-el-intendente-de-concepcion-del-uruguay\/","og_locale":"es_ES","og_type":"article","og_title":"Autoridades portuarias se reunieron con el intendente de Concepci\u00f3n del Uruguay - Puerto de Concepci\u00f3n del Uruguay","og_description":"El Intendente Jos\u00e9 Eduardo Lauritto recibi\u00f3 al Presidente del Instituto Portuario de la provincia de Entre R\u00edos Juan Orrico y al titular del Ente Aut\u00e1rquico Puerto de Concepci\u00f3n del Uruguay, Marcos Di Giusseppe. El objetivo del encuentro fue pautar acciones que favorezcan el comercio internacional y productivo de nuestra regi\u00f3n aprovechando las ventajas de nuestro [&hellip;]","og_url":"https:\/\/www.puertocdelu.com.ar\/index.php\/2024\/04\/14\/autoridades-portuarias-se-reunieron-con-el-intendente-de-concepcion-del-uruguay\/","og_site_name":"Puerto de Concepci\u00f3n del Uruguay","article_published_time":"2024-04-14T22:53:35+00:00","article_modified_time":"2024-04-18T12:53:56+00:00","og_image":[{"width":900,"height":594,"url":"https:\/\/www.puertocdelu.com.ar\/wp-content\/uploads\/2024\/04\/Puerto-Lauritto.jpeg","type":"image\/jpeg"}],"author":"PuertoCdelU","twitter_card":"summary_large_image","twitter_misc":{"Escrito por":"PuertoCdelU","Tiempo de lectura":"2 minutos"},"schema":{"@context":"https:\/\/schema.org","@graph":[{"@type":"Article","@id":"https:\/\/www.puertocdelu.com.ar\/index.php\/2024\/04\/14\/autoridades-portuarias-se-reunieron-con-el-intendente-de-concepcion-del-uruguay\/#article","isPartOf":{"@id":"https:\/\/www.puertocdelu.com.ar\/index.php\/2024\/04\/14\/autoridades-portuarias-se-reunieron-con-el-intendente-de-concepcion-del-uruguay\/"},"author":{"name":"PuertoCdelU","@id":"https:\/\/www.puertocdelu.com.ar\/#\/schema\/person\/9d258b923b29bd5f47ca80d9c8cd72d1"},"headline":"Autoridades portuarias se reunieron con el intendente de Concepci\u00f3n del Uruguay","datePublished":"2024-04-14T22:53:35+00:00","dateModified":"2024-04-18T12:53:56+00:00","mainEntityOfPage":{"@id":"https:\/\/www.puertocdelu.com.ar\/index.php\/2024\/04\/14\/autoridades-portuarias-se-reunieron-con-el-intendente-de-concepcion-del-uruguay\/"},"wordCount":229,"commentCount":0,"image":{"@id":"https:\/\/www.puertocdelu.com.ar\/index.php\/2024\/04\/14\/autoridades-portuarias-se-reunieron-con-el-intendente-de-concepcion-del-uruguay\/#primaryimage"},"thumbnailUrl":"https:\/\/www.puertocdelu.com.ar\/wp-content\/uploads\/2024\/04\/Puerto-Lauritto.jpeg","articleSection":["Noticias"],"inLanguage":"es","potentialAction":[{"@type":"CommentAction","name":"Comment","target":["https:\/\/www.puertocdelu.com.ar\/index.php\/2024\/04\/14\/autoridades-portuarias-se-reunieron-con-el-intendente-de-concepcion-del-uruguay\/#respond"]}]},{"@type":"WebPage","@id":"https:\/\/www.puertocdelu.com.ar\/index.php\/2024\/04\/14\/autoridades-portuarias-se-reunieron-con-el-intendente-de-concepcion-del-uruguay\/","url":"https:\/\/www.puertocdelu.com.ar\/index.php\/2024\/04\/14\/autoridades-portuarias-se-reunieron-con-el-intendente-de-concepcion-del-uruguay\/","name":"Autoridades portuarias se reunieron con el intendente de Concepci\u00f3n del Uruguay - Puerto de Concepci\u00f3n del Uruguay","isPartOf":{"@id":"https:\/\/www.puertocdelu.com.ar\/#website"},"primaryImageOfPage":{"@id":"https:\/\/www.puertocdelu.com.ar\/index.php\/2024\/04\/14\/autoridades-portuarias-se-reunieron-con-el-intendente-de-concepcion-del-uruguay\/#primaryimage"},"image":{"@id":"https:\/\/www.puertocdelu.com.ar\/index.php\/2024\/04\/14\/autoridades-portuarias-se-reunieron-con-el-intendente-de-concepcion-del-uruguay\/#primaryimage"},"thumbnailUrl":"https:\/\/www.puertocdelu.com.ar\/wp-content\/uploads\/2024\/04\/Puerto-Lauritto.jpeg","datePublished":"2024-04-14T22:53:35+00:00","dateModified":"2024-04-18T12:53:56+00:00","author":{"@id":"https:\/\/www.puertocdelu.com.ar\/#\/schema\/person\/9d258b923b29bd5f47ca80d9c8cd72d1"},"breadcrumb":{"@id":"https:\/\/www.puertocdelu.com.ar\/index.php\/2024\/04\/14\/autoridades-portuarias-se-reunieron-con-el-intendente-de-concepcion-del-uruguay\/#breadcrumb"},"inLanguage":"es","potentialAction":[{"@type":"ReadAction","target":["https:\/\/www.puertocdelu.com.ar\/index.php\/2024\/04\/14\/autoridades-portuarias-se-reunieron-con-el-intendente-de-concepcion-del-uruguay\/"]}]},{"@type":"ImageObject","inLanguage":"es","@id":"https:\/\/www.puertocdelu.com.ar\/index.php\/2024\/04\/14\/autoridades-portuarias-se-reunieron-con-el-intendente-de-concepcion-del-uruguay\/#primaryimage","url":"https:\/\/www.puertocdelu.com.ar\/wp-content\/uploads\/2024\/04\/Puerto-Lauritto.jpeg","contentUrl":"https:\/\/www.puertocdelu.com.ar\/wp-content\/uploads\/2024\/04\/Puerto-Lauritto.jpeg","width":900,"height":594},{"@type":"BreadcrumbList","@id":"https:\/\/www.puertocdelu.com.ar\/index.php\/2024\/04\/14\/autoridades-portuarias-se-reunieron-con-el-intendente-de-concepcion-del-uruguay\/#breadcrumb","itemListElement":[{"@type":"ListItem","position":1,"name":"Portada","item":"https:\/\/www.puertocdelu.com.ar\/"},{"@type":"ListItem","position":2,"name":"Autoridades portuarias se reunieron con el intendente de Concepci\u00f3n del Uruguay"}]},{"@type":"WebSite","@id":"https:\/\/www.puertocdelu.com.ar\/#website","url":"https:\/\/www.puertocdelu.com.ar\/","name":"Puerto de Concepci\u00f3n del Uruguay","description":"","potentialAction":[{"@type":"SearchAction","target":{"@type":"EntryPoint","urlTemplate":"https:\/\/www.puertocdelu.com.ar\/?s={search_term_string}"},"query-input":{"@type":"PropertyValueSpecification","valueRequired":true,"valueName":"search_term_string"}}],"inLanguage":"es"},{"@type":"Person","@id":"https:\/\/www.puertocdelu.com.ar\/#\/schema\/person\/9d258b923b29bd5f47ca80d9c8cd72d1","name":"PuertoCdelU","image":{"@type":"ImageObject","inLanguage":"es","@id":"https:\/\/secure.gravatar.com\/avatar\/99e38dea1727d397df18aced5ac6840012bb7f24c8570dcfafabb73086aed88c?s=96&d=mm&r=g","url":"https:\/\/secure.gravatar.com\/avatar\/99e38dea1727d397df18aced5ac6840012bb7f24c8570dcfafabb73086aed88c?s=96&d=mm&r=g","contentUrl":"https:\/\/secure.gravatar.com\/avatar\/99e38dea1727d397df18aced5ac6840012bb7f24c8570dcfafabb73086aed88c?s=96&d=mm&r=g","caption":"PuertoCdelU"},"url":"https:\/\/www.puertocdelu.com.ar\/index.php\/author\/hectordelos1\/"}]}},"_links":{"self":[{"href":"https:\/\/www.puertocdelu.com.ar\/index.php\/wp-json\/wp\/v2\/posts\/2722","targetHints":{"allow":["GET"]}}],"collection":[{"href":"https:\/\/www.puertocdelu.com.ar\/index.php\/wp-json\/wp\/v2\/posts"}],"about":[{"href":"https:\/\/www.puertocdelu.com.ar\/index.php\/wp-json\/wp\/v2\/types\/post"}],"author":[{"embeddable":true,"href":"https:\/\/www.puertocdelu.com.ar\/index.php\/wp-json\/wp\/v2\/users\/1"}],"replies":[{"embeddable":true,"href":"https:\/\/www.puertocdelu.com.ar\/index.php\/wp-json\/wp\/v2\/comments?post=2722"}],"version-history":[{"count":2,"href":"https:\/\/www.puertocdelu.com.ar\/index.php\/wp-json\/wp\/v2\/posts\/2722\/revisions"}],"predecessor-version":[{"id":2725,"href":"https:\/\/www.puertocdelu.com.ar\/index.php\/wp-json\/wp\/v2\/posts\/2722\/revisions\/2725"}],"wp:featuredmedia":[{"embeddable":true,"href":"https:\/\/www.puertocdelu.com.ar\/index.php\/wp-json\/wp\/v2\/media\/2723"}],"wp:attachment":[{"href":"https:\/\/www.puertocdelu.com.ar\/index.php\/wp-json\/wp\/v2\/media?parent=2722"}],"wp:term":[{"taxonomy":"category","embeddable":true,"href":"https:\/\/www.puertocdelu.com.ar\/index.php\/wp-json\/wp\/v2\/categories?post=2722"},{"taxonomy":"post_tag","embeddable":true,"href":"https:\/\/www.puertocdelu.com.ar\/index.php\/wp-json\/wp\/v2\/tags?post=2722"}],"curies":[{"name":"wp","href":"https:\/\/api.w.org\/{rel}","templated":true}]}}