{"id":2754,"date":"2024-07-04T13:31:35","date_gmt":"2024-07-04T13:31:35","guid":{"rendered":"https:\/\/www.puertocdelu.com.ar\/?p=2754"},"modified":"2024-07-04T13:31:35","modified_gmt":"2024-07-04T13:31:35","slug":"primera-exportacion-de-harina-de-soja-sustentable-desde-un-puerto-entrerriano","status":"publish","type":"post","link":"https:\/\/www.puertocdelu.com.ar\/index.php\/2024\/07\/04\/primera-exportacion-de-harina-de-soja-sustentable-desde-un-puerto-entrerriano\/","title":{"rendered":"Primera exportaci\u00f3n de harina de soja sustentable desde un puerto entrerriano"},"content":{"rendered":"<p>Este jueves comenz\u00f3 una operaci\u00f3n de exportaci\u00f3n in\u00e9dita desde los puertos p\u00fablicos entrerrianos. Se embarcar\u00e1n 8.500 toneladas de harina de soja sustentable sembrada, cosechada, procesada, y exportada desde la provincia de Entre R\u00edos.<\/p>\n<p>La operaci\u00f3n de embarque de este producto elaborado por la empresa Entre R\u00edos Crushing, de la ciudad de Gualeguaych\u00fa, en conjunto con, la Asociaci\u00f3n de Cooperativas Argentinas (ACA) y la cooperativa de origen dan\u00e9s, DLG Agro, se realiza desde el Puerto de Concepci\u00f3n del Uruguay, con destino a Alemania, marcando un hito para las terminales portuarias entrerrianas, que incorporan as\u00ed una nueva carga elaborada al abanico de cargas que utilizan estas instalaciones para ser comercializadas en el exterior.<\/p>\n<p>Esta harina en particular es el producto de la molienda del poroto de soja gen\u00e9ticamente no modificada que contempla los mayores est\u00e1ndares de calidad y sustentabilidad ambiental desde el semillero, pasando por la siembra, la cosecha, la extracci\u00f3n y la exportaci\u00f3n.<\/p>\n<p>El ultramarino que lleg\u00f3 a Concepci\u00f3n del Uruguay es el Zsare Zseregi, un buque con bandera de Liberia, 180 metros de eslora y 30 de manga, que llega a Entre R\u00edos proveniente del puerto de R\u00edo Grande, en Brasil.<\/p>\n<p>La log\u00edstica de carga est\u00e1 a cargo de la empresa PTP Group, quien ha dispuesto en los muelles 14, 15, y 16 del puerto uruguayense, el equipamiento necesario para la carga de las bodegas del buque.<\/p>\n<p><a href=\"https:\/\/www.puertocdelu.com.ar\/wp-content\/uploads\/2024\/07\/Puerto-Harina-04-scaled.jpg\"><img loading=\"lazy\" decoding=\"async\" class=\"aligncenter size-full wp-image-2756\" src=\"https:\/\/www.puertocdelu.com.ar\/wp-content\/uploads\/2024\/07\/Puerto-Harina-04-scaled.jpg\" alt=\"\" width=\"2560\" height=\"1440\" srcset=\"https:\/\/www.puertocdelu.com.ar\/wp-content\/uploads\/2024\/07\/Puerto-Harina-04-scaled.jpg 2560w, https:\/\/www.puertocdelu.com.ar\/wp-content\/uploads\/2024\/07\/Puerto-Harina-04-300x169.jpg 300w, https:\/\/www.puertocdelu.com.ar\/wp-content\/uploads\/2024\/07\/Puerto-Harina-04-1024x576.jpg 1024w, https:\/\/www.puertocdelu.com.ar\/wp-content\/uploads\/2024\/07\/Puerto-Harina-04-768x432.jpg 768w, https:\/\/www.puertocdelu.com.ar\/wp-content\/uploads\/2024\/07\/Puerto-Harina-04-1536x864.jpg 1536w, https:\/\/www.puertocdelu.com.ar\/wp-content\/uploads\/2024\/07\/Puerto-Harina-04-2048x1152.jpg 2048w, https:\/\/www.puertocdelu.com.ar\/wp-content\/uploads\/2024\/07\/Puerto-Harina-04-696x391.jpg 696w, https:\/\/www.puertocdelu.com.ar\/wp-content\/uploads\/2024\/07\/Puerto-Harina-04-1068x601.jpg 1068w, https:\/\/www.puertocdelu.com.ar\/wp-content\/uploads\/2024\/07\/Puerto-Harina-04-747x420.jpg 747w\" sizes=\"auto, (max-width: 2560px) 100vw, 2560px\" \/><\/a><\/p>\n<p>Para llevar adelante este embarque, el puerto de Concepci\u00f3n del Uruguay ha debido cumplimentar una serie de exigencias a nivel internacional bajo la normativa GMP+ (Good Manufacturing Practices), tambi\u00e9n conocidas como Buenas Pr\u00e1cticas de Fabricaci\u00f3n para garantizar la calidad y seguridad de los productos elaborados.<\/p>\n<p>El cumplimiento de todas estas normativas vinculadas a infraestructura, higiene, seguridad y control, por parte del Puerto de Concepci\u00f3n del Uruguay lo validan, como el \u00fanico puerto p\u00fablico entrerriano en condiciones de embarcar este tipo de carga con destino a Europa.<\/p>\n<p>Seg\u00fan las estimaciones de las empresas involucradas en esta operaci\u00f3n, el embarque tendr\u00e1 una duraci\u00f3n de aproximadamente cuatro d\u00edas. El buque zarpar\u00e1 luego rumbo al puerto de San Lorenzo, para completar sus bodegas y emprender su rumbo a Alemania.<\/p>\n<p>&nbsp;<\/p>\n","protected":false},"excerpt":{"rendered":"<p>Este jueves comenz\u00f3 una operaci\u00f3n de exportaci\u00f3n in\u00e9dita desde los puertos p\u00fablicos entrerrianos. Se embarcar\u00e1n 8.500 toneladas de harina de soja sustentable sembrada, cosechada, procesada, y exportada desde la provincia de Entre R\u00edos. La operaci\u00f3n de embarque de este producto elaborado por la empresa Entre R\u00edos Crushing, de la ciudad de Gualeguaych\u00fa, en conjunto con, [&hellip;]<\/p>\n","protected":false},"author":1,"featured_media":2755,"comment_status":"open","ping_status":"open","sticky":false,"template":"","format":"standard","meta":{"footnotes":""},"categories":[81],"tags":[],"class_list":{"0":"post-2754","1":"post","2":"type-post","3":"status-publish","4":"format-standard","5":"has-post-thumbnail","7":"category-noticias"},"yoast_head":"<!-- This site is optimized with the Yoast SEO plugin v27.4 - https:\/\/yoast.com\/product\/yoast-seo-wordpress\/ -->\n<title>Primera exportaci\u00f3n de harina de soja sustentable desde un puerto entrerriano - Puerto de Concepci\u00f3n del Uruguay<\/title>\n<meta name=\"robots\" content=\"index, follow, max-snippet:-1, max-image-preview:large, max-video-preview:-1\" \/>\n<link rel=\"canonical\" href=\"https:\/\/www.puertocdelu.com.ar\/index.php\/2024\/07\/04\/primera-exportacion-de-harina-de-soja-sustentable-desde-un-puerto-entrerriano\/\" \/>\n<meta property=\"og:locale\" content=\"es_ES\" \/>\n<meta property=\"og:type\" content=\"article\" \/>\n<meta property=\"og:title\" content=\"Primera exportaci\u00f3n de harina de soja sustentable desde un puerto entrerriano - Puerto de Concepci\u00f3n del Uruguay\" \/>\n<meta property=\"og:description\" content=\"Este jueves comenz\u00f3 una operaci\u00f3n de exportaci\u00f3n in\u00e9dita desde los puertos p\u00fablicos entrerrianos. Se embarcar\u00e1n 8.500 toneladas de harina de soja sustentable sembrada, cosechada, procesada, y exportada desde la provincia de Entre R\u00edos. La operaci\u00f3n de embarque de este producto elaborado por la empresa Entre R\u00edos Crushing, de la ciudad de Gualeguaych\u00fa, en conjunto con, [&hellip;]\" \/>\n<meta property=\"og:url\" content=\"https:\/\/www.puertocdelu.com.ar\/index.php\/2024\/07\/04\/primera-exportacion-de-harina-de-soja-sustentable-desde-un-puerto-entrerriano\/\" \/>\n<meta property=\"og:site_name\" content=\"Puerto de Concepci\u00f3n del Uruguay\" \/>\n<meta property=\"article:published_time\" content=\"2024-07-04T13:31:35+00:00\" \/>\n<meta property=\"og:image\" content=\"https:\/\/www.puertocdelu.com.ar\/wp-content\/uploads\/2024\/07\/Puerto-Harina-01-scaled.jpg\" \/>\n\t<meta property=\"og:image:width\" content=\"2560\" \/>\n\t<meta property=\"og:image:height\" content=\"1920\" \/>\n\t<meta property=\"og:image:type\" content=\"image\/jpeg\" \/>\n<meta name=\"author\" content=\"PuertoCdelU\" \/>\n<meta name=\"twitter:card\" content=\"summary_large_image\" \/>\n<meta name=\"twitter:label1\" content=\"Escrito por\" \/>\n\t<meta name=\"twitter:data1\" content=\"PuertoCdelU\" \/>\n\t<meta name=\"twitter:label2\" content=\"Tiempo de lectura\" \/>\n\t<meta name=\"twitter:data2\" content=\"3 minutos\" \/>\n<script type=\"application\/ld+json\" class=\"yoast-schema-graph\">{\"@context\":\"https:\\\/\\\/schema.org\",\"@graph\":[{\"@type\":\"Article\",\"@id\":\"https:\\\/\\\/www.puertocdelu.com.ar\\\/index.php\\\/2024\\\/07\\\/04\\\/primera-exportacion-de-harina-de-soja-sustentable-desde-un-puerto-entrerriano\\\/#article\",\"isPartOf\":{\"@id\":\"https:\\\/\\\/www.puertocdelu.com.ar\\\/index.php\\\/2024\\\/07\\\/04\\\/primera-exportacion-de-harina-de-soja-sustentable-desde-un-puerto-entrerriano\\\/\"},\"author\":{\"name\":\"PuertoCdelU\",\"@id\":\"https:\\\/\\\/www.puertocdelu.com.ar\\\/#\\\/schema\\\/person\\\/9d258b923b29bd5f47ca80d9c8cd72d1\"},\"headline\":\"Primera exportaci\u00f3n de harina de soja sustentable desde un puerto entrerriano\",\"datePublished\":\"2024-07-04T13:31:35+00:00\",\"mainEntityOfPage\":{\"@id\":\"https:\\\/\\\/www.puertocdelu.com.ar\\\/index.php\\\/2024\\\/07\\\/04\\\/primera-exportacion-de-harina-de-soja-sustentable-desde-un-puerto-entrerriano\\\/\"},\"wordCount\":388,\"commentCount\":0,\"image\":{\"@id\":\"https:\\\/\\\/www.puertocdelu.com.ar\\\/index.php\\\/2024\\\/07\\\/04\\\/primera-exportacion-de-harina-de-soja-sustentable-desde-un-puerto-entrerriano\\\/#primaryimage\"},\"thumbnailUrl\":\"https:\\\/\\\/www.puertocdelu.com.ar\\\/wp-content\\\/uploads\\\/2024\\\/07\\\/Puerto-Harina-01-scaled.jpg\",\"articleSection\":[\"Noticias\"],\"inLanguage\":\"es\",\"potentialAction\":[{\"@type\":\"CommentAction\",\"name\":\"Comment\",\"target\":[\"https:\\\/\\\/www.puertocdelu.com.ar\\\/index.php\\\/2024\\\/07\\\/04\\\/primera-exportacion-de-harina-de-soja-sustentable-desde-un-puerto-entrerriano\\\/#respond\"]}]},{\"@type\":\"WebPage\",\"@id\":\"https:\\\/\\\/www.puertocdelu.com.ar\\\/index.php\\\/2024\\\/07\\\/04\\\/primera-exportacion-de-harina-de-soja-sustentable-desde-un-puerto-entrerriano\\\/\",\"url\":\"https:\\\/\\\/www.puertocdelu.com.ar\\\/index.php\\\/2024\\\/07\\\/04\\\/primera-exportacion-de-harina-de-soja-sustentable-desde-un-puerto-entrerriano\\\/\",\"name\":\"Primera exportaci\u00f3n de harina de soja sustentable desde un puerto entrerriano - Puerto de Concepci\u00f3n del Uruguay\",\"isPartOf\":{\"@id\":\"https:\\\/\\\/www.puertocdelu.com.ar\\\/#website\"},\"primaryImageOfPage\":{\"@id\":\"https:\\\/\\\/www.puertocdelu.com.ar\\\/index.php\\\/2024\\\/07\\\/04\\\/primera-exportacion-de-harina-de-soja-sustentable-desde-un-puerto-entrerriano\\\/#primaryimage\"},\"image\":{\"@id\":\"https:\\\/\\\/www.puertocdelu.com.ar\\\/index.php\\\/2024\\\/07\\\/04\\\/primera-exportacion-de-harina-de-soja-sustentable-desde-un-puerto-entrerriano\\\/#primaryimage\"},\"thumbnailUrl\":\"https:\\\/\\\/www.puertocdelu.com.ar\\\/wp-content\\\/uploads\\\/2024\\\/07\\\/Puerto-Harina-01-scaled.jpg\",\"datePublished\":\"2024-07-04T13:31:35+00:00\",\"author\":{\"@id\":\"https:\\\/\\\/www.puertocdelu.com.ar\\\/#\\\/schema\\\/person\\\/9d258b923b29bd5f47ca80d9c8cd72d1\"},\"breadcrumb\":{\"@id\":\"https:\\\/\\\/www.puertocdelu.com.ar\\\/index.php\\\/2024\\\/07\\\/04\\\/primera-exportacion-de-harina-de-soja-sustentable-desde-un-puerto-entrerriano\\\/#breadcrumb\"},\"inLanguage\":\"es\",\"potentialAction\":[{\"@type\":\"ReadAction\",\"target\":[\"https:\\\/\\\/www.puertocdelu.com.ar\\\/index.php\\\/2024\\\/07\\\/04\\\/primera-exportacion-de-harina-de-soja-sustentable-desde-un-puerto-entrerriano\\\/\"]}]},{\"@type\":\"ImageObject\",\"inLanguage\":\"es\",\"@id\":\"https:\\\/\\\/www.puertocdelu.com.ar\\\/index.php\\\/2024\\\/07\\\/04\\\/primera-exportacion-de-harina-de-soja-sustentable-desde-un-puerto-entrerriano\\\/#primaryimage\",\"url\":\"https:\\\/\\\/www.puertocdelu.com.ar\\\/wp-content\\\/uploads\\\/2024\\\/07\\\/Puerto-Harina-01-scaled.jpg\",\"contentUrl\":\"https:\\\/\\\/www.puertocdelu.com.ar\\\/wp-content\\\/uploads\\\/2024\\\/07\\\/Puerto-Harina-01-scaled.jpg\",\"width\":2560,\"height\":1920},{\"@type\":\"BreadcrumbList\",\"@id\":\"https:\\\/\\\/www.puertocdelu.com.ar\\\/index.php\\\/2024\\\/07\\\/04\\\/primera-exportacion-de-harina-de-soja-sustentable-desde-un-puerto-entrerriano\\\/#breadcrumb\",\"itemListElement\":[{\"@type\":\"ListItem\",\"position\":1,\"name\":\"Portada\",\"item\":\"https:\\\/\\\/www.puertocdelu.com.ar\\\/\"},{\"@type\":\"ListItem\",\"position\":2,\"name\":\"Primera exportaci\u00f3n de harina de soja sustentable desde un puerto entrerriano\"}]},{\"@type\":\"WebSite\",\"@id\":\"https:\\\/\\\/www.puertocdelu.com.ar\\\/#website\",\"url\":\"https:\\\/\\\/www.puertocdelu.com.ar\\\/\",\"name\":\"Puerto de Concepci\u00f3n del Uruguay\",\"description\":\"\",\"potentialAction\":[{\"@type\":\"SearchAction\",\"target\":{\"@type\":\"EntryPoint\",\"urlTemplate\":\"https:\\\/\\\/www.puertocdelu.com.ar\\\/?s={search_term_string}\"},\"query-input\":{\"@type\":\"PropertyValueSpecification\",\"valueRequired\":true,\"valueName\":\"search_term_string\"}}],\"inLanguage\":\"es\"},{\"@type\":\"Person\",\"@id\":\"https:\\\/\\\/www.puertocdelu.com.ar\\\/#\\\/schema\\\/person\\\/9d258b923b29bd5f47ca80d9c8cd72d1\",\"name\":\"PuertoCdelU\",\"image\":{\"@type\":\"ImageObject\",\"inLanguage\":\"es\",\"@id\":\"https:\\\/\\\/secure.gravatar.com\\\/avatar\\\/99e38dea1727d397df18aced5ac6840012bb7f24c8570dcfafabb73086aed88c?s=96&d=mm&r=g\",\"url\":\"https:\\\/\\\/secure.gravatar.com\\\/avatar\\\/99e38dea1727d397df18aced5ac6840012bb7f24c8570dcfafabb73086aed88c?s=96&d=mm&r=g\",\"contentUrl\":\"https:\\\/\\\/secure.gravatar.com\\\/avatar\\\/99e38dea1727d397df18aced5ac6840012bb7f24c8570dcfafabb73086aed88c?s=96&d=mm&r=g\",\"caption\":\"PuertoCdelU\"},\"url\":\"https:\\\/\\\/www.puertocdelu.com.ar\\\/index.php\\\/author\\\/hectordelos1\\\/\"}]}<\/script>\n<!-- \/ Yoast SEO plugin. -->","yoast_head_json":{"title":"Primera exportaci\u00f3n de harina de soja sustentable desde un puerto entrerriano - Puerto de Concepci\u00f3n del Uruguay","robots":{"index":"index","follow":"follow","max-snippet":"max-snippet:-1","max-image-preview":"max-image-preview:large","max-video-preview":"max-video-preview:-1"},"canonical":"https:\/\/www.puertocdelu.com.ar\/index.php\/2024\/07\/04\/primera-exportacion-de-harina-de-soja-sustentable-desde-un-puerto-entrerriano\/","og_locale":"es_ES","og_type":"article","og_title":"Primera exportaci\u00f3n de harina de soja sustentable desde un puerto entrerriano - Puerto de Concepci\u00f3n del Uruguay","og_description":"Este jueves comenz\u00f3 una operaci\u00f3n de exportaci\u00f3n in\u00e9dita desde los puertos p\u00fablicos entrerrianos. Se embarcar\u00e1n 8.500 toneladas de harina de soja sustentable sembrada, cosechada, procesada, y exportada desde la provincia de Entre R\u00edos. La operaci\u00f3n de embarque de este producto elaborado por la empresa Entre R\u00edos Crushing, de la ciudad de Gualeguaych\u00fa, en conjunto con, [&hellip;]","og_url":"https:\/\/www.puertocdelu.com.ar\/index.php\/2024\/07\/04\/primera-exportacion-de-harina-de-soja-sustentable-desde-un-puerto-entrerriano\/","og_site_name":"Puerto de Concepci\u00f3n del Uruguay","article_published_time":"2024-07-04T13:31:35+00:00","og_image":[{"width":2560,"height":1920,"url":"https:\/\/www.puertocdelu.com.ar\/wp-content\/uploads\/2024\/07\/Puerto-Harina-01-scaled.jpg","type":"image\/jpeg"}],"author":"PuertoCdelU","twitter_card":"summary_large_image","twitter_misc":{"Escrito por":"PuertoCdelU","Tiempo de lectura":"3 minutos"},"schema":{"@context":"https:\/\/schema.org","@graph":[{"@type":"Article","@id":"https:\/\/www.puertocdelu.com.ar\/index.php\/2024\/07\/04\/primera-exportacion-de-harina-de-soja-sustentable-desde-un-puerto-entrerriano\/#article","isPartOf":{"@id":"https:\/\/www.puertocdelu.com.ar\/index.php\/2024\/07\/04\/primera-exportacion-de-harina-de-soja-sustentable-desde-un-puerto-entrerriano\/"},"author":{"name":"PuertoCdelU","@id":"https:\/\/www.puertocdelu.com.ar\/#\/schema\/person\/9d258b923b29bd5f47ca80d9c8cd72d1"},"headline":"Primera exportaci\u00f3n de harina de soja sustentable desde un puerto entrerriano","datePublished":"2024-07-04T13:31:35+00:00","mainEntityOfPage":{"@id":"https:\/\/www.puertocdelu.com.ar\/index.php\/2024\/07\/04\/primera-exportacion-de-harina-de-soja-sustentable-desde-un-puerto-entrerriano\/"},"wordCount":388,"commentCount":0,"image":{"@id":"https:\/\/www.puertocdelu.com.ar\/index.php\/2024\/07\/04\/primera-exportacion-de-harina-de-soja-sustentable-desde-un-puerto-entrerriano\/#primaryimage"},"thumbnailUrl":"https:\/\/www.puertocdelu.com.ar\/wp-content\/uploads\/2024\/07\/Puerto-Harina-01-scaled.jpg","articleSection":["Noticias"],"inLanguage":"es","potentialAction":[{"@type":"CommentAction","name":"Comment","target":["https:\/\/www.puertocdelu.com.ar\/index.php\/2024\/07\/04\/primera-exportacion-de-harina-de-soja-sustentable-desde-un-puerto-entrerriano\/#respond"]}]},{"@type":"WebPage","@id":"https:\/\/www.puertocdelu.com.ar\/index.php\/2024\/07\/04\/primera-exportacion-de-harina-de-soja-sustentable-desde-un-puerto-entrerriano\/","url":"https:\/\/www.puertocdelu.com.ar\/index.php\/2024\/07\/04\/primera-exportacion-de-harina-de-soja-sustentable-desde-un-puerto-entrerriano\/","name":"Primera exportaci\u00f3n de harina de soja sustentable desde un puerto entrerriano - Puerto de Concepci\u00f3n del Uruguay","isPartOf":{"@id":"https:\/\/www.puertocdelu.com.ar\/#website"},"primaryImageOfPage":{"@id":"https:\/\/www.puertocdelu.com.ar\/index.php\/2024\/07\/04\/primera-exportacion-de-harina-de-soja-sustentable-desde-un-puerto-entrerriano\/#primaryimage"},"image":{"@id":"https:\/\/www.puertocdelu.com.ar\/index.php\/2024\/07\/04\/primera-exportacion-de-harina-de-soja-sustentable-desde-un-puerto-entrerriano\/#primaryimage"},"thumbnailUrl":"https:\/\/www.puertocdelu.com.ar\/wp-content\/uploads\/2024\/07\/Puerto-Harina-01-scaled.jpg","datePublished":"2024-07-04T13:31:35+00:00","author":{"@id":"https:\/\/www.puertocdelu.com.ar\/#\/schema\/person\/9d258b923b29bd5f47ca80d9c8cd72d1"},"breadcrumb":{"@id":"https:\/\/www.puertocdelu.com.ar\/index.php\/2024\/07\/04\/primera-exportacion-de-harina-de-soja-sustentable-desde-un-puerto-entrerriano\/#breadcrumb"},"inLanguage":"es","potentialAction":[{"@type":"ReadAction","target":["https:\/\/www.puertocdelu.com.ar\/index.php\/2024\/07\/04\/primera-exportacion-de-harina-de-soja-sustentable-desde-un-puerto-entrerriano\/"]}]},{"@type":"ImageObject","inLanguage":"es","@id":"https:\/\/www.puertocdelu.com.ar\/index.php\/2024\/07\/04\/primera-exportacion-de-harina-de-soja-sustentable-desde-un-puerto-entrerriano\/#primaryimage","url":"https:\/\/www.puertocdelu.com.ar\/wp-content\/uploads\/2024\/07\/Puerto-Harina-01-scaled.jpg","contentUrl":"https:\/\/www.puertocdelu.com.ar\/wp-content\/uploads\/2024\/07\/Puerto-Harina-01-scaled.jpg","width":2560,"height":1920},{"@type":"BreadcrumbList","@id":"https:\/\/www.puertocdelu.com.ar\/index.php\/2024\/07\/04\/primera-exportacion-de-harina-de-soja-sustentable-desde-un-puerto-entrerriano\/#breadcrumb","itemListElement":[{"@type":"ListItem","position":1,"name":"Portada","item":"https:\/\/www.puertocdelu.com.ar\/"},{"@type":"ListItem","position":2,"name":"Primera exportaci\u00f3n de harina de soja sustentable desde un puerto entrerriano"}]},{"@type":"WebSite","@id":"https:\/\/www.puertocdelu.com.ar\/#website","url":"https:\/\/www.puertocdelu.com.ar\/","name":"Puerto de Concepci\u00f3n del Uruguay","description":"","potentialAction":[{"@type":"SearchAction","target":{"@type":"EntryPoint","urlTemplate":"https:\/\/www.puertocdelu.com.ar\/?s={search_term_string}"},"query-input":{"@type":"PropertyValueSpecification","valueRequired":true,"valueName":"search_term_string"}}],"inLanguage":"es"},{"@type":"Person","@id":"https:\/\/www.puertocdelu.com.ar\/#\/schema\/person\/9d258b923b29bd5f47ca80d9c8cd72d1","name":"PuertoCdelU","image":{"@type":"ImageObject","inLanguage":"es","@id":"https:\/\/secure.gravatar.com\/avatar\/99e38dea1727d397df18aced5ac6840012bb7f24c8570dcfafabb73086aed88c?s=96&d=mm&r=g","url":"https:\/\/secure.gravatar.com\/avatar\/99e38dea1727d397df18aced5ac6840012bb7f24c8570dcfafabb73086aed88c?s=96&d=mm&r=g","contentUrl":"https:\/\/secure.gravatar.com\/avatar\/99e38dea1727d397df18aced5ac6840012bb7f24c8570dcfafabb73086aed88c?s=96&d=mm&r=g","caption":"PuertoCdelU"},"url":"https:\/\/www.puertocdelu.com.ar\/index.php\/author\/hectordelos1\/"}]}},"_links":{"self":[{"href":"https:\/\/www.puertocdelu.com.ar\/index.php\/wp-json\/wp\/v2\/posts\/2754","targetHints":{"allow":["GET"]}}],"collection":[{"href":"https:\/\/www.puertocdelu.com.ar\/index.php\/wp-json\/wp\/v2\/posts"}],"about":[{"href":"https:\/\/www.puertocdelu.com.ar\/index.php\/wp-json\/wp\/v2\/types\/post"}],"author":[{"embeddable":true,"href":"https:\/\/www.puertocdelu.com.ar\/index.php\/wp-json\/wp\/v2\/users\/1"}],"replies":[{"embeddable":true,"href":"https:\/\/www.puertocdelu.com.ar\/index.php\/wp-json\/wp\/v2\/comments?post=2754"}],"version-history":[{"count":1,"href":"https:\/\/www.puertocdelu.com.ar\/index.php\/wp-json\/wp\/v2\/posts\/2754\/revisions"}],"predecessor-version":[{"id":2758,"href":"https:\/\/www.puertocdelu.com.ar\/index.php\/wp-json\/wp\/v2\/posts\/2754\/revisions\/2758"}],"wp:featuredmedia":[{"embeddable":true,"href":"https:\/\/www.puertocdelu.com.ar\/index.php\/wp-json\/wp\/v2\/media\/2755"}],"wp:attachment":[{"href":"https:\/\/www.puertocdelu.com.ar\/index.php\/wp-json\/wp\/v2\/media?parent=2754"}],"wp:term":[{"taxonomy":"category","embeddable":true,"href":"https:\/\/www.puertocdelu.com.ar\/index.php\/wp-json\/wp\/v2\/categories?post=2754"},{"taxonomy":"post_tag","embeddable":true,"href":"https:\/\/www.puertocdelu.com.ar\/index.php\/wp-json\/wp\/v2\/tags?post=2754"}],"curies":[{"name":"wp","href":"https:\/\/api.w.org\/{rel}","templated":true}]}}