{"id":2792,"date":"2024-09-21T21:19:45","date_gmt":"2024-09-21T21:19:45","guid":{"rendered":"https:\/\/www.puertocdelu.com.ar\/?p=2792"},"modified":"2024-09-21T21:19:45","modified_gmt":"2024-09-21T21:19:45","slug":"se-esta-haciendo-el-mantenimiento-del-balizamiento-del-rio-uruguay","status":"publish","type":"post","link":"https:\/\/www.puertocdelu.com.ar\/index.php\/2024\/09\/21\/se-esta-haciendo-el-mantenimiento-del-balizamiento-del-rio-uruguay\/","title":{"rendered":"Se est\u00e1 haciendo el mantenimiento del balizamiento del r\u00edo Uruguay"},"content":{"rendered":"<p>Este s\u00e1bado por la ma\u00f1ana zarp\u00f3 desde el Puerto de Concepci\u00f3n del Uruguay el buque multiprop\u00f3sito de la Armada Argentina, ARA \u201cCiudad de Z\u00e1rate\u201d, con el objetivo de continuar las tareas de mantenimiento del balizamiento del r\u00edo Uruguay iniciadas el pasado 16 de setiembre.<\/p>\n<p>La Comisi\u00f3n Administradora del R\u00edo Uruguay, organismo binacional, ha suscripto un convenio con el \u00c1rea Naval Fluvial de la Armada de la Rep\u00fablica Argentina, a los efectos de realizar un mantenimiento del balizamiento responsabilidad de nuestro pa\u00eds entre los kil\u00f3metros 0 y 214.<\/p>\n<p>La tarea tendr\u00e1 una duraci\u00f3n aproximada de 40 d\u00edas, y consiste en la instalaci\u00f3n de 20 boyas nuevas, y el reposicionamiento de 42 existentes, as\u00ed como tambi\u00e9n el encendido y sincronizaci\u00f3n de linternas.<\/p>\n<p><a href=\"https:\/\/www.puertocdelu.com.ar\/wp-content\/uploads\/2024\/09\/balizas01.jpg\"><img loading=\"lazy\" decoding=\"async\" class=\"aligncenter size-full wp-image-2794\" src=\"https:\/\/www.puertocdelu.com.ar\/wp-content\/uploads\/2024\/09\/balizas01.jpg\" alt=\"\" width=\"1440\" height=\"808\" srcset=\"https:\/\/www.puertocdelu.com.ar\/wp-content\/uploads\/2024\/09\/balizas01.jpg 1440w, https:\/\/www.puertocdelu.com.ar\/wp-content\/uploads\/2024\/09\/balizas01-300x168.jpg 300w, https:\/\/www.puertocdelu.com.ar\/wp-content\/uploads\/2024\/09\/balizas01-1024x575.jpg 1024w, https:\/\/www.puertocdelu.com.ar\/wp-content\/uploads\/2024\/09\/balizas01-768x431.jpg 768w, https:\/\/www.puertocdelu.com.ar\/wp-content\/uploads\/2024\/09\/balizas01-696x391.jpg 696w, https:\/\/www.puertocdelu.com.ar\/wp-content\/uploads\/2024\/09\/balizas01-1068x599.jpg 1068w, https:\/\/www.puertocdelu.com.ar\/wp-content\/uploads\/2024\/09\/balizas01-749x420.jpg 749w\" sizes=\"auto, (max-width: 1440px) 100vw, 1440px\" \/><\/a><\/p>\n<p>El Puerto de Concepci\u00f3n del Uruguay se sum\u00f3 a este plan de trabajos brindando los espacios log\u00edsticos y de amarre para que el buque pueda tener los Muelles 3 y 4 como base operativa para llevar adelante la tarea.<\/p>\n<p>El buque ARA \u201cCiudad de Z\u00e1rate\u201d es el encargado de dar inicio a las tareas sobre el sistema de se\u00f1alizaci\u00f3n, y luego ser\u00e1 relevado por el multiprop\u00f3sito ARA \u201cPunta Alta\u201d<\/p>\n<p>El plan de trabajo consiste en verificar el funcionamiento lum\u00ednico de la se\u00f1al caracter\u00edstica de cada boya, revisar su superestructura para, de corresponder, repintarlas para su mejor visualizaci\u00f3n; y, de ser necesario, reposicionarlas en su punto exacto en las cartas n\u00e1uticas del sector, ente otras tareas t\u00e9cnicas.<\/p>\n<p><a href=\"https:\/\/www.puertocdelu.com.ar\/wp-content\/uploads\/2024\/09\/balizas02.jpg\"><img loading=\"lazy\" decoding=\"async\" class=\"aligncenter size-full wp-image-2795\" src=\"https:\/\/www.puertocdelu.com.ar\/wp-content\/uploads\/2024\/09\/balizas02.jpg\" alt=\"\" width=\"798\" height=\"826\" srcset=\"https:\/\/www.puertocdelu.com.ar\/wp-content\/uploads\/2024\/09\/balizas02.jpg 798w, https:\/\/www.puertocdelu.com.ar\/wp-content\/uploads\/2024\/09\/balizas02-290x300.jpg 290w, https:\/\/www.puertocdelu.com.ar\/wp-content\/uploads\/2024\/09\/balizas02-768x795.jpg 768w, https:\/\/www.puertocdelu.com.ar\/wp-content\/uploads\/2024\/09\/balizas02-696x720.jpg 696w, https:\/\/www.puertocdelu.com.ar\/wp-content\/uploads\/2024\/09\/balizas02-406x420.jpg 406w\" sizes=\"auto, (max-width: 798px) 100vw, 798px\" \/><\/a><\/p>\n<p><strong>M\u00e1s barcos para Concepci\u00f3n del Uruguay<\/strong><\/p>\n<p>El objetivo de estos trabajos de mantenimiento de la se\u00f1alizaci\u00f3n de la v\u00eda navegable en el r\u00edo Uruguay es garantizar la navegaci\u00f3n segura, tanto diurna como nocturna, teniendo en cuenta la intensa actividad portuaria que se registra en toda esta zona.<\/p>\n<p>El puerto de Concepci\u00f3n del Uruguay recibir\u00e1 el pr\u00f3ximo mi\u00e9rcoles 25 de septiembre, un nuevo buque para exportar troncos de pino a granel hacia la India.\u00a0 Se trata del 20mo. embarque de exportaci\u00f3n que se realiza este a\u00f1o desde esta terminal entrerriana, contabilizando as\u00ed 8 buques en los \u00faltimos 45 d\u00edas.<\/p>\n<p>El buque planificado para el mi\u00e9rcoles pr\u00f3ximo es el Greentec, de 180 metros de eslora, y bandera de Hong Kong. Llega proveniente del puerto brasile\u00f1o de Imbitub\u00e1.<\/p>\n","protected":false},"excerpt":{"rendered":"<p>Este s\u00e1bado por la ma\u00f1ana zarp\u00f3 desde el Puerto de Concepci\u00f3n del Uruguay el buque multiprop\u00f3sito de la Armada Argentina, ARA \u201cCiudad de Z\u00e1rate\u201d, con el objetivo de continuar las tareas de mantenimiento del balizamiento del r\u00edo Uruguay iniciadas el pasado 16 de setiembre. La Comisi\u00f3n Administradora del R\u00edo Uruguay, organismo binacional, ha suscripto un [&hellip;]<\/p>\n","protected":false},"author":1,"featured_media":2793,"comment_status":"open","ping_status":"open","sticky":false,"template":"","format":"standard","meta":{"footnotes":""},"categories":[81],"tags":[],"class_list":{"0":"post-2792","1":"post","2":"type-post","3":"status-publish","4":"format-standard","5":"has-post-thumbnail","7":"category-noticias"},"yoast_head":"<!-- This site is optimized with the Yoast SEO plugin v27.4 - https:\/\/yoast.com\/product\/yoast-seo-wordpress\/ -->\n<title>Se est\u00e1 haciendo el mantenimiento del balizamiento del r\u00edo Uruguay - Puerto de Concepci\u00f3n del Uruguay<\/title>\n<meta name=\"robots\" content=\"index, follow, max-snippet:-1, max-image-preview:large, max-video-preview:-1\" \/>\n<link rel=\"canonical\" href=\"https:\/\/www.puertocdelu.com.ar\/index.php\/2024\/09\/21\/se-esta-haciendo-el-mantenimiento-del-balizamiento-del-rio-uruguay\/\" \/>\n<meta property=\"og:locale\" content=\"es_ES\" \/>\n<meta property=\"og:type\" content=\"article\" \/>\n<meta property=\"og:title\" content=\"Se est\u00e1 haciendo el mantenimiento del balizamiento del r\u00edo Uruguay - Puerto de Concepci\u00f3n del Uruguay\" \/>\n<meta property=\"og:description\" content=\"Este s\u00e1bado por la ma\u00f1ana zarp\u00f3 desde el Puerto de Concepci\u00f3n del Uruguay el buque multiprop\u00f3sito de la Armada Argentina, ARA \u201cCiudad de Z\u00e1rate\u201d, con el objetivo de continuar las tareas de mantenimiento del balizamiento del r\u00edo Uruguay iniciadas el pasado 16 de setiembre. La Comisi\u00f3n Administradora del R\u00edo Uruguay, organismo binacional, ha suscripto un [&hellip;]\" \/>\n<meta property=\"og:url\" content=\"https:\/\/www.puertocdelu.com.ar\/index.php\/2024\/09\/21\/se-esta-haciendo-el-mantenimiento-del-balizamiento-del-rio-uruguay\/\" \/>\n<meta property=\"og:site_name\" content=\"Puerto de Concepci\u00f3n del Uruguay\" \/>\n<meta property=\"article:published_time\" content=\"2024-09-21T21:19:45+00:00\" \/>\n<meta property=\"og:image\" content=\"https:\/\/www.puertocdelu.com.ar\/wp-content\/uploads\/2024\/09\/balizas00-scaled.jpg\" \/>\n\t<meta property=\"og:image:width\" content=\"2560\" \/>\n\t<meta property=\"og:image:height\" content=\"1578\" \/>\n\t<meta property=\"og:image:type\" content=\"image\/jpeg\" \/>\n<meta name=\"author\" content=\"PuertoCdelU\" \/>\n<meta name=\"twitter:card\" content=\"summary_large_image\" \/>\n<meta name=\"twitter:label1\" content=\"Escrito por\" \/>\n\t<meta name=\"twitter:data1\" content=\"PuertoCdelU\" \/>\n\t<meta name=\"twitter:label2\" content=\"Tiempo de lectura\" \/>\n\t<meta name=\"twitter:data2\" content=\"3 minutos\" \/>\n<script type=\"application\/ld+json\" class=\"yoast-schema-graph\">{\"@context\":\"https:\\\/\\\/schema.org\",\"@graph\":[{\"@type\":\"Article\",\"@id\":\"https:\\\/\\\/www.puertocdelu.com.ar\\\/index.php\\\/2024\\\/09\\\/21\\\/se-esta-haciendo-el-mantenimiento-del-balizamiento-del-rio-uruguay\\\/#article\",\"isPartOf\":{\"@id\":\"https:\\\/\\\/www.puertocdelu.com.ar\\\/index.php\\\/2024\\\/09\\\/21\\\/se-esta-haciendo-el-mantenimiento-del-balizamiento-del-rio-uruguay\\\/\"},\"author\":{\"name\":\"PuertoCdelU\",\"@id\":\"https:\\\/\\\/www.puertocdelu.com.ar\\\/#\\\/schema\\\/person\\\/9d258b923b29bd5f47ca80d9c8cd72d1\"},\"headline\":\"Se est\u00e1 haciendo el mantenimiento del balizamiento del r\u00edo Uruguay\",\"datePublished\":\"2024-09-21T21:19:45+00:00\",\"mainEntityOfPage\":{\"@id\":\"https:\\\/\\\/www.puertocdelu.com.ar\\\/index.php\\\/2024\\\/09\\\/21\\\/se-esta-haciendo-el-mantenimiento-del-balizamiento-del-rio-uruguay\\\/\"},\"wordCount\":404,\"commentCount\":0,\"image\":{\"@id\":\"https:\\\/\\\/www.puertocdelu.com.ar\\\/index.php\\\/2024\\\/09\\\/21\\\/se-esta-haciendo-el-mantenimiento-del-balizamiento-del-rio-uruguay\\\/#primaryimage\"},\"thumbnailUrl\":\"https:\\\/\\\/www.puertocdelu.com.ar\\\/wp-content\\\/uploads\\\/2024\\\/09\\\/balizas00-scaled.jpg\",\"articleSection\":[\"Noticias\"],\"inLanguage\":\"es\",\"potentialAction\":[{\"@type\":\"CommentAction\",\"name\":\"Comment\",\"target\":[\"https:\\\/\\\/www.puertocdelu.com.ar\\\/index.php\\\/2024\\\/09\\\/21\\\/se-esta-haciendo-el-mantenimiento-del-balizamiento-del-rio-uruguay\\\/#respond\"]}]},{\"@type\":\"WebPage\",\"@id\":\"https:\\\/\\\/www.puertocdelu.com.ar\\\/index.php\\\/2024\\\/09\\\/21\\\/se-esta-haciendo-el-mantenimiento-del-balizamiento-del-rio-uruguay\\\/\",\"url\":\"https:\\\/\\\/www.puertocdelu.com.ar\\\/index.php\\\/2024\\\/09\\\/21\\\/se-esta-haciendo-el-mantenimiento-del-balizamiento-del-rio-uruguay\\\/\",\"name\":\"Se est\u00e1 haciendo el mantenimiento del balizamiento del r\u00edo Uruguay - Puerto de Concepci\u00f3n del Uruguay\",\"isPartOf\":{\"@id\":\"https:\\\/\\\/www.puertocdelu.com.ar\\\/#website\"},\"primaryImageOfPage\":{\"@id\":\"https:\\\/\\\/www.puertocdelu.com.ar\\\/index.php\\\/2024\\\/09\\\/21\\\/se-esta-haciendo-el-mantenimiento-del-balizamiento-del-rio-uruguay\\\/#primaryimage\"},\"image\":{\"@id\":\"https:\\\/\\\/www.puertocdelu.com.ar\\\/index.php\\\/2024\\\/09\\\/21\\\/se-esta-haciendo-el-mantenimiento-del-balizamiento-del-rio-uruguay\\\/#primaryimage\"},\"thumbnailUrl\":\"https:\\\/\\\/www.puertocdelu.com.ar\\\/wp-content\\\/uploads\\\/2024\\\/09\\\/balizas00-scaled.jpg\",\"datePublished\":\"2024-09-21T21:19:45+00:00\",\"author\":{\"@id\":\"https:\\\/\\\/www.puertocdelu.com.ar\\\/#\\\/schema\\\/person\\\/9d258b923b29bd5f47ca80d9c8cd72d1\"},\"breadcrumb\":{\"@id\":\"https:\\\/\\\/www.puertocdelu.com.ar\\\/index.php\\\/2024\\\/09\\\/21\\\/se-esta-haciendo-el-mantenimiento-del-balizamiento-del-rio-uruguay\\\/#breadcrumb\"},\"inLanguage\":\"es\",\"potentialAction\":[{\"@type\":\"ReadAction\",\"target\":[\"https:\\\/\\\/www.puertocdelu.com.ar\\\/index.php\\\/2024\\\/09\\\/21\\\/se-esta-haciendo-el-mantenimiento-del-balizamiento-del-rio-uruguay\\\/\"]}]},{\"@type\":\"ImageObject\",\"inLanguage\":\"es\",\"@id\":\"https:\\\/\\\/www.puertocdelu.com.ar\\\/index.php\\\/2024\\\/09\\\/21\\\/se-esta-haciendo-el-mantenimiento-del-balizamiento-del-rio-uruguay\\\/#primaryimage\",\"url\":\"https:\\\/\\\/www.puertocdelu.com.ar\\\/wp-content\\\/uploads\\\/2024\\\/09\\\/balizas00-scaled.jpg\",\"contentUrl\":\"https:\\\/\\\/www.puertocdelu.com.ar\\\/wp-content\\\/uploads\\\/2024\\\/09\\\/balizas00-scaled.jpg\",\"width\":2560,\"height\":1578},{\"@type\":\"BreadcrumbList\",\"@id\":\"https:\\\/\\\/www.puertocdelu.com.ar\\\/index.php\\\/2024\\\/09\\\/21\\\/se-esta-haciendo-el-mantenimiento-del-balizamiento-del-rio-uruguay\\\/#breadcrumb\",\"itemListElement\":[{\"@type\":\"ListItem\",\"position\":1,\"name\":\"Portada\",\"item\":\"https:\\\/\\\/www.puertocdelu.com.ar\\\/\"},{\"@type\":\"ListItem\",\"position\":2,\"name\":\"Se est\u00e1 haciendo el mantenimiento del balizamiento del r\u00edo Uruguay\"}]},{\"@type\":\"WebSite\",\"@id\":\"https:\\\/\\\/www.puertocdelu.com.ar\\\/#website\",\"url\":\"https:\\\/\\\/www.puertocdelu.com.ar\\\/\",\"name\":\"Puerto de Concepci\u00f3n del Uruguay\",\"description\":\"\",\"potentialAction\":[{\"@type\":\"SearchAction\",\"target\":{\"@type\":\"EntryPoint\",\"urlTemplate\":\"https:\\\/\\\/www.puertocdelu.com.ar\\\/?s={search_term_string}\"},\"query-input\":{\"@type\":\"PropertyValueSpecification\",\"valueRequired\":true,\"valueName\":\"search_term_string\"}}],\"inLanguage\":\"es\"},{\"@type\":\"Person\",\"@id\":\"https:\\\/\\\/www.puertocdelu.com.ar\\\/#\\\/schema\\\/person\\\/9d258b923b29bd5f47ca80d9c8cd72d1\",\"name\":\"PuertoCdelU\",\"image\":{\"@type\":\"ImageObject\",\"inLanguage\":\"es\",\"@id\":\"https:\\\/\\\/secure.gravatar.com\\\/avatar\\\/99e38dea1727d397df18aced5ac6840012bb7f24c8570dcfafabb73086aed88c?s=96&d=mm&r=g\",\"url\":\"https:\\\/\\\/secure.gravatar.com\\\/avatar\\\/99e38dea1727d397df18aced5ac6840012bb7f24c8570dcfafabb73086aed88c?s=96&d=mm&r=g\",\"contentUrl\":\"https:\\\/\\\/secure.gravatar.com\\\/avatar\\\/99e38dea1727d397df18aced5ac6840012bb7f24c8570dcfafabb73086aed88c?s=96&d=mm&r=g\",\"caption\":\"PuertoCdelU\"},\"url\":\"https:\\\/\\\/www.puertocdelu.com.ar\\\/index.php\\\/author\\\/hectordelos1\\\/\"}]}<\/script>\n<!-- \/ Yoast SEO plugin. -->","yoast_head_json":{"title":"Se est\u00e1 haciendo el mantenimiento del balizamiento del r\u00edo Uruguay - Puerto de Concepci\u00f3n del Uruguay","robots":{"index":"index","follow":"follow","max-snippet":"max-snippet:-1","max-image-preview":"max-image-preview:large","max-video-preview":"max-video-preview:-1"},"canonical":"https:\/\/www.puertocdelu.com.ar\/index.php\/2024\/09\/21\/se-esta-haciendo-el-mantenimiento-del-balizamiento-del-rio-uruguay\/","og_locale":"es_ES","og_type":"article","og_title":"Se est\u00e1 haciendo el mantenimiento del balizamiento del r\u00edo Uruguay - Puerto de Concepci\u00f3n del Uruguay","og_description":"Este s\u00e1bado por la ma\u00f1ana zarp\u00f3 desde el Puerto de Concepci\u00f3n del Uruguay el buque multiprop\u00f3sito de la Armada Argentina, ARA \u201cCiudad de Z\u00e1rate\u201d, con el objetivo de continuar las tareas de mantenimiento del balizamiento del r\u00edo Uruguay iniciadas el pasado 16 de setiembre. La Comisi\u00f3n Administradora del R\u00edo Uruguay, organismo binacional, ha suscripto un [&hellip;]","og_url":"https:\/\/www.puertocdelu.com.ar\/index.php\/2024\/09\/21\/se-esta-haciendo-el-mantenimiento-del-balizamiento-del-rio-uruguay\/","og_site_name":"Puerto de Concepci\u00f3n del Uruguay","article_published_time":"2024-09-21T21:19:45+00:00","og_image":[{"width":2560,"height":1578,"url":"https:\/\/www.puertocdelu.com.ar\/wp-content\/uploads\/2024\/09\/balizas00-scaled.jpg","type":"image\/jpeg"}],"author":"PuertoCdelU","twitter_card":"summary_large_image","twitter_misc":{"Escrito por":"PuertoCdelU","Tiempo de lectura":"3 minutos"},"schema":{"@context":"https:\/\/schema.org","@graph":[{"@type":"Article","@id":"https:\/\/www.puertocdelu.com.ar\/index.php\/2024\/09\/21\/se-esta-haciendo-el-mantenimiento-del-balizamiento-del-rio-uruguay\/#article","isPartOf":{"@id":"https:\/\/www.puertocdelu.com.ar\/index.php\/2024\/09\/21\/se-esta-haciendo-el-mantenimiento-del-balizamiento-del-rio-uruguay\/"},"author":{"name":"PuertoCdelU","@id":"https:\/\/www.puertocdelu.com.ar\/#\/schema\/person\/9d258b923b29bd5f47ca80d9c8cd72d1"},"headline":"Se est\u00e1 haciendo el mantenimiento del balizamiento del r\u00edo Uruguay","datePublished":"2024-09-21T21:19:45+00:00","mainEntityOfPage":{"@id":"https:\/\/www.puertocdelu.com.ar\/index.php\/2024\/09\/21\/se-esta-haciendo-el-mantenimiento-del-balizamiento-del-rio-uruguay\/"},"wordCount":404,"commentCount":0,"image":{"@id":"https:\/\/www.puertocdelu.com.ar\/index.php\/2024\/09\/21\/se-esta-haciendo-el-mantenimiento-del-balizamiento-del-rio-uruguay\/#primaryimage"},"thumbnailUrl":"https:\/\/www.puertocdelu.com.ar\/wp-content\/uploads\/2024\/09\/balizas00-scaled.jpg","articleSection":["Noticias"],"inLanguage":"es","potentialAction":[{"@type":"CommentAction","name":"Comment","target":["https:\/\/www.puertocdelu.com.ar\/index.php\/2024\/09\/21\/se-esta-haciendo-el-mantenimiento-del-balizamiento-del-rio-uruguay\/#respond"]}]},{"@type":"WebPage","@id":"https:\/\/www.puertocdelu.com.ar\/index.php\/2024\/09\/21\/se-esta-haciendo-el-mantenimiento-del-balizamiento-del-rio-uruguay\/","url":"https:\/\/www.puertocdelu.com.ar\/index.php\/2024\/09\/21\/se-esta-haciendo-el-mantenimiento-del-balizamiento-del-rio-uruguay\/","name":"Se est\u00e1 haciendo el mantenimiento del balizamiento del r\u00edo Uruguay - Puerto de Concepci\u00f3n del Uruguay","isPartOf":{"@id":"https:\/\/www.puertocdelu.com.ar\/#website"},"primaryImageOfPage":{"@id":"https:\/\/www.puertocdelu.com.ar\/index.php\/2024\/09\/21\/se-esta-haciendo-el-mantenimiento-del-balizamiento-del-rio-uruguay\/#primaryimage"},"image":{"@id":"https:\/\/www.puertocdelu.com.ar\/index.php\/2024\/09\/21\/se-esta-haciendo-el-mantenimiento-del-balizamiento-del-rio-uruguay\/#primaryimage"},"thumbnailUrl":"https:\/\/www.puertocdelu.com.ar\/wp-content\/uploads\/2024\/09\/balizas00-scaled.jpg","datePublished":"2024-09-21T21:19:45+00:00","author":{"@id":"https:\/\/www.puertocdelu.com.ar\/#\/schema\/person\/9d258b923b29bd5f47ca80d9c8cd72d1"},"breadcrumb":{"@id":"https:\/\/www.puertocdelu.com.ar\/index.php\/2024\/09\/21\/se-esta-haciendo-el-mantenimiento-del-balizamiento-del-rio-uruguay\/#breadcrumb"},"inLanguage":"es","potentialAction":[{"@type":"ReadAction","target":["https:\/\/www.puertocdelu.com.ar\/index.php\/2024\/09\/21\/se-esta-haciendo-el-mantenimiento-del-balizamiento-del-rio-uruguay\/"]}]},{"@type":"ImageObject","inLanguage":"es","@id":"https:\/\/www.puertocdelu.com.ar\/index.php\/2024\/09\/21\/se-esta-haciendo-el-mantenimiento-del-balizamiento-del-rio-uruguay\/#primaryimage","url":"https:\/\/www.puertocdelu.com.ar\/wp-content\/uploads\/2024\/09\/balizas00-scaled.jpg","contentUrl":"https:\/\/www.puertocdelu.com.ar\/wp-content\/uploads\/2024\/09\/balizas00-scaled.jpg","width":2560,"height":1578},{"@type":"BreadcrumbList","@id":"https:\/\/www.puertocdelu.com.ar\/index.php\/2024\/09\/21\/se-esta-haciendo-el-mantenimiento-del-balizamiento-del-rio-uruguay\/#breadcrumb","itemListElement":[{"@type":"ListItem","position":1,"name":"Portada","item":"https:\/\/www.puertocdelu.com.ar\/"},{"@type":"ListItem","position":2,"name":"Se est\u00e1 haciendo el mantenimiento del balizamiento del r\u00edo Uruguay"}]},{"@type":"WebSite","@id":"https:\/\/www.puertocdelu.com.ar\/#website","url":"https:\/\/www.puertocdelu.com.ar\/","name":"Puerto de Concepci\u00f3n del Uruguay","description":"","potentialAction":[{"@type":"SearchAction","target":{"@type":"EntryPoint","urlTemplate":"https:\/\/www.puertocdelu.com.ar\/?s={search_term_string}"},"query-input":{"@type":"PropertyValueSpecification","valueRequired":true,"valueName":"search_term_string"}}],"inLanguage":"es"},{"@type":"Person","@id":"https:\/\/www.puertocdelu.com.ar\/#\/schema\/person\/9d258b923b29bd5f47ca80d9c8cd72d1","name":"PuertoCdelU","image":{"@type":"ImageObject","inLanguage":"es","@id":"https:\/\/secure.gravatar.com\/avatar\/99e38dea1727d397df18aced5ac6840012bb7f24c8570dcfafabb73086aed88c?s=96&d=mm&r=g","url":"https:\/\/secure.gravatar.com\/avatar\/99e38dea1727d397df18aced5ac6840012bb7f24c8570dcfafabb73086aed88c?s=96&d=mm&r=g","contentUrl":"https:\/\/secure.gravatar.com\/avatar\/99e38dea1727d397df18aced5ac6840012bb7f24c8570dcfafabb73086aed88c?s=96&d=mm&r=g","caption":"PuertoCdelU"},"url":"https:\/\/www.puertocdelu.com.ar\/index.php\/author\/hectordelos1\/"}]}},"_links":{"self":[{"href":"https:\/\/www.puertocdelu.com.ar\/index.php\/wp-json\/wp\/v2\/posts\/2792","targetHints":{"allow":["GET"]}}],"collection":[{"href":"https:\/\/www.puertocdelu.com.ar\/index.php\/wp-json\/wp\/v2\/posts"}],"about":[{"href":"https:\/\/www.puertocdelu.com.ar\/index.php\/wp-json\/wp\/v2\/types\/post"}],"author":[{"embeddable":true,"href":"https:\/\/www.puertocdelu.com.ar\/index.php\/wp-json\/wp\/v2\/users\/1"}],"replies":[{"embeddable":true,"href":"https:\/\/www.puertocdelu.com.ar\/index.php\/wp-json\/wp\/v2\/comments?post=2792"}],"version-history":[{"count":1,"href":"https:\/\/www.puertocdelu.com.ar\/index.php\/wp-json\/wp\/v2\/posts\/2792\/revisions"}],"predecessor-version":[{"id":2796,"href":"https:\/\/www.puertocdelu.com.ar\/index.php\/wp-json\/wp\/v2\/posts\/2792\/revisions\/2796"}],"wp:featuredmedia":[{"embeddable":true,"href":"https:\/\/www.puertocdelu.com.ar\/index.php\/wp-json\/wp\/v2\/media\/2793"}],"wp:attachment":[{"href":"https:\/\/www.puertocdelu.com.ar\/index.php\/wp-json\/wp\/v2\/media?parent=2792"}],"wp:term":[{"taxonomy":"category","embeddable":true,"href":"https:\/\/www.puertocdelu.com.ar\/index.php\/wp-json\/wp\/v2\/categories?post=2792"},{"taxonomy":"post_tag","embeddable":true,"href":"https:\/\/www.puertocdelu.com.ar\/index.php\/wp-json\/wp\/v2\/tags?post=2792"}],"curies":[{"name":"wp","href":"https:\/\/api.w.org\/{rel}","templated":true}]}}