{"id":2799,"date":"2024-10-08T22:45:10","date_gmt":"2024-10-08T22:45:10","guid":{"rendered":"https:\/\/www.puertocdelu.com.ar\/?p=2799"},"modified":"2024-10-08T22:45:10","modified_gmt":"2024-10-08T22:45:10","slug":"un-segundo-buque-de-la-armada-argentina-continuara-con-el-balizamiento-del-rio-uruguay","status":"publish","type":"post","link":"https:\/\/www.puertocdelu.com.ar\/index.php\/2024\/10\/08\/un-segundo-buque-de-la-armada-argentina-continuara-con-el-balizamiento-del-rio-uruguay\/","title":{"rendered":"Un segundo buque de la Armada Argentina continuar\u00e1 con el balizamiento del r\u00edo Uruguay"},"content":{"rendered":"<p style=\"font-weight: 400;\">El pasado domingo amarr\u00f3 en los muelles del Puerto de Concepci\u00f3n del Uruguay el buque multiprop\u00f3sito de la Armada Argentina ARA Punta Alta para continuar con las tareas de mantenimiento del balizamiento del r\u00edo Uruguay.<\/p>\n<p style=\"font-weight: 400;\">Esta embarcaci\u00f3n lleg\u00f3 para relevar a su buque gemelo, el ARA Ciudad de Z\u00e1rate, que hab\u00eda comenzado los trabajos hace dos semanas, alcanzando ya un 50 por ciento de las tareas totales encomendadas por la Comisi\u00f3n Administradora del R\u00edo Uruguay (CARU), organismo binacional encargado de llevar adelante este trabajo.<\/p>\n<p style=\"font-weight: 400;\">Para la ceremonia de relevo de las embarcaciones, estuvieron en el puerto de Concepci\u00f3n del Uruguay autoridades de la Armada Argentina, de CARU, y del Puerto de Concepci\u00f3n del Uruguay.<\/p>\n<p style=\"font-weight: 400;\">El Contralmirante Daniel Francisco Finardi, Comandante del \u00c1rea Naval Fluvial de la Armada, remarc\u00f3 que \u201ceste es un puerto muy importante para nosotros como punto de apoyo. Se, a trav\u00e9s de los comandantes, que hemos recibido un gran respaldo de las autoridades del puerto, por todo esto es que estoy ac\u00e1 para agradecer a CARU y al Puerto, y para interiorizarme sobre la tarea que ha ejecutado el ARA Ciudad de Zarate y coordinar lo que ahora va continuar el Ciudad Punta Alta\u201d, remarc\u00f3 Finardi.<\/p>\n<p style=\"font-weight: 400;\">La Comisi\u00f3n Administradora del R\u00edo Uruguay ha suscripto un convenio con el \u00c1rea Naval Fluvial de la Armada de la Rep\u00fablica Argentina, a los efectos de realizar un mantenimiento del balizamiento responsabilidad de nuestro pa\u00eds entre los kil\u00f3metros 0 y 214.<\/p>\n<p style=\"font-weight: 400;\">\u201cNosotros estamos orgullosos de estar presentes, y hablo desde el Jefe Estado Mayor de la Armada a la cabeza. Es una tarea que la asumimos con mucha responsabilidad, sabemos que es una tarea importante porque hace a la seguridad de la navegaci\u00f3n\u201d, complet\u00f3 el Contralmirante.<\/p>\n<p style=\"font-weight: 400;\">Por su parte, Juan Carlos Mart\u00ednez, Secretario T\u00e9cnico de CARU, agradeci\u00f3 \u201cno solo a la Armada sino tambi\u00e9n al Puerto de Concepci\u00f3n del Uruguay, que a trav\u00e9s de la coordinaci\u00f3n que pudimos realizar han sido muy importantes en la parte de log\u00edstica de la implementaci\u00f3n del convenio de balizamiento\u201d.<\/p>\n<p style=\"font-weight: 400;\"><a href=\"https:\/\/www.puertocdelu.com.ar\/wp-content\/uploads\/2024\/10\/BALIZAMIENTO-01.jpeg\"><img loading=\"lazy\" decoding=\"async\" class=\"aligncenter size-full wp-image-2801\" src=\"https:\/\/www.puertocdelu.com.ar\/wp-content\/uploads\/2024\/10\/BALIZAMIENTO-01.jpeg\" alt=\"\" width=\"1280\" height=\"720\" srcset=\"https:\/\/www.puertocdelu.com.ar\/wp-content\/uploads\/2024\/10\/BALIZAMIENTO-01.jpeg 1280w, https:\/\/www.puertocdelu.com.ar\/wp-content\/uploads\/2024\/10\/BALIZAMIENTO-01-300x169.jpeg 300w, https:\/\/www.puertocdelu.com.ar\/wp-content\/uploads\/2024\/10\/BALIZAMIENTO-01-1024x576.jpeg 1024w, https:\/\/www.puertocdelu.com.ar\/wp-content\/uploads\/2024\/10\/BALIZAMIENTO-01-768x432.jpeg 768w, https:\/\/www.puertocdelu.com.ar\/wp-content\/uploads\/2024\/10\/BALIZAMIENTO-01-696x392.jpeg 696w, https:\/\/www.puertocdelu.com.ar\/wp-content\/uploads\/2024\/10\/BALIZAMIENTO-01-1068x601.jpeg 1068w, https:\/\/www.puertocdelu.com.ar\/wp-content\/uploads\/2024\/10\/BALIZAMIENTO-01-747x420.jpeg 747w\" sizes=\"auto, (max-width: 1280px) 100vw, 1280px\" \/><\/a><\/p>\n<p style=\"font-weight: 400;\"><strong>La importancia del balizamiento<\/strong><\/p>\n<p style=\"font-weight: 400;\">El Puerto de Concepci\u00f3n del Uruguay trabaja como base log\u00edstica y de abastecimiento colaborando con CARU en la tarea de instalaci\u00f3n de 20 boyas nuevas, y el reposicionamiento de 42 existentes, as\u00ed como tambi\u00e9n el encendido y sincronizaci\u00f3n de linternas que est\u00e1n fuera de servicio.<\/p>\n<p style=\"font-weight: 400;\">Marcos Di Giuseppe, Presidente del Ente Puerto Concepci\u00f3n del Uruguay, agradeci\u00f3 a CARU y a la Armada, poniendo de relieve que \u201cpara los Puertos P\u00fablicos, en particular para el nuestro, es muy importante esta tarea colaborativa que se est\u00e1 llevando adelante. A m\u00ed me toc\u00f3 ser funcionario de CARU entre los a\u00f1os 2016-2023 e hicimos dos campa\u00f1as de balizamiento con la Armada Argentina a trav\u00e9s de la Base Fluvial de Zarate. La del a\u00f1o 2019 fue para la instalaci\u00f3n de las nuevas balizas, y en 2022 su completamiento, y ahora est\u00e1n de nuevo aqu\u00ed realizando una tarea impecable\u201d.<\/p>\n<p style=\"font-weight: 400;\">En este mismo sentido, Di Giuseppe afirm\u00f3 que \u201cla Armada va a tener que ser el Organismo Competente del Estado Argentino para cumplir la tarea del 50% de nuestra responsabilidad para con el proyecto Binacional de dragado y balizamiento, del km 0 a 214. De hecho, la CARU tiene un estudio para extender la v\u00eda navegable y por ende el balizamiento hasta el km 336, Salto-Concordia. Por lo tanto, va a instalar nuevos elementos de balizamiento, con lo cual complejiza y complementa la tarea de navegaci\u00f3n hasta el km 336, entonces debemos atender, por lo menos desde el punto de vista argentino, la obligaci\u00f3n que tenemos en el mantenimiento del balizamiento de ambos tramos para garantizar una navegaci\u00f3n segura\u201d, remarc\u00f3 el presidente del Puerto de Concepci\u00f3n del Uruguay.<\/p>\n<p style=\"font-weight: 400;\">Tambi\u00e9n estuvieron presentes durante el encuentro de este mi\u00e9rcoles, Alejandro Nard\u00edn, adjunto de la Secretar\u00eda T\u00e9cnica de CARU, el Capit\u00e1n de Fragata Mauricio Sosa, Comandante de la Divisi\u00f3n Patrulla Fluvial Zarate de la Armada, y los capitanes del ARA Ciudad de Z\u00e1rate, y ARA Punta Alta, Mart\u00edn Guti\u00e9rrez, y C\u00e9sar De Luca, respectivamente.<\/p>\n<p style=\"font-weight: 400;\">El ARA Ciudad de Z\u00e1rate zarp\u00f3 en la ma\u00f1ana de este mi\u00e9rcoles para el cumplimiento de nuevas tareas asignadas en otros puntos del pa\u00eds. Por su parte, el ARA Punta Alta, comenzar\u00e1 este jueves con la etapa final del trabajo de mantenimiento del balizado a lo largo de la v\u00eda navegable del r\u00edo Uruguay.<\/p>\n","protected":false},"excerpt":{"rendered":"<p>El pasado domingo amarr\u00f3 en los muelles del Puerto de Concepci\u00f3n del Uruguay el buque multiprop\u00f3sito de la Armada Argentina ARA Punta Alta para continuar con las tareas de mantenimiento del balizamiento del r\u00edo Uruguay. Esta embarcaci\u00f3n lleg\u00f3 para relevar a su buque gemelo, el ARA Ciudad de Z\u00e1rate, que hab\u00eda comenzado los trabajos hace [&hellip;]<\/p>\n","protected":false},"author":1,"featured_media":2800,"comment_status":"open","ping_status":"open","sticky":false,"template":"","format":"standard","meta":{"footnotes":""},"categories":[81],"tags":[],"class_list":{"0":"post-2799","1":"post","2":"type-post","3":"status-publish","4":"format-standard","5":"has-post-thumbnail","7":"category-noticias"},"yoast_head":"<!-- This site is optimized with the Yoast SEO plugin v27.4 - https:\/\/yoast.com\/product\/yoast-seo-wordpress\/ -->\n<title>Un segundo buque de la Armada Argentina continuar\u00e1 con el balizamiento del r\u00edo Uruguay - Puerto de Concepci\u00f3n del Uruguay<\/title>\n<meta name=\"robots\" content=\"index, follow, max-snippet:-1, max-image-preview:large, max-video-preview:-1\" \/>\n<link rel=\"canonical\" href=\"https:\/\/www.puertocdelu.com.ar\/index.php\/2024\/10\/08\/un-segundo-buque-de-la-armada-argentina-continuara-con-el-balizamiento-del-rio-uruguay\/\" \/>\n<meta property=\"og:locale\" content=\"es_ES\" \/>\n<meta property=\"og:type\" content=\"article\" \/>\n<meta property=\"og:title\" content=\"Un segundo buque de la Armada Argentina continuar\u00e1 con el balizamiento del r\u00edo Uruguay - Puerto de Concepci\u00f3n del Uruguay\" \/>\n<meta property=\"og:description\" content=\"El pasado domingo amarr\u00f3 en los muelles del Puerto de Concepci\u00f3n del Uruguay el buque multiprop\u00f3sito de la Armada Argentina ARA Punta Alta para continuar con las tareas de mantenimiento del balizamiento del r\u00edo Uruguay. Esta embarcaci\u00f3n lleg\u00f3 para relevar a su buque gemelo, el ARA Ciudad de Z\u00e1rate, que hab\u00eda comenzado los trabajos hace [&hellip;]\" \/>\n<meta property=\"og:url\" content=\"https:\/\/www.puertocdelu.com.ar\/index.php\/2024\/10\/08\/un-segundo-buque-de-la-armada-argentina-continuara-con-el-balizamiento-del-rio-uruguay\/\" \/>\n<meta property=\"og:site_name\" content=\"Puerto de Concepci\u00f3n del Uruguay\" \/>\n<meta property=\"article:published_time\" content=\"2024-10-08T22:45:10+00:00\" \/>\n<meta property=\"og:image\" content=\"https:\/\/www.puertocdelu.com.ar\/wp-content\/uploads\/2024\/10\/010-scaled.jpg\" \/>\n\t<meta property=\"og:image:width\" content=\"2560\" \/>\n\t<meta property=\"og:image:height\" content=\"1440\" \/>\n\t<meta property=\"og:image:type\" content=\"image\/jpeg\" \/>\n<meta name=\"author\" content=\"PuertoCdelU\" \/>\n<meta name=\"twitter:card\" content=\"summary_large_image\" \/>\n<meta name=\"twitter:label1\" content=\"Escrito por\" \/>\n\t<meta name=\"twitter:data1\" content=\"PuertoCdelU\" \/>\n\t<meta name=\"twitter:label2\" content=\"Tiempo de lectura\" \/>\n\t<meta name=\"twitter:data2\" content=\"4 minutos\" \/>\n<script type=\"application\/ld+json\" class=\"yoast-schema-graph\">{\"@context\":\"https:\\\/\\\/schema.org\",\"@graph\":[{\"@type\":\"Article\",\"@id\":\"https:\\\/\\\/www.puertocdelu.com.ar\\\/index.php\\\/2024\\\/10\\\/08\\\/un-segundo-buque-de-la-armada-argentina-continuara-con-el-balizamiento-del-rio-uruguay\\\/#article\",\"isPartOf\":{\"@id\":\"https:\\\/\\\/www.puertocdelu.com.ar\\\/index.php\\\/2024\\\/10\\\/08\\\/un-segundo-buque-de-la-armada-argentina-continuara-con-el-balizamiento-del-rio-uruguay\\\/\"},\"author\":{\"name\":\"PuertoCdelU\",\"@id\":\"https:\\\/\\\/www.puertocdelu.com.ar\\\/#\\\/schema\\\/person\\\/9d258b923b29bd5f47ca80d9c8cd72d1\"},\"headline\":\"Un segundo buque de la Armada Argentina continuar\u00e1 con el balizamiento del r\u00edo Uruguay\",\"datePublished\":\"2024-10-08T22:45:10+00:00\",\"mainEntityOfPage\":{\"@id\":\"https:\\\/\\\/www.puertocdelu.com.ar\\\/index.php\\\/2024\\\/10\\\/08\\\/un-segundo-buque-de-la-armada-argentina-continuara-con-el-balizamiento-del-rio-uruguay\\\/\"},\"wordCount\":780,\"commentCount\":0,\"image\":{\"@id\":\"https:\\\/\\\/www.puertocdelu.com.ar\\\/index.php\\\/2024\\\/10\\\/08\\\/un-segundo-buque-de-la-armada-argentina-continuara-con-el-balizamiento-del-rio-uruguay\\\/#primaryimage\"},\"thumbnailUrl\":\"https:\\\/\\\/www.puertocdelu.com.ar\\\/wp-content\\\/uploads\\\/2024\\\/10\\\/010-scaled.jpg\",\"articleSection\":[\"Noticias\"],\"inLanguage\":\"es\",\"potentialAction\":[{\"@type\":\"CommentAction\",\"name\":\"Comment\",\"target\":[\"https:\\\/\\\/www.puertocdelu.com.ar\\\/index.php\\\/2024\\\/10\\\/08\\\/un-segundo-buque-de-la-armada-argentina-continuara-con-el-balizamiento-del-rio-uruguay\\\/#respond\"]}]},{\"@type\":\"WebPage\",\"@id\":\"https:\\\/\\\/www.puertocdelu.com.ar\\\/index.php\\\/2024\\\/10\\\/08\\\/un-segundo-buque-de-la-armada-argentina-continuara-con-el-balizamiento-del-rio-uruguay\\\/\",\"url\":\"https:\\\/\\\/www.puertocdelu.com.ar\\\/index.php\\\/2024\\\/10\\\/08\\\/un-segundo-buque-de-la-armada-argentina-continuara-con-el-balizamiento-del-rio-uruguay\\\/\",\"name\":\"Un segundo buque de la Armada Argentina continuar\u00e1 con el balizamiento del r\u00edo Uruguay - Puerto de Concepci\u00f3n del Uruguay\",\"isPartOf\":{\"@id\":\"https:\\\/\\\/www.puertocdelu.com.ar\\\/#website\"},\"primaryImageOfPage\":{\"@id\":\"https:\\\/\\\/www.puertocdelu.com.ar\\\/index.php\\\/2024\\\/10\\\/08\\\/un-segundo-buque-de-la-armada-argentina-continuara-con-el-balizamiento-del-rio-uruguay\\\/#primaryimage\"},\"image\":{\"@id\":\"https:\\\/\\\/www.puertocdelu.com.ar\\\/index.php\\\/2024\\\/10\\\/08\\\/un-segundo-buque-de-la-armada-argentina-continuara-con-el-balizamiento-del-rio-uruguay\\\/#primaryimage\"},\"thumbnailUrl\":\"https:\\\/\\\/www.puertocdelu.com.ar\\\/wp-content\\\/uploads\\\/2024\\\/10\\\/010-scaled.jpg\",\"datePublished\":\"2024-10-08T22:45:10+00:00\",\"author\":{\"@id\":\"https:\\\/\\\/www.puertocdelu.com.ar\\\/#\\\/schema\\\/person\\\/9d258b923b29bd5f47ca80d9c8cd72d1\"},\"breadcrumb\":{\"@id\":\"https:\\\/\\\/www.puertocdelu.com.ar\\\/index.php\\\/2024\\\/10\\\/08\\\/un-segundo-buque-de-la-armada-argentina-continuara-con-el-balizamiento-del-rio-uruguay\\\/#breadcrumb\"},\"inLanguage\":\"es\",\"potentialAction\":[{\"@type\":\"ReadAction\",\"target\":[\"https:\\\/\\\/www.puertocdelu.com.ar\\\/index.php\\\/2024\\\/10\\\/08\\\/un-segundo-buque-de-la-armada-argentina-continuara-con-el-balizamiento-del-rio-uruguay\\\/\"]}]},{\"@type\":\"ImageObject\",\"inLanguage\":\"es\",\"@id\":\"https:\\\/\\\/www.puertocdelu.com.ar\\\/index.php\\\/2024\\\/10\\\/08\\\/un-segundo-buque-de-la-armada-argentina-continuara-con-el-balizamiento-del-rio-uruguay\\\/#primaryimage\",\"url\":\"https:\\\/\\\/www.puertocdelu.com.ar\\\/wp-content\\\/uploads\\\/2024\\\/10\\\/010-scaled.jpg\",\"contentUrl\":\"https:\\\/\\\/www.puertocdelu.com.ar\\\/wp-content\\\/uploads\\\/2024\\\/10\\\/010-scaled.jpg\",\"width\":2560,\"height\":1440},{\"@type\":\"BreadcrumbList\",\"@id\":\"https:\\\/\\\/www.puertocdelu.com.ar\\\/index.php\\\/2024\\\/10\\\/08\\\/un-segundo-buque-de-la-armada-argentina-continuara-con-el-balizamiento-del-rio-uruguay\\\/#breadcrumb\",\"itemListElement\":[{\"@type\":\"ListItem\",\"position\":1,\"name\":\"Portada\",\"item\":\"https:\\\/\\\/www.puertocdelu.com.ar\\\/\"},{\"@type\":\"ListItem\",\"position\":2,\"name\":\"Un segundo buque de la Armada Argentina continuar\u00e1 con el balizamiento del r\u00edo Uruguay\"}]},{\"@type\":\"WebSite\",\"@id\":\"https:\\\/\\\/www.puertocdelu.com.ar\\\/#website\",\"url\":\"https:\\\/\\\/www.puertocdelu.com.ar\\\/\",\"name\":\"Puerto de Concepci\u00f3n del Uruguay\",\"description\":\"\",\"potentialAction\":[{\"@type\":\"SearchAction\",\"target\":{\"@type\":\"EntryPoint\",\"urlTemplate\":\"https:\\\/\\\/www.puertocdelu.com.ar\\\/?s={search_term_string}\"},\"query-input\":{\"@type\":\"PropertyValueSpecification\",\"valueRequired\":true,\"valueName\":\"search_term_string\"}}],\"inLanguage\":\"es\"},{\"@type\":\"Person\",\"@id\":\"https:\\\/\\\/www.puertocdelu.com.ar\\\/#\\\/schema\\\/person\\\/9d258b923b29bd5f47ca80d9c8cd72d1\",\"name\":\"PuertoCdelU\",\"image\":{\"@type\":\"ImageObject\",\"inLanguage\":\"es\",\"@id\":\"https:\\\/\\\/secure.gravatar.com\\\/avatar\\\/99e38dea1727d397df18aced5ac6840012bb7f24c8570dcfafabb73086aed88c?s=96&d=mm&r=g\",\"url\":\"https:\\\/\\\/secure.gravatar.com\\\/avatar\\\/99e38dea1727d397df18aced5ac6840012bb7f24c8570dcfafabb73086aed88c?s=96&d=mm&r=g\",\"contentUrl\":\"https:\\\/\\\/secure.gravatar.com\\\/avatar\\\/99e38dea1727d397df18aced5ac6840012bb7f24c8570dcfafabb73086aed88c?s=96&d=mm&r=g\",\"caption\":\"PuertoCdelU\"},\"url\":\"https:\\\/\\\/www.puertocdelu.com.ar\\\/index.php\\\/author\\\/hectordelos1\\\/\"}]}<\/script>\n<!-- \/ Yoast SEO plugin. -->","yoast_head_json":{"title":"Un segundo buque de la Armada Argentina continuar\u00e1 con el balizamiento del r\u00edo Uruguay - Puerto de Concepci\u00f3n del Uruguay","robots":{"index":"index","follow":"follow","max-snippet":"max-snippet:-1","max-image-preview":"max-image-preview:large","max-video-preview":"max-video-preview:-1"},"canonical":"https:\/\/www.puertocdelu.com.ar\/index.php\/2024\/10\/08\/un-segundo-buque-de-la-armada-argentina-continuara-con-el-balizamiento-del-rio-uruguay\/","og_locale":"es_ES","og_type":"article","og_title":"Un segundo buque de la Armada Argentina continuar\u00e1 con el balizamiento del r\u00edo Uruguay - Puerto de Concepci\u00f3n del Uruguay","og_description":"El pasado domingo amarr\u00f3 en los muelles del Puerto de Concepci\u00f3n del Uruguay el buque multiprop\u00f3sito de la Armada Argentina ARA Punta Alta para continuar con las tareas de mantenimiento del balizamiento del r\u00edo Uruguay. Esta embarcaci\u00f3n lleg\u00f3 para relevar a su buque gemelo, el ARA Ciudad de Z\u00e1rate, que hab\u00eda comenzado los trabajos hace [&hellip;]","og_url":"https:\/\/www.puertocdelu.com.ar\/index.php\/2024\/10\/08\/un-segundo-buque-de-la-armada-argentina-continuara-con-el-balizamiento-del-rio-uruguay\/","og_site_name":"Puerto de Concepci\u00f3n del Uruguay","article_published_time":"2024-10-08T22:45:10+00:00","og_image":[{"width":2560,"height":1440,"url":"https:\/\/www.puertocdelu.com.ar\/wp-content\/uploads\/2024\/10\/010-scaled.jpg","type":"image\/jpeg"}],"author":"PuertoCdelU","twitter_card":"summary_large_image","twitter_misc":{"Escrito por":"PuertoCdelU","Tiempo de lectura":"4 minutos"},"schema":{"@context":"https:\/\/schema.org","@graph":[{"@type":"Article","@id":"https:\/\/www.puertocdelu.com.ar\/index.php\/2024\/10\/08\/un-segundo-buque-de-la-armada-argentina-continuara-con-el-balizamiento-del-rio-uruguay\/#article","isPartOf":{"@id":"https:\/\/www.puertocdelu.com.ar\/index.php\/2024\/10\/08\/un-segundo-buque-de-la-armada-argentina-continuara-con-el-balizamiento-del-rio-uruguay\/"},"author":{"name":"PuertoCdelU","@id":"https:\/\/www.puertocdelu.com.ar\/#\/schema\/person\/9d258b923b29bd5f47ca80d9c8cd72d1"},"headline":"Un segundo buque de la Armada Argentina continuar\u00e1 con el balizamiento del r\u00edo Uruguay","datePublished":"2024-10-08T22:45:10+00:00","mainEntityOfPage":{"@id":"https:\/\/www.puertocdelu.com.ar\/index.php\/2024\/10\/08\/un-segundo-buque-de-la-armada-argentina-continuara-con-el-balizamiento-del-rio-uruguay\/"},"wordCount":780,"commentCount":0,"image":{"@id":"https:\/\/www.puertocdelu.com.ar\/index.php\/2024\/10\/08\/un-segundo-buque-de-la-armada-argentina-continuara-con-el-balizamiento-del-rio-uruguay\/#primaryimage"},"thumbnailUrl":"https:\/\/www.puertocdelu.com.ar\/wp-content\/uploads\/2024\/10\/010-scaled.jpg","articleSection":["Noticias"],"inLanguage":"es","potentialAction":[{"@type":"CommentAction","name":"Comment","target":["https:\/\/www.puertocdelu.com.ar\/index.php\/2024\/10\/08\/un-segundo-buque-de-la-armada-argentina-continuara-con-el-balizamiento-del-rio-uruguay\/#respond"]}]},{"@type":"WebPage","@id":"https:\/\/www.puertocdelu.com.ar\/index.php\/2024\/10\/08\/un-segundo-buque-de-la-armada-argentina-continuara-con-el-balizamiento-del-rio-uruguay\/","url":"https:\/\/www.puertocdelu.com.ar\/index.php\/2024\/10\/08\/un-segundo-buque-de-la-armada-argentina-continuara-con-el-balizamiento-del-rio-uruguay\/","name":"Un segundo buque de la Armada Argentina continuar\u00e1 con el balizamiento del r\u00edo Uruguay - Puerto de Concepci\u00f3n del Uruguay","isPartOf":{"@id":"https:\/\/www.puertocdelu.com.ar\/#website"},"primaryImageOfPage":{"@id":"https:\/\/www.puertocdelu.com.ar\/index.php\/2024\/10\/08\/un-segundo-buque-de-la-armada-argentina-continuara-con-el-balizamiento-del-rio-uruguay\/#primaryimage"},"image":{"@id":"https:\/\/www.puertocdelu.com.ar\/index.php\/2024\/10\/08\/un-segundo-buque-de-la-armada-argentina-continuara-con-el-balizamiento-del-rio-uruguay\/#primaryimage"},"thumbnailUrl":"https:\/\/www.puertocdelu.com.ar\/wp-content\/uploads\/2024\/10\/010-scaled.jpg","datePublished":"2024-10-08T22:45:10+00:00","author":{"@id":"https:\/\/www.puertocdelu.com.ar\/#\/schema\/person\/9d258b923b29bd5f47ca80d9c8cd72d1"},"breadcrumb":{"@id":"https:\/\/www.puertocdelu.com.ar\/index.php\/2024\/10\/08\/un-segundo-buque-de-la-armada-argentina-continuara-con-el-balizamiento-del-rio-uruguay\/#breadcrumb"},"inLanguage":"es","potentialAction":[{"@type":"ReadAction","target":["https:\/\/www.puertocdelu.com.ar\/index.php\/2024\/10\/08\/un-segundo-buque-de-la-armada-argentina-continuara-con-el-balizamiento-del-rio-uruguay\/"]}]},{"@type":"ImageObject","inLanguage":"es","@id":"https:\/\/www.puertocdelu.com.ar\/index.php\/2024\/10\/08\/un-segundo-buque-de-la-armada-argentina-continuara-con-el-balizamiento-del-rio-uruguay\/#primaryimage","url":"https:\/\/www.puertocdelu.com.ar\/wp-content\/uploads\/2024\/10\/010-scaled.jpg","contentUrl":"https:\/\/www.puertocdelu.com.ar\/wp-content\/uploads\/2024\/10\/010-scaled.jpg","width":2560,"height":1440},{"@type":"BreadcrumbList","@id":"https:\/\/www.puertocdelu.com.ar\/index.php\/2024\/10\/08\/un-segundo-buque-de-la-armada-argentina-continuara-con-el-balizamiento-del-rio-uruguay\/#breadcrumb","itemListElement":[{"@type":"ListItem","position":1,"name":"Portada","item":"https:\/\/www.puertocdelu.com.ar\/"},{"@type":"ListItem","position":2,"name":"Un segundo buque de la Armada Argentina continuar\u00e1 con el balizamiento del r\u00edo Uruguay"}]},{"@type":"WebSite","@id":"https:\/\/www.puertocdelu.com.ar\/#website","url":"https:\/\/www.puertocdelu.com.ar\/","name":"Puerto de Concepci\u00f3n del Uruguay","description":"","potentialAction":[{"@type":"SearchAction","target":{"@type":"EntryPoint","urlTemplate":"https:\/\/www.puertocdelu.com.ar\/?s={search_term_string}"},"query-input":{"@type":"PropertyValueSpecification","valueRequired":true,"valueName":"search_term_string"}}],"inLanguage":"es"},{"@type":"Person","@id":"https:\/\/www.puertocdelu.com.ar\/#\/schema\/person\/9d258b923b29bd5f47ca80d9c8cd72d1","name":"PuertoCdelU","image":{"@type":"ImageObject","inLanguage":"es","@id":"https:\/\/secure.gravatar.com\/avatar\/99e38dea1727d397df18aced5ac6840012bb7f24c8570dcfafabb73086aed88c?s=96&d=mm&r=g","url":"https:\/\/secure.gravatar.com\/avatar\/99e38dea1727d397df18aced5ac6840012bb7f24c8570dcfafabb73086aed88c?s=96&d=mm&r=g","contentUrl":"https:\/\/secure.gravatar.com\/avatar\/99e38dea1727d397df18aced5ac6840012bb7f24c8570dcfafabb73086aed88c?s=96&d=mm&r=g","caption":"PuertoCdelU"},"url":"https:\/\/www.puertocdelu.com.ar\/index.php\/author\/hectordelos1\/"}]}},"_links":{"self":[{"href":"https:\/\/www.puertocdelu.com.ar\/index.php\/wp-json\/wp\/v2\/posts\/2799","targetHints":{"allow":["GET"]}}],"collection":[{"href":"https:\/\/www.puertocdelu.com.ar\/index.php\/wp-json\/wp\/v2\/posts"}],"about":[{"href":"https:\/\/www.puertocdelu.com.ar\/index.php\/wp-json\/wp\/v2\/types\/post"}],"author":[{"embeddable":true,"href":"https:\/\/www.puertocdelu.com.ar\/index.php\/wp-json\/wp\/v2\/users\/1"}],"replies":[{"embeddable":true,"href":"https:\/\/www.puertocdelu.com.ar\/index.php\/wp-json\/wp\/v2\/comments?post=2799"}],"version-history":[{"count":1,"href":"https:\/\/www.puertocdelu.com.ar\/index.php\/wp-json\/wp\/v2\/posts\/2799\/revisions"}],"predecessor-version":[{"id":2802,"href":"https:\/\/www.puertocdelu.com.ar\/index.php\/wp-json\/wp\/v2\/posts\/2799\/revisions\/2802"}],"wp:featuredmedia":[{"embeddable":true,"href":"https:\/\/www.puertocdelu.com.ar\/index.php\/wp-json\/wp\/v2\/media\/2800"}],"wp:attachment":[{"href":"https:\/\/www.puertocdelu.com.ar\/index.php\/wp-json\/wp\/v2\/media?parent=2799"}],"wp:term":[{"taxonomy":"category","embeddable":true,"href":"https:\/\/www.puertocdelu.com.ar\/index.php\/wp-json\/wp\/v2\/categories?post=2799"},{"taxonomy":"post_tag","embeddable":true,"href":"https:\/\/www.puertocdelu.com.ar\/index.php\/wp-json\/wp\/v2\/tags?post=2799"}],"curies":[{"name":"wp","href":"https:\/\/api.w.org\/{rel}","templated":true}]}}