{"id":2812,"date":"2024-10-30T21:23:31","date_gmt":"2024-10-30T21:23:31","guid":{"rendered":"https:\/\/www.puertocdelu.com.ar\/?p=2812"},"modified":"2024-10-30T21:24:07","modified_gmt":"2024-10-30T21:24:07","slug":"siguen-creciendo-las-cifras-de-cargas-movilizadas-desde-el-puerto-de-concepcion-del-uruguay","status":"publish","type":"post","link":"https:\/\/www.puertocdelu.com.ar\/index.php\/2024\/10\/30\/siguen-creciendo-las-cifras-de-cargas-movilizadas-desde-el-puerto-de-concepcion-del-uruguay\/","title":{"rendered":"Siguen creciendo las cifras de cargas movilizadas desde el puerto de Concepci\u00f3n del Uruguay"},"content":{"rendered":"<p>M\u00e1s buques de ultramar, barcazas con madera, descarga de combustibles, arena, y acopio m\u00e1ximo de granos en los silos del Elevador Terminal, marcan un ritmo sostenido del crecimiento de la actividad portuaria en Concepci\u00f3n del Uruguay.<\/p>\n<p>Este lunes ingres\u00f3 al puerto el remolcador Punta Diamante con la barcaza Playa de la Agraciada, ambos de bandera uruguaya, para realizar un embarque de exportaci\u00f3n de 5.000 toneladas de troncos de eucalipto con destino a la terminal portuaria Punta Pereyra, en la Rep\u00fablica Oriental del Uruguay.<\/p>\n<p>Este tipo de operaciones ha puesto en marcha una nueva alternativa de embarque que permite sumar otra v\u00eda de exportaci\u00f3n para la industria forestal de la regi\u00f3n, y generar m\u00e1s mano de obra.<\/p>\n<p>En este sentido, el jueves de la semana pasada finaliz\u00f3 la carga de 20.200 toneladas de troncos de pino en el carguero Paiwan Ace, un buque con bandera liberiana y 183 metros de eslora que carg\u00f3 durante cuatro d\u00edas en los muelles 14, 15, y 16 bis del puerto uruguayense.<\/p>\n<p>Este buque se encuentra por estas horas completando su carga en el puerto de Ibicuy, donde embarca unas 13.000 toneladas adicionales para partir hacia su destino en el puerto de Kandla, en la India.<\/p>\n<p><a href=\"https:\/\/www.puertocdelu.com.ar\/wp-content\/uploads\/2024\/10\/03.gif\"><img loading=\"lazy\" decoding=\"async\" class=\"aligncenter size-full wp-image-2814\" src=\"https:\/\/www.puertocdelu.com.ar\/wp-content\/uploads\/2024\/10\/03.gif\" alt=\"\" width=\"1200\" height=\"675\" \/><\/a><\/p>\n<p><strong>Cifras que crecen<\/strong><\/p>\n<p>En total, el puerto de Concepci\u00f3n del Uruguay lleva concretadas 22 operaciones de exportaci\u00f3n en lo que va del a\u00f1o 2024, totalizando unas 336.000 toneladas comercializadas en el mercado exterior, un nivel de exportaciones que esta terminal no ten\u00eda desde el a\u00f1o 1999.<\/p>\n<p>Entre exportaciones, descargas de combustible, y removido de arena, ya se han movilizado 467.000 toneladas de cargas en lo que va del a\u00f1o 2024.<\/p>\n<p>Este a\u00f1o se incorpor\u00f3 Alemania a los destinos de las cargas que salen desde este puerto entrerriano con la primera exportaci\u00f3n de soja gen\u00e9ticamente no modificada realizada desde esta provincia.<\/p>\n<p>A los destinos de India y China para la madera, se sum\u00f3 tambi\u00e9n la Rep\u00fablica Oriental del Uruguay a trav\u00e9s de grandes barcazas madereras que ya llevan cuatro embarques realizados con \u00e9xito.<\/p>\n<p>Por su parte, el muelle 23, destinado a inflamables, ha recibido 25 embarques con 91.700 toneladas de combustible para abastecer a la planta de la empresa YPF lo que totaliza m\u00e1s de 90 millones de litros de gasoil, nafta super, e Infinia.<\/p>\n<p>A todo esto, se suman las actividades de acopio en los silos del Elevador Terminal de Granos que se encuentra operando a m\u00e1xima capacidad con casi 18.000 toneladas de ma\u00edz y soja de la cosecha 23\/24.<\/p>\n<p>Tambi\u00e9n se sumar\u00e1n otras 7.000 toneladas de arroz elaborado que ser\u00e1n acopiadas durante los pr\u00f3ximos d\u00edas en la celda de acopio N\u00b011 que dispone el puerto en su zona de dep\u00f3sitos.<\/p>\n","protected":false},"excerpt":{"rendered":"<p>M\u00e1s buques de ultramar, barcazas con madera, descarga de combustibles, arena, y acopio m\u00e1ximo de granos en los silos del Elevador Terminal, marcan un ritmo sostenido del crecimiento de la actividad portuaria en Concepci\u00f3n del Uruguay. Este lunes ingres\u00f3 al puerto el remolcador Punta Diamante con la barcaza Playa de la Agraciada, ambos de bandera [&hellip;]<\/p>\n","protected":false},"author":1,"featured_media":2813,"comment_status":"open","ping_status":"open","sticky":false,"template":"","format":"standard","meta":{"footnotes":""},"categories":[81],"tags":[],"class_list":{"0":"post-2812","1":"post","2":"type-post","3":"status-publish","4":"format-standard","5":"has-post-thumbnail","7":"category-noticias"},"yoast_head":"<!-- This site is optimized with the Yoast SEO plugin v27.4 - https:\/\/yoast.com\/product\/yoast-seo-wordpress\/ -->\n<title>Siguen creciendo las cifras de cargas movilizadas desde el puerto de Concepci\u00f3n del Uruguay - Puerto de Concepci\u00f3n del Uruguay<\/title>\n<meta name=\"robots\" content=\"index, follow, max-snippet:-1, max-image-preview:large, max-video-preview:-1\" \/>\n<link rel=\"canonical\" href=\"https:\/\/www.puertocdelu.com.ar\/index.php\/2024\/10\/30\/siguen-creciendo-las-cifras-de-cargas-movilizadas-desde-el-puerto-de-concepcion-del-uruguay\/\" \/>\n<meta property=\"og:locale\" content=\"es_ES\" \/>\n<meta property=\"og:type\" content=\"article\" \/>\n<meta property=\"og:title\" content=\"Siguen creciendo las cifras de cargas movilizadas desde el puerto de Concepci\u00f3n del Uruguay - Puerto de Concepci\u00f3n del Uruguay\" \/>\n<meta property=\"og:description\" content=\"M\u00e1s buques de ultramar, barcazas con madera, descarga de combustibles, arena, y acopio m\u00e1ximo de granos en los silos del Elevador Terminal, marcan un ritmo sostenido del crecimiento de la actividad portuaria en Concepci\u00f3n del Uruguay. Este lunes ingres\u00f3 al puerto el remolcador Punta Diamante con la barcaza Playa de la Agraciada, ambos de bandera [&hellip;]\" \/>\n<meta property=\"og:url\" content=\"https:\/\/www.puertocdelu.com.ar\/index.php\/2024\/10\/30\/siguen-creciendo-las-cifras-de-cargas-movilizadas-desde-el-puerto-de-concepcion-del-uruguay\/\" \/>\n<meta property=\"og:site_name\" content=\"Puerto de Concepci\u00f3n del Uruguay\" \/>\n<meta property=\"article:published_time\" content=\"2024-10-30T21:23:31+00:00\" \/>\n<meta property=\"article:modified_time\" content=\"2024-10-30T21:24:07+00:00\" \/>\n<meta property=\"og:image\" content=\"https:\/\/www.puertocdelu.com.ar\/wp-content\/uploads\/2024\/10\/barcaza-madera-01.jpg\" \/>\n\t<meta property=\"og:image:width\" content=\"1079\" \/>\n\t<meta property=\"og:image:height\" content=\"607\" \/>\n\t<meta property=\"og:image:type\" content=\"image\/jpeg\" \/>\n<meta name=\"author\" content=\"PuertoCdelU\" \/>\n<meta name=\"twitter:card\" content=\"summary_large_image\" \/>\n<meta name=\"twitter:label1\" content=\"Escrito por\" \/>\n\t<meta name=\"twitter:data1\" content=\"PuertoCdelU\" \/>\n\t<meta name=\"twitter:label2\" content=\"Tiempo de lectura\" \/>\n\t<meta name=\"twitter:data2\" content=\"3 minutos\" \/>\n<script type=\"application\/ld+json\" class=\"yoast-schema-graph\">{\"@context\":\"https:\\\/\\\/schema.org\",\"@graph\":[{\"@type\":\"Article\",\"@id\":\"https:\\\/\\\/www.puertocdelu.com.ar\\\/index.php\\\/2024\\\/10\\\/30\\\/siguen-creciendo-las-cifras-de-cargas-movilizadas-desde-el-puerto-de-concepcion-del-uruguay\\\/#article\",\"isPartOf\":{\"@id\":\"https:\\\/\\\/www.puertocdelu.com.ar\\\/index.php\\\/2024\\\/10\\\/30\\\/siguen-creciendo-las-cifras-de-cargas-movilizadas-desde-el-puerto-de-concepcion-del-uruguay\\\/\"},\"author\":{\"name\":\"PuertoCdelU\",\"@id\":\"https:\\\/\\\/www.puertocdelu.com.ar\\\/#\\\/schema\\\/person\\\/9d258b923b29bd5f47ca80d9c8cd72d1\"},\"headline\":\"Siguen creciendo las cifras de cargas movilizadas desde el puerto de Concepci\u00f3n del Uruguay\",\"datePublished\":\"2024-10-30T21:23:31+00:00\",\"dateModified\":\"2024-10-30T21:24:07+00:00\",\"mainEntityOfPage\":{\"@id\":\"https:\\\/\\\/www.puertocdelu.com.ar\\\/index.php\\\/2024\\\/10\\\/30\\\/siguen-creciendo-las-cifras-de-cargas-movilizadas-desde-el-puerto-de-concepcion-del-uruguay\\\/\"},\"wordCount\":467,\"commentCount\":0,\"image\":{\"@id\":\"https:\\\/\\\/www.puertocdelu.com.ar\\\/index.php\\\/2024\\\/10\\\/30\\\/siguen-creciendo-las-cifras-de-cargas-movilizadas-desde-el-puerto-de-concepcion-del-uruguay\\\/#primaryimage\"},\"thumbnailUrl\":\"https:\\\/\\\/www.puertocdelu.com.ar\\\/wp-content\\\/uploads\\\/2024\\\/10\\\/barcaza-madera-01.jpg\",\"articleSection\":[\"Noticias\"],\"inLanguage\":\"es\",\"potentialAction\":[{\"@type\":\"CommentAction\",\"name\":\"Comment\",\"target\":[\"https:\\\/\\\/www.puertocdelu.com.ar\\\/index.php\\\/2024\\\/10\\\/30\\\/siguen-creciendo-las-cifras-de-cargas-movilizadas-desde-el-puerto-de-concepcion-del-uruguay\\\/#respond\"]}]},{\"@type\":\"WebPage\",\"@id\":\"https:\\\/\\\/www.puertocdelu.com.ar\\\/index.php\\\/2024\\\/10\\\/30\\\/siguen-creciendo-las-cifras-de-cargas-movilizadas-desde-el-puerto-de-concepcion-del-uruguay\\\/\",\"url\":\"https:\\\/\\\/www.puertocdelu.com.ar\\\/index.php\\\/2024\\\/10\\\/30\\\/siguen-creciendo-las-cifras-de-cargas-movilizadas-desde-el-puerto-de-concepcion-del-uruguay\\\/\",\"name\":\"Siguen creciendo las cifras de cargas movilizadas desde el puerto de Concepci\u00f3n del Uruguay - Puerto de Concepci\u00f3n del Uruguay\",\"isPartOf\":{\"@id\":\"https:\\\/\\\/www.puertocdelu.com.ar\\\/#website\"},\"primaryImageOfPage\":{\"@id\":\"https:\\\/\\\/www.puertocdelu.com.ar\\\/index.php\\\/2024\\\/10\\\/30\\\/siguen-creciendo-las-cifras-de-cargas-movilizadas-desde-el-puerto-de-concepcion-del-uruguay\\\/#primaryimage\"},\"image\":{\"@id\":\"https:\\\/\\\/www.puertocdelu.com.ar\\\/index.php\\\/2024\\\/10\\\/30\\\/siguen-creciendo-las-cifras-de-cargas-movilizadas-desde-el-puerto-de-concepcion-del-uruguay\\\/#primaryimage\"},\"thumbnailUrl\":\"https:\\\/\\\/www.puertocdelu.com.ar\\\/wp-content\\\/uploads\\\/2024\\\/10\\\/barcaza-madera-01.jpg\",\"datePublished\":\"2024-10-30T21:23:31+00:00\",\"dateModified\":\"2024-10-30T21:24:07+00:00\",\"author\":{\"@id\":\"https:\\\/\\\/www.puertocdelu.com.ar\\\/#\\\/schema\\\/person\\\/9d258b923b29bd5f47ca80d9c8cd72d1\"},\"breadcrumb\":{\"@id\":\"https:\\\/\\\/www.puertocdelu.com.ar\\\/index.php\\\/2024\\\/10\\\/30\\\/siguen-creciendo-las-cifras-de-cargas-movilizadas-desde-el-puerto-de-concepcion-del-uruguay\\\/#breadcrumb\"},\"inLanguage\":\"es\",\"potentialAction\":[{\"@type\":\"ReadAction\",\"target\":[\"https:\\\/\\\/www.puertocdelu.com.ar\\\/index.php\\\/2024\\\/10\\\/30\\\/siguen-creciendo-las-cifras-de-cargas-movilizadas-desde-el-puerto-de-concepcion-del-uruguay\\\/\"]}]},{\"@type\":\"ImageObject\",\"inLanguage\":\"es\",\"@id\":\"https:\\\/\\\/www.puertocdelu.com.ar\\\/index.php\\\/2024\\\/10\\\/30\\\/siguen-creciendo-las-cifras-de-cargas-movilizadas-desde-el-puerto-de-concepcion-del-uruguay\\\/#primaryimage\",\"url\":\"https:\\\/\\\/www.puertocdelu.com.ar\\\/wp-content\\\/uploads\\\/2024\\\/10\\\/barcaza-madera-01.jpg\",\"contentUrl\":\"https:\\\/\\\/www.puertocdelu.com.ar\\\/wp-content\\\/uploads\\\/2024\\\/10\\\/barcaza-madera-01.jpg\",\"width\":1079,\"height\":607,\"caption\":\"default\"},{\"@type\":\"BreadcrumbList\",\"@id\":\"https:\\\/\\\/www.puertocdelu.com.ar\\\/index.php\\\/2024\\\/10\\\/30\\\/siguen-creciendo-las-cifras-de-cargas-movilizadas-desde-el-puerto-de-concepcion-del-uruguay\\\/#breadcrumb\",\"itemListElement\":[{\"@type\":\"ListItem\",\"position\":1,\"name\":\"Portada\",\"item\":\"https:\\\/\\\/www.puertocdelu.com.ar\\\/\"},{\"@type\":\"ListItem\",\"position\":2,\"name\":\"Siguen creciendo las cifras de cargas movilizadas desde el puerto de Concepci\u00f3n del Uruguay\"}]},{\"@type\":\"WebSite\",\"@id\":\"https:\\\/\\\/www.puertocdelu.com.ar\\\/#website\",\"url\":\"https:\\\/\\\/www.puertocdelu.com.ar\\\/\",\"name\":\"Puerto de Concepci\u00f3n del Uruguay\",\"description\":\"\",\"potentialAction\":[{\"@type\":\"SearchAction\",\"target\":{\"@type\":\"EntryPoint\",\"urlTemplate\":\"https:\\\/\\\/www.puertocdelu.com.ar\\\/?s={search_term_string}\"},\"query-input\":{\"@type\":\"PropertyValueSpecification\",\"valueRequired\":true,\"valueName\":\"search_term_string\"}}],\"inLanguage\":\"es\"},{\"@type\":\"Person\",\"@id\":\"https:\\\/\\\/www.puertocdelu.com.ar\\\/#\\\/schema\\\/person\\\/9d258b923b29bd5f47ca80d9c8cd72d1\",\"name\":\"PuertoCdelU\",\"image\":{\"@type\":\"ImageObject\",\"inLanguage\":\"es\",\"@id\":\"https:\\\/\\\/secure.gravatar.com\\\/avatar\\\/99e38dea1727d397df18aced5ac6840012bb7f24c8570dcfafabb73086aed88c?s=96&d=mm&r=g\",\"url\":\"https:\\\/\\\/secure.gravatar.com\\\/avatar\\\/99e38dea1727d397df18aced5ac6840012bb7f24c8570dcfafabb73086aed88c?s=96&d=mm&r=g\",\"contentUrl\":\"https:\\\/\\\/secure.gravatar.com\\\/avatar\\\/99e38dea1727d397df18aced5ac6840012bb7f24c8570dcfafabb73086aed88c?s=96&d=mm&r=g\",\"caption\":\"PuertoCdelU\"},\"url\":\"https:\\\/\\\/www.puertocdelu.com.ar\\\/index.php\\\/author\\\/hectordelos1\\\/\"}]}<\/script>\n<!-- \/ Yoast SEO plugin. -->","yoast_head_json":{"title":"Siguen creciendo las cifras de cargas movilizadas desde el puerto de Concepci\u00f3n del Uruguay - Puerto de Concepci\u00f3n del Uruguay","robots":{"index":"index","follow":"follow","max-snippet":"max-snippet:-1","max-image-preview":"max-image-preview:large","max-video-preview":"max-video-preview:-1"},"canonical":"https:\/\/www.puertocdelu.com.ar\/index.php\/2024\/10\/30\/siguen-creciendo-las-cifras-de-cargas-movilizadas-desde-el-puerto-de-concepcion-del-uruguay\/","og_locale":"es_ES","og_type":"article","og_title":"Siguen creciendo las cifras de cargas movilizadas desde el puerto de Concepci\u00f3n del Uruguay - Puerto de Concepci\u00f3n del Uruguay","og_description":"M\u00e1s buques de ultramar, barcazas con madera, descarga de combustibles, arena, y acopio m\u00e1ximo de granos en los silos del Elevador Terminal, marcan un ritmo sostenido del crecimiento de la actividad portuaria en Concepci\u00f3n del Uruguay. Este lunes ingres\u00f3 al puerto el remolcador Punta Diamante con la barcaza Playa de la Agraciada, ambos de bandera [&hellip;]","og_url":"https:\/\/www.puertocdelu.com.ar\/index.php\/2024\/10\/30\/siguen-creciendo-las-cifras-de-cargas-movilizadas-desde-el-puerto-de-concepcion-del-uruguay\/","og_site_name":"Puerto de Concepci\u00f3n del Uruguay","article_published_time":"2024-10-30T21:23:31+00:00","article_modified_time":"2024-10-30T21:24:07+00:00","og_image":[{"width":1079,"height":607,"url":"https:\/\/www.puertocdelu.com.ar\/wp-content\/uploads\/2024\/10\/barcaza-madera-01.jpg","type":"image\/jpeg"}],"author":"PuertoCdelU","twitter_card":"summary_large_image","twitter_misc":{"Escrito por":"PuertoCdelU","Tiempo de lectura":"3 minutos"},"schema":{"@context":"https:\/\/schema.org","@graph":[{"@type":"Article","@id":"https:\/\/www.puertocdelu.com.ar\/index.php\/2024\/10\/30\/siguen-creciendo-las-cifras-de-cargas-movilizadas-desde-el-puerto-de-concepcion-del-uruguay\/#article","isPartOf":{"@id":"https:\/\/www.puertocdelu.com.ar\/index.php\/2024\/10\/30\/siguen-creciendo-las-cifras-de-cargas-movilizadas-desde-el-puerto-de-concepcion-del-uruguay\/"},"author":{"name":"PuertoCdelU","@id":"https:\/\/www.puertocdelu.com.ar\/#\/schema\/person\/9d258b923b29bd5f47ca80d9c8cd72d1"},"headline":"Siguen creciendo las cifras de cargas movilizadas desde el puerto de Concepci\u00f3n del Uruguay","datePublished":"2024-10-30T21:23:31+00:00","dateModified":"2024-10-30T21:24:07+00:00","mainEntityOfPage":{"@id":"https:\/\/www.puertocdelu.com.ar\/index.php\/2024\/10\/30\/siguen-creciendo-las-cifras-de-cargas-movilizadas-desde-el-puerto-de-concepcion-del-uruguay\/"},"wordCount":467,"commentCount":0,"image":{"@id":"https:\/\/www.puertocdelu.com.ar\/index.php\/2024\/10\/30\/siguen-creciendo-las-cifras-de-cargas-movilizadas-desde-el-puerto-de-concepcion-del-uruguay\/#primaryimage"},"thumbnailUrl":"https:\/\/www.puertocdelu.com.ar\/wp-content\/uploads\/2024\/10\/barcaza-madera-01.jpg","articleSection":["Noticias"],"inLanguage":"es","potentialAction":[{"@type":"CommentAction","name":"Comment","target":["https:\/\/www.puertocdelu.com.ar\/index.php\/2024\/10\/30\/siguen-creciendo-las-cifras-de-cargas-movilizadas-desde-el-puerto-de-concepcion-del-uruguay\/#respond"]}]},{"@type":"WebPage","@id":"https:\/\/www.puertocdelu.com.ar\/index.php\/2024\/10\/30\/siguen-creciendo-las-cifras-de-cargas-movilizadas-desde-el-puerto-de-concepcion-del-uruguay\/","url":"https:\/\/www.puertocdelu.com.ar\/index.php\/2024\/10\/30\/siguen-creciendo-las-cifras-de-cargas-movilizadas-desde-el-puerto-de-concepcion-del-uruguay\/","name":"Siguen creciendo las cifras de cargas movilizadas desde el puerto de Concepci\u00f3n del Uruguay - Puerto de Concepci\u00f3n del Uruguay","isPartOf":{"@id":"https:\/\/www.puertocdelu.com.ar\/#website"},"primaryImageOfPage":{"@id":"https:\/\/www.puertocdelu.com.ar\/index.php\/2024\/10\/30\/siguen-creciendo-las-cifras-de-cargas-movilizadas-desde-el-puerto-de-concepcion-del-uruguay\/#primaryimage"},"image":{"@id":"https:\/\/www.puertocdelu.com.ar\/index.php\/2024\/10\/30\/siguen-creciendo-las-cifras-de-cargas-movilizadas-desde-el-puerto-de-concepcion-del-uruguay\/#primaryimage"},"thumbnailUrl":"https:\/\/www.puertocdelu.com.ar\/wp-content\/uploads\/2024\/10\/barcaza-madera-01.jpg","datePublished":"2024-10-30T21:23:31+00:00","dateModified":"2024-10-30T21:24:07+00:00","author":{"@id":"https:\/\/www.puertocdelu.com.ar\/#\/schema\/person\/9d258b923b29bd5f47ca80d9c8cd72d1"},"breadcrumb":{"@id":"https:\/\/www.puertocdelu.com.ar\/index.php\/2024\/10\/30\/siguen-creciendo-las-cifras-de-cargas-movilizadas-desde-el-puerto-de-concepcion-del-uruguay\/#breadcrumb"},"inLanguage":"es","potentialAction":[{"@type":"ReadAction","target":["https:\/\/www.puertocdelu.com.ar\/index.php\/2024\/10\/30\/siguen-creciendo-las-cifras-de-cargas-movilizadas-desde-el-puerto-de-concepcion-del-uruguay\/"]}]},{"@type":"ImageObject","inLanguage":"es","@id":"https:\/\/www.puertocdelu.com.ar\/index.php\/2024\/10\/30\/siguen-creciendo-las-cifras-de-cargas-movilizadas-desde-el-puerto-de-concepcion-del-uruguay\/#primaryimage","url":"https:\/\/www.puertocdelu.com.ar\/wp-content\/uploads\/2024\/10\/barcaza-madera-01.jpg","contentUrl":"https:\/\/www.puertocdelu.com.ar\/wp-content\/uploads\/2024\/10\/barcaza-madera-01.jpg","width":1079,"height":607,"caption":"default"},{"@type":"BreadcrumbList","@id":"https:\/\/www.puertocdelu.com.ar\/index.php\/2024\/10\/30\/siguen-creciendo-las-cifras-de-cargas-movilizadas-desde-el-puerto-de-concepcion-del-uruguay\/#breadcrumb","itemListElement":[{"@type":"ListItem","position":1,"name":"Portada","item":"https:\/\/www.puertocdelu.com.ar\/"},{"@type":"ListItem","position":2,"name":"Siguen creciendo las cifras de cargas movilizadas desde el puerto de Concepci\u00f3n del Uruguay"}]},{"@type":"WebSite","@id":"https:\/\/www.puertocdelu.com.ar\/#website","url":"https:\/\/www.puertocdelu.com.ar\/","name":"Puerto de Concepci\u00f3n del Uruguay","description":"","potentialAction":[{"@type":"SearchAction","target":{"@type":"EntryPoint","urlTemplate":"https:\/\/www.puertocdelu.com.ar\/?s={search_term_string}"},"query-input":{"@type":"PropertyValueSpecification","valueRequired":true,"valueName":"search_term_string"}}],"inLanguage":"es"},{"@type":"Person","@id":"https:\/\/www.puertocdelu.com.ar\/#\/schema\/person\/9d258b923b29bd5f47ca80d9c8cd72d1","name":"PuertoCdelU","image":{"@type":"ImageObject","inLanguage":"es","@id":"https:\/\/secure.gravatar.com\/avatar\/99e38dea1727d397df18aced5ac6840012bb7f24c8570dcfafabb73086aed88c?s=96&d=mm&r=g","url":"https:\/\/secure.gravatar.com\/avatar\/99e38dea1727d397df18aced5ac6840012bb7f24c8570dcfafabb73086aed88c?s=96&d=mm&r=g","contentUrl":"https:\/\/secure.gravatar.com\/avatar\/99e38dea1727d397df18aced5ac6840012bb7f24c8570dcfafabb73086aed88c?s=96&d=mm&r=g","caption":"PuertoCdelU"},"url":"https:\/\/www.puertocdelu.com.ar\/index.php\/author\/hectordelos1\/"}]}},"_links":{"self":[{"href":"https:\/\/www.puertocdelu.com.ar\/index.php\/wp-json\/wp\/v2\/posts\/2812","targetHints":{"allow":["GET"]}}],"collection":[{"href":"https:\/\/www.puertocdelu.com.ar\/index.php\/wp-json\/wp\/v2\/posts"}],"about":[{"href":"https:\/\/www.puertocdelu.com.ar\/index.php\/wp-json\/wp\/v2\/types\/post"}],"author":[{"embeddable":true,"href":"https:\/\/www.puertocdelu.com.ar\/index.php\/wp-json\/wp\/v2\/users\/1"}],"replies":[{"embeddable":true,"href":"https:\/\/www.puertocdelu.com.ar\/index.php\/wp-json\/wp\/v2\/comments?post=2812"}],"version-history":[{"count":1,"href":"https:\/\/www.puertocdelu.com.ar\/index.php\/wp-json\/wp\/v2\/posts\/2812\/revisions"}],"predecessor-version":[{"id":2815,"href":"https:\/\/www.puertocdelu.com.ar\/index.php\/wp-json\/wp\/v2\/posts\/2812\/revisions\/2815"}],"wp:featuredmedia":[{"embeddable":true,"href":"https:\/\/www.puertocdelu.com.ar\/index.php\/wp-json\/wp\/v2\/media\/2813"}],"wp:attachment":[{"href":"https:\/\/www.puertocdelu.com.ar\/index.php\/wp-json\/wp\/v2\/media?parent=2812"}],"wp:term":[{"taxonomy":"category","embeddable":true,"href":"https:\/\/www.puertocdelu.com.ar\/index.php\/wp-json\/wp\/v2\/categories?post=2812"},{"taxonomy":"post_tag","embeddable":true,"href":"https:\/\/www.puertocdelu.com.ar\/index.php\/wp-json\/wp\/v2\/tags?post=2812"}],"curies":[{"name":"wp","href":"https:\/\/api.w.org\/{rel}","templated":true}]}}