{"id":2818,"date":"2024-12-04T20:54:35","date_gmt":"2024-12-04T20:54:35","guid":{"rendered":"https:\/\/www.puertocdelu.com.ar\/?p=2818"},"modified":"2024-12-04T20:54:35","modified_gmt":"2024-12-04T20:54:35","slug":"entre-rios-se-consolida-como-un-polo-exportador-para-la-industria-forestal","status":"publish","type":"post","link":"https:\/\/www.puertocdelu.com.ar\/index.php\/2024\/12\/04\/entre-rios-se-consolida-como-un-polo-exportador-para-la-industria-forestal\/","title":{"rendered":"Entre R\u00edos se consolida como un polo exportador para la industria forestal"},"content":{"rendered":"<p>Con la llegada de dos nuevos ultramarinos en las pr\u00f3ximas horas, el puerto de Concepci\u00f3n del Uruguay alcanzar\u00e1 las 370.000 toneladas exportadas en los \u00faltimos 12 meses, confirmando que los puertos p\u00fablicos entrerrianos son la principal puerta de salida al mundo para la industria forestal de la Mesopotamia.<\/p>\n<p>Con estas nuevas exportaciones se sumar\u00e1n un total de 24 operaciones de comercio exterior desde esta terminal entrerriana en lo que va del a\u00f1o.<\/p>\n<p>El trabajo de complementariedad que el sistema portuario entrerriano lleva adelante entre los puertos p\u00fablicos de Concepci\u00f3n del Uruguay e Ibicuy, ubican a Entre R\u00edos como el principal polo exportador forestal de la Argentina, con m\u00e1s de 600.000 toneladas de madera movilizadas en el 2024.<\/p>\n<p>La reactivaci\u00f3n portuaria entrerriana comenz\u00f3 en noviembre de 2018 a partir del dragado del r\u00edo Uruguay a 25 pies de profundidad, luego de casi dos d\u00e9cadas de muy escasa actividad. El movimiento exportador a trav\u00e9s del Puerto de Concepci\u00f3n del Uruguay se fortaleci\u00f3 a lo largo de los meses y se mantuvo de forma sostenida a lo largo de esta \u00faltima etapa, sumando 122 buques ultramarinos y casi 2 millones de toneladas exportadas.<\/p>\n<p>Se espera para este viernes 6 de diciembre el ingreso el buque CS Satira, un carguero con bandera de Bahamas proveniente del puerto de Matadi, en la Rep\u00fablica Democr\u00e1tica del Congo, mientras que el pr\u00f3ximo martes har\u00e1 lo propio el Lignum Grid, un Bulk Carrier de 180 metros de eslora, con bandera de Panam\u00e1, que llega a Entre R\u00edos proveniente de Puerto Cabello, Venezuela.<\/p>\n<p><a href=\"https:\/\/www.puertocdelu.com.ar\/wp-content\/uploads\/2024\/12\/puerto-de-noche-scaled.jpg\"><img loading=\"lazy\" decoding=\"async\" class=\"aligncenter wp-image-2820 size-full\" src=\"https:\/\/www.puertocdelu.com.ar\/wp-content\/uploads\/2024\/12\/puerto-de-noche-scaled.jpg\" alt=\"\" width=\"2560\" height=\"1090\" srcset=\"https:\/\/www.puertocdelu.com.ar\/wp-content\/uploads\/2024\/12\/puerto-de-noche-scaled.jpg 2560w, https:\/\/www.puertocdelu.com.ar\/wp-content\/uploads\/2024\/12\/puerto-de-noche-300x128.jpg 300w, https:\/\/www.puertocdelu.com.ar\/wp-content\/uploads\/2024\/12\/puerto-de-noche-1024x436.jpg 1024w, https:\/\/www.puertocdelu.com.ar\/wp-content\/uploads\/2024\/12\/puerto-de-noche-768x327.jpg 768w, https:\/\/www.puertocdelu.com.ar\/wp-content\/uploads\/2024\/12\/puerto-de-noche-1536x654.jpg 1536w, https:\/\/www.puertocdelu.com.ar\/wp-content\/uploads\/2024\/12\/puerto-de-noche-2048x872.jpg 2048w, https:\/\/www.puertocdelu.com.ar\/wp-content\/uploads\/2024\/12\/puerto-de-noche-696x296.jpg 696w, https:\/\/www.puertocdelu.com.ar\/wp-content\/uploads\/2024\/12\/puerto-de-noche-1068x455.jpg 1068w, https:\/\/www.puertocdelu.com.ar\/wp-content\/uploads\/2024\/12\/puerto-de-noche-987x420.jpg 987w\" sizes=\"auto, (max-width: 2560px) 100vw, 2560px\" \/><\/a><\/p>\n<p>Ambos ultramarinos embarcar\u00e1n 18.000 toneladas cada uno de troncos de pino a granel de diferentes montes de cultivo de la Mesopotamia. La operaci\u00f3n estar\u00e1 a cargo de la empresa Urcel Argentina, una de las operadoras instaladas en Concepci\u00f3n del Uruguay, y que est\u00e1 a cargo de la comercializaci\u00f3n, y la log\u00edstica de cosecha, transporte y embarque para la exportaci\u00f3n.<\/p>\n<p>Ambos cargueros realizar\u00e1n una segunda escala en el puerto de Ibicuy, en el sur entrerriano, para embarcar otras 15.000 toneladas adicionales y completar as\u00ed sus bodegas para zarpar, finalmente, rumbo al puerto de Kandla, en la India.<\/p>\n<p>&nbsp;<\/p>\n<p><strong>Cifras crecientes<\/strong><\/p>\n<p>A lo largo del a\u00f1o 2024 el Puerto de Concepci\u00f3n del Uruguay ha diversificado sus cargas, destinos, y tipos de embarque.<\/p>\n<p>A las operaciones provenientes de la industria forestal de la Mesopotamia con destino a China e India, tambi\u00e9n se abri\u00f3 el mercado africano con operaciones a Argelia, y se export\u00f3 harina de soja gen\u00e9ticamente no modificada con destino al mercado europeo.<\/p>\n<p>De igual manera, a los buques de ultramar que llegan habitualmente hasta esta terminal sobre el r\u00edo Uruguay, se sumaron barcazas para el transporte de troncos de eucalipto con destino a la Rep\u00fablica Oriental del Uruguay.<\/p>\n<p>Entre exportaciones, descargas de combustible, removido de arena, y acopio de granos, el Puerto de Concepci\u00f3n del Uruguay ha movilizado m\u00e1s de 530.000 toneladas de cargas en lo que va del a\u00f1o 2024, cifras que no se registraban desde el a\u00f1o 1.999.<\/p>\n","protected":false},"excerpt":{"rendered":"<p>Con la llegada de dos nuevos ultramarinos en las pr\u00f3ximas horas, el puerto de Concepci\u00f3n del Uruguay alcanzar\u00e1 las 370.000 toneladas exportadas en los \u00faltimos 12 meses, confirmando que los puertos p\u00fablicos entrerrianos son la principal puerta de salida al mundo para la industria forestal de la Mesopotamia. Con estas nuevas exportaciones se sumar\u00e1n un [&hellip;]<\/p>\n","protected":false},"author":1,"featured_media":2819,"comment_status":"open","ping_status":"open","sticky":false,"template":"","format":"standard","meta":{"footnotes":""},"categories":[81],"tags":[],"class_list":{"0":"post-2818","1":"post","2":"type-post","3":"status-publish","4":"format-standard","5":"has-post-thumbnail","7":"category-noticias"},"yoast_head":"<!-- This site is optimized with the Yoast SEO plugin v27.4 - https:\/\/yoast.com\/product\/yoast-seo-wordpress\/ -->\n<title>Entre R\u00edos se consolida como un polo exportador para la industria forestal - Puerto de Concepci\u00f3n del Uruguay<\/title>\n<meta name=\"robots\" content=\"index, follow, max-snippet:-1, max-image-preview:large, max-video-preview:-1\" \/>\n<link rel=\"canonical\" href=\"https:\/\/www.puertocdelu.com.ar\/index.php\/2024\/12\/04\/entre-rios-se-consolida-como-un-polo-exportador-para-la-industria-forestal\/\" \/>\n<meta property=\"og:locale\" content=\"es_ES\" \/>\n<meta property=\"og:type\" content=\"article\" \/>\n<meta property=\"og:title\" content=\"Entre R\u00edos se consolida como un polo exportador para la industria forestal - Puerto de Concepci\u00f3n del Uruguay\" \/>\n<meta property=\"og:description\" content=\"Con la llegada de dos nuevos ultramarinos en las pr\u00f3ximas horas, el puerto de Concepci\u00f3n del Uruguay alcanzar\u00e1 las 370.000 toneladas exportadas en los \u00faltimos 12 meses, confirmando que los puertos p\u00fablicos entrerrianos son la principal puerta de salida al mundo para la industria forestal de la Mesopotamia. Con estas nuevas exportaciones se sumar\u00e1n un [&hellip;]\" \/>\n<meta property=\"og:url\" content=\"https:\/\/www.puertocdelu.com.ar\/index.php\/2024\/12\/04\/entre-rios-se-consolida-como-un-polo-exportador-para-la-industria-forestal\/\" \/>\n<meta property=\"og:site_name\" content=\"Puerto de Concepci\u00f3n del Uruguay\" \/>\n<meta property=\"article:published_time\" content=\"2024-12-04T20:54:35+00:00\" \/>\n<meta property=\"og:image\" content=\"https:\/\/www.puertocdelu.com.ar\/wp-content\/uploads\/2024\/12\/carga.jpg\" \/>\n\t<meta property=\"og:image:width\" content=\"1210\" \/>\n\t<meta property=\"og:image:height\" content=\"907\" \/>\n\t<meta property=\"og:image:type\" content=\"image\/jpeg\" \/>\n<meta name=\"author\" content=\"PuertoCdelU\" \/>\n<meta name=\"twitter:card\" content=\"summary_large_image\" \/>\n<meta name=\"twitter:label1\" content=\"Escrito por\" \/>\n\t<meta name=\"twitter:data1\" content=\"PuertoCdelU\" \/>\n\t<meta name=\"twitter:label2\" content=\"Tiempo de lectura\" \/>\n\t<meta name=\"twitter:data2\" content=\"3 minutos\" \/>\n<script type=\"application\/ld+json\" class=\"yoast-schema-graph\">{\"@context\":\"https:\\\/\\\/schema.org\",\"@graph\":[{\"@type\":\"Article\",\"@id\":\"https:\\\/\\\/www.puertocdelu.com.ar\\\/index.php\\\/2024\\\/12\\\/04\\\/entre-rios-se-consolida-como-un-polo-exportador-para-la-industria-forestal\\\/#article\",\"isPartOf\":{\"@id\":\"https:\\\/\\\/www.puertocdelu.com.ar\\\/index.php\\\/2024\\\/12\\\/04\\\/entre-rios-se-consolida-como-un-polo-exportador-para-la-industria-forestal\\\/\"},\"author\":{\"name\":\"PuertoCdelU\",\"@id\":\"https:\\\/\\\/www.puertocdelu.com.ar\\\/#\\\/schema\\\/person\\\/9d258b923b29bd5f47ca80d9c8cd72d1\"},\"headline\":\"Entre R\u00edos se consolida como un polo exportador para la industria forestal\",\"datePublished\":\"2024-12-04T20:54:35+00:00\",\"mainEntityOfPage\":{\"@id\":\"https:\\\/\\\/www.puertocdelu.com.ar\\\/index.php\\\/2024\\\/12\\\/04\\\/entre-rios-se-consolida-como-un-polo-exportador-para-la-industria-forestal\\\/\"},\"wordCount\":524,\"commentCount\":0,\"image\":{\"@id\":\"https:\\\/\\\/www.puertocdelu.com.ar\\\/index.php\\\/2024\\\/12\\\/04\\\/entre-rios-se-consolida-como-un-polo-exportador-para-la-industria-forestal\\\/#primaryimage\"},\"thumbnailUrl\":\"https:\\\/\\\/www.puertocdelu.com.ar\\\/wp-content\\\/uploads\\\/2024\\\/12\\\/carga.jpg\",\"articleSection\":[\"Noticias\"],\"inLanguage\":\"es\",\"potentialAction\":[{\"@type\":\"CommentAction\",\"name\":\"Comment\",\"target\":[\"https:\\\/\\\/www.puertocdelu.com.ar\\\/index.php\\\/2024\\\/12\\\/04\\\/entre-rios-se-consolida-como-un-polo-exportador-para-la-industria-forestal\\\/#respond\"]}]},{\"@type\":\"WebPage\",\"@id\":\"https:\\\/\\\/www.puertocdelu.com.ar\\\/index.php\\\/2024\\\/12\\\/04\\\/entre-rios-se-consolida-como-un-polo-exportador-para-la-industria-forestal\\\/\",\"url\":\"https:\\\/\\\/www.puertocdelu.com.ar\\\/index.php\\\/2024\\\/12\\\/04\\\/entre-rios-se-consolida-como-un-polo-exportador-para-la-industria-forestal\\\/\",\"name\":\"Entre R\u00edos se consolida como un polo exportador para la industria forestal - Puerto de Concepci\u00f3n del Uruguay\",\"isPartOf\":{\"@id\":\"https:\\\/\\\/www.puertocdelu.com.ar\\\/#website\"},\"primaryImageOfPage\":{\"@id\":\"https:\\\/\\\/www.puertocdelu.com.ar\\\/index.php\\\/2024\\\/12\\\/04\\\/entre-rios-se-consolida-como-un-polo-exportador-para-la-industria-forestal\\\/#primaryimage\"},\"image\":{\"@id\":\"https:\\\/\\\/www.puertocdelu.com.ar\\\/index.php\\\/2024\\\/12\\\/04\\\/entre-rios-se-consolida-como-un-polo-exportador-para-la-industria-forestal\\\/#primaryimage\"},\"thumbnailUrl\":\"https:\\\/\\\/www.puertocdelu.com.ar\\\/wp-content\\\/uploads\\\/2024\\\/12\\\/carga.jpg\",\"datePublished\":\"2024-12-04T20:54:35+00:00\",\"author\":{\"@id\":\"https:\\\/\\\/www.puertocdelu.com.ar\\\/#\\\/schema\\\/person\\\/9d258b923b29bd5f47ca80d9c8cd72d1\"},\"breadcrumb\":{\"@id\":\"https:\\\/\\\/www.puertocdelu.com.ar\\\/index.php\\\/2024\\\/12\\\/04\\\/entre-rios-se-consolida-como-un-polo-exportador-para-la-industria-forestal\\\/#breadcrumb\"},\"inLanguage\":\"es\",\"potentialAction\":[{\"@type\":\"ReadAction\",\"target\":[\"https:\\\/\\\/www.puertocdelu.com.ar\\\/index.php\\\/2024\\\/12\\\/04\\\/entre-rios-se-consolida-como-un-polo-exportador-para-la-industria-forestal\\\/\"]}]},{\"@type\":\"ImageObject\",\"inLanguage\":\"es\",\"@id\":\"https:\\\/\\\/www.puertocdelu.com.ar\\\/index.php\\\/2024\\\/12\\\/04\\\/entre-rios-se-consolida-como-un-polo-exportador-para-la-industria-forestal\\\/#primaryimage\",\"url\":\"https:\\\/\\\/www.puertocdelu.com.ar\\\/wp-content\\\/uploads\\\/2024\\\/12\\\/carga.jpg\",\"contentUrl\":\"https:\\\/\\\/www.puertocdelu.com.ar\\\/wp-content\\\/uploads\\\/2024\\\/12\\\/carga.jpg\",\"width\":1210,\"height\":907},{\"@type\":\"BreadcrumbList\",\"@id\":\"https:\\\/\\\/www.puertocdelu.com.ar\\\/index.php\\\/2024\\\/12\\\/04\\\/entre-rios-se-consolida-como-un-polo-exportador-para-la-industria-forestal\\\/#breadcrumb\",\"itemListElement\":[{\"@type\":\"ListItem\",\"position\":1,\"name\":\"Portada\",\"item\":\"https:\\\/\\\/www.puertocdelu.com.ar\\\/\"},{\"@type\":\"ListItem\",\"position\":2,\"name\":\"Entre R\u00edos se consolida como un polo exportador para la industria forestal\"}]},{\"@type\":\"WebSite\",\"@id\":\"https:\\\/\\\/www.puertocdelu.com.ar\\\/#website\",\"url\":\"https:\\\/\\\/www.puertocdelu.com.ar\\\/\",\"name\":\"Puerto de Concepci\u00f3n del Uruguay\",\"description\":\"\",\"potentialAction\":[{\"@type\":\"SearchAction\",\"target\":{\"@type\":\"EntryPoint\",\"urlTemplate\":\"https:\\\/\\\/www.puertocdelu.com.ar\\\/?s={search_term_string}\"},\"query-input\":{\"@type\":\"PropertyValueSpecification\",\"valueRequired\":true,\"valueName\":\"search_term_string\"}}],\"inLanguage\":\"es\"},{\"@type\":\"Person\",\"@id\":\"https:\\\/\\\/www.puertocdelu.com.ar\\\/#\\\/schema\\\/person\\\/9d258b923b29bd5f47ca80d9c8cd72d1\",\"name\":\"PuertoCdelU\",\"image\":{\"@type\":\"ImageObject\",\"inLanguage\":\"es\",\"@id\":\"https:\\\/\\\/secure.gravatar.com\\\/avatar\\\/99e38dea1727d397df18aced5ac6840012bb7f24c8570dcfafabb73086aed88c?s=96&d=mm&r=g\",\"url\":\"https:\\\/\\\/secure.gravatar.com\\\/avatar\\\/99e38dea1727d397df18aced5ac6840012bb7f24c8570dcfafabb73086aed88c?s=96&d=mm&r=g\",\"contentUrl\":\"https:\\\/\\\/secure.gravatar.com\\\/avatar\\\/99e38dea1727d397df18aced5ac6840012bb7f24c8570dcfafabb73086aed88c?s=96&d=mm&r=g\",\"caption\":\"PuertoCdelU\"},\"url\":\"https:\\\/\\\/www.puertocdelu.com.ar\\\/index.php\\\/author\\\/hectordelos1\\\/\"}]}<\/script>\n<!-- \/ Yoast SEO plugin. -->","yoast_head_json":{"title":"Entre R\u00edos se consolida como un polo exportador para la industria forestal - Puerto de Concepci\u00f3n del Uruguay","robots":{"index":"index","follow":"follow","max-snippet":"max-snippet:-1","max-image-preview":"max-image-preview:large","max-video-preview":"max-video-preview:-1"},"canonical":"https:\/\/www.puertocdelu.com.ar\/index.php\/2024\/12\/04\/entre-rios-se-consolida-como-un-polo-exportador-para-la-industria-forestal\/","og_locale":"es_ES","og_type":"article","og_title":"Entre R\u00edos se consolida como un polo exportador para la industria forestal - Puerto de Concepci\u00f3n del Uruguay","og_description":"Con la llegada de dos nuevos ultramarinos en las pr\u00f3ximas horas, el puerto de Concepci\u00f3n del Uruguay alcanzar\u00e1 las 370.000 toneladas exportadas en los \u00faltimos 12 meses, confirmando que los puertos p\u00fablicos entrerrianos son la principal puerta de salida al mundo para la industria forestal de la Mesopotamia. Con estas nuevas exportaciones se sumar\u00e1n un [&hellip;]","og_url":"https:\/\/www.puertocdelu.com.ar\/index.php\/2024\/12\/04\/entre-rios-se-consolida-como-un-polo-exportador-para-la-industria-forestal\/","og_site_name":"Puerto de Concepci\u00f3n del Uruguay","article_published_time":"2024-12-04T20:54:35+00:00","og_image":[{"width":1210,"height":907,"url":"https:\/\/www.puertocdelu.com.ar\/wp-content\/uploads\/2024\/12\/carga.jpg","type":"image\/jpeg"}],"author":"PuertoCdelU","twitter_card":"summary_large_image","twitter_misc":{"Escrito por":"PuertoCdelU","Tiempo de lectura":"3 minutos"},"schema":{"@context":"https:\/\/schema.org","@graph":[{"@type":"Article","@id":"https:\/\/www.puertocdelu.com.ar\/index.php\/2024\/12\/04\/entre-rios-se-consolida-como-un-polo-exportador-para-la-industria-forestal\/#article","isPartOf":{"@id":"https:\/\/www.puertocdelu.com.ar\/index.php\/2024\/12\/04\/entre-rios-se-consolida-como-un-polo-exportador-para-la-industria-forestal\/"},"author":{"name":"PuertoCdelU","@id":"https:\/\/www.puertocdelu.com.ar\/#\/schema\/person\/9d258b923b29bd5f47ca80d9c8cd72d1"},"headline":"Entre R\u00edos se consolida como un polo exportador para la industria forestal","datePublished":"2024-12-04T20:54:35+00:00","mainEntityOfPage":{"@id":"https:\/\/www.puertocdelu.com.ar\/index.php\/2024\/12\/04\/entre-rios-se-consolida-como-un-polo-exportador-para-la-industria-forestal\/"},"wordCount":524,"commentCount":0,"image":{"@id":"https:\/\/www.puertocdelu.com.ar\/index.php\/2024\/12\/04\/entre-rios-se-consolida-como-un-polo-exportador-para-la-industria-forestal\/#primaryimage"},"thumbnailUrl":"https:\/\/www.puertocdelu.com.ar\/wp-content\/uploads\/2024\/12\/carga.jpg","articleSection":["Noticias"],"inLanguage":"es","potentialAction":[{"@type":"CommentAction","name":"Comment","target":["https:\/\/www.puertocdelu.com.ar\/index.php\/2024\/12\/04\/entre-rios-se-consolida-como-un-polo-exportador-para-la-industria-forestal\/#respond"]}]},{"@type":"WebPage","@id":"https:\/\/www.puertocdelu.com.ar\/index.php\/2024\/12\/04\/entre-rios-se-consolida-como-un-polo-exportador-para-la-industria-forestal\/","url":"https:\/\/www.puertocdelu.com.ar\/index.php\/2024\/12\/04\/entre-rios-se-consolida-como-un-polo-exportador-para-la-industria-forestal\/","name":"Entre R\u00edos se consolida como un polo exportador para la industria forestal - Puerto de Concepci\u00f3n del Uruguay","isPartOf":{"@id":"https:\/\/www.puertocdelu.com.ar\/#website"},"primaryImageOfPage":{"@id":"https:\/\/www.puertocdelu.com.ar\/index.php\/2024\/12\/04\/entre-rios-se-consolida-como-un-polo-exportador-para-la-industria-forestal\/#primaryimage"},"image":{"@id":"https:\/\/www.puertocdelu.com.ar\/index.php\/2024\/12\/04\/entre-rios-se-consolida-como-un-polo-exportador-para-la-industria-forestal\/#primaryimage"},"thumbnailUrl":"https:\/\/www.puertocdelu.com.ar\/wp-content\/uploads\/2024\/12\/carga.jpg","datePublished":"2024-12-04T20:54:35+00:00","author":{"@id":"https:\/\/www.puertocdelu.com.ar\/#\/schema\/person\/9d258b923b29bd5f47ca80d9c8cd72d1"},"breadcrumb":{"@id":"https:\/\/www.puertocdelu.com.ar\/index.php\/2024\/12\/04\/entre-rios-se-consolida-como-un-polo-exportador-para-la-industria-forestal\/#breadcrumb"},"inLanguage":"es","potentialAction":[{"@type":"ReadAction","target":["https:\/\/www.puertocdelu.com.ar\/index.php\/2024\/12\/04\/entre-rios-se-consolida-como-un-polo-exportador-para-la-industria-forestal\/"]}]},{"@type":"ImageObject","inLanguage":"es","@id":"https:\/\/www.puertocdelu.com.ar\/index.php\/2024\/12\/04\/entre-rios-se-consolida-como-un-polo-exportador-para-la-industria-forestal\/#primaryimage","url":"https:\/\/www.puertocdelu.com.ar\/wp-content\/uploads\/2024\/12\/carga.jpg","contentUrl":"https:\/\/www.puertocdelu.com.ar\/wp-content\/uploads\/2024\/12\/carga.jpg","width":1210,"height":907},{"@type":"BreadcrumbList","@id":"https:\/\/www.puertocdelu.com.ar\/index.php\/2024\/12\/04\/entre-rios-se-consolida-como-un-polo-exportador-para-la-industria-forestal\/#breadcrumb","itemListElement":[{"@type":"ListItem","position":1,"name":"Portada","item":"https:\/\/www.puertocdelu.com.ar\/"},{"@type":"ListItem","position":2,"name":"Entre R\u00edos se consolida como un polo exportador para la industria forestal"}]},{"@type":"WebSite","@id":"https:\/\/www.puertocdelu.com.ar\/#website","url":"https:\/\/www.puertocdelu.com.ar\/","name":"Puerto de Concepci\u00f3n del Uruguay","description":"","potentialAction":[{"@type":"SearchAction","target":{"@type":"EntryPoint","urlTemplate":"https:\/\/www.puertocdelu.com.ar\/?s={search_term_string}"},"query-input":{"@type":"PropertyValueSpecification","valueRequired":true,"valueName":"search_term_string"}}],"inLanguage":"es"},{"@type":"Person","@id":"https:\/\/www.puertocdelu.com.ar\/#\/schema\/person\/9d258b923b29bd5f47ca80d9c8cd72d1","name":"PuertoCdelU","image":{"@type":"ImageObject","inLanguage":"es","@id":"https:\/\/secure.gravatar.com\/avatar\/99e38dea1727d397df18aced5ac6840012bb7f24c8570dcfafabb73086aed88c?s=96&d=mm&r=g","url":"https:\/\/secure.gravatar.com\/avatar\/99e38dea1727d397df18aced5ac6840012bb7f24c8570dcfafabb73086aed88c?s=96&d=mm&r=g","contentUrl":"https:\/\/secure.gravatar.com\/avatar\/99e38dea1727d397df18aced5ac6840012bb7f24c8570dcfafabb73086aed88c?s=96&d=mm&r=g","caption":"PuertoCdelU"},"url":"https:\/\/www.puertocdelu.com.ar\/index.php\/author\/hectordelos1\/"}]}},"_links":{"self":[{"href":"https:\/\/www.puertocdelu.com.ar\/index.php\/wp-json\/wp\/v2\/posts\/2818","targetHints":{"allow":["GET"]}}],"collection":[{"href":"https:\/\/www.puertocdelu.com.ar\/index.php\/wp-json\/wp\/v2\/posts"}],"about":[{"href":"https:\/\/www.puertocdelu.com.ar\/index.php\/wp-json\/wp\/v2\/types\/post"}],"author":[{"embeddable":true,"href":"https:\/\/www.puertocdelu.com.ar\/index.php\/wp-json\/wp\/v2\/users\/1"}],"replies":[{"embeddable":true,"href":"https:\/\/www.puertocdelu.com.ar\/index.php\/wp-json\/wp\/v2\/comments?post=2818"}],"version-history":[{"count":1,"href":"https:\/\/www.puertocdelu.com.ar\/index.php\/wp-json\/wp\/v2\/posts\/2818\/revisions"}],"predecessor-version":[{"id":2821,"href":"https:\/\/www.puertocdelu.com.ar\/index.php\/wp-json\/wp\/v2\/posts\/2818\/revisions\/2821"}],"wp:featuredmedia":[{"embeddable":true,"href":"https:\/\/www.puertocdelu.com.ar\/index.php\/wp-json\/wp\/v2\/media\/2819"}],"wp:attachment":[{"href":"https:\/\/www.puertocdelu.com.ar\/index.php\/wp-json\/wp\/v2\/media?parent=2818"}],"wp:term":[{"taxonomy":"category","embeddable":true,"href":"https:\/\/www.puertocdelu.com.ar\/index.php\/wp-json\/wp\/v2\/categories?post=2818"},{"taxonomy":"post_tag","embeddable":true,"href":"https:\/\/www.puertocdelu.com.ar\/index.php\/wp-json\/wp\/v2\/tags?post=2818"}],"curies":[{"name":"wp","href":"https:\/\/api.w.org\/{rel}","templated":true}]}}