{"id":2893,"date":"2025-09-05T21:59:32","date_gmt":"2025-09-05T21:59:32","guid":{"rendered":"https:\/\/www.puertocdelu.com.ar\/?p=2893"},"modified":"2025-09-05T21:59:32","modified_gmt":"2025-09-05T21:59:32","slug":"el-puerto-completo-una-nueva-exportacion-a-la-india","status":"publish","type":"post","link":"https:\/\/www.puertocdelu.com.ar\/index.php\/2025\/09\/05\/el-puerto-completo-una-nueva-exportacion-a-la-india\/","title":{"rendered":"El Puerto complet\u00f3 una nueva exportaci\u00f3n a la India"},"content":{"rendered":"<p>Contin\u00faan las exportaciones desde el puerto de Concepci\u00f3n del Uruguay. Este viernes zarp\u00f3 el ultramarino Daiwan Leader con casi 21.000 toneladas de troncos de pino y eucalipto a granel. La operaci\u00f3n realizada mostro muy buenos tiempos de carga pese a la lluvia y el fr\u00edo de las \u00faltimas horas.<\/p>\n<p>El buque ingres\u00f3 el martes 2 de septiembre por la ma\u00f1ana, comenz\u00f3 a cargar a las 14 de esa misma jornada, y en poco m\u00e1s de 60 horas se hab\u00edan embarcado 20.800 toneladas con un ritmo sincronizado para la descarga de unos 700 camiones que circularon durante estos tres d\u00edas por la zona portuaria.<\/p>\n<p>La encargada de la log\u00edstica para el transporte, la carga, y la exportaci\u00f3n de este embarque fue la empresa Urcel Argentina.<\/p>\n<p>El Daiwan Leader zarp\u00f3 en las primeras horas de este viernes 5 de septiembre rumbo al puerto de Ibicuy, donde completar\u00e1 sus bodegas con unas 13.000 toneladas adicionales de madera.<\/p>\n<p>El destino de este buque es el puerto de Kandla, en la India.<\/p>\n","protected":false},"excerpt":{"rendered":"<p>Contin\u00faan las exportaciones desde el puerto de Concepci\u00f3n del Uruguay. Este viernes zarp\u00f3 el ultramarino Daiwan Leader con casi 21.000 toneladas de troncos de pino y eucalipto a granel. La operaci\u00f3n realizada mostro muy buenos tiempos de carga pese a la lluvia y el fr\u00edo de las \u00faltimas horas. El buque ingres\u00f3 el martes 2 [&hellip;]<\/p>\n","protected":false},"author":1,"featured_media":2894,"comment_status":"open","ping_status":"open","sticky":false,"template":"","format":"standard","meta":{"footnotes":""},"categories":[81],"tags":[],"class_list":{"0":"post-2893","1":"post","2":"type-post","3":"status-publish","4":"format-standard","5":"has-post-thumbnail","7":"category-noticias"},"yoast_head":"<!-- This site is optimized with the Yoast SEO plugin v27.4 - https:\/\/yoast.com\/product\/yoast-seo-wordpress\/ -->\n<title>El Puerto complet\u00f3 una nueva exportaci\u00f3n a la India - Puerto de Concepci\u00f3n del Uruguay<\/title>\n<meta name=\"robots\" content=\"index, follow, max-snippet:-1, max-image-preview:large, max-video-preview:-1\" \/>\n<link rel=\"canonical\" href=\"https:\/\/www.puertocdelu.com.ar\/index.php\/2025\/09\/05\/el-puerto-completo-una-nueva-exportacion-a-la-india\/\" \/>\n<meta property=\"og:locale\" content=\"es_ES\" \/>\n<meta property=\"og:type\" content=\"article\" \/>\n<meta property=\"og:title\" content=\"El Puerto complet\u00f3 una nueva exportaci\u00f3n a la India - Puerto de Concepci\u00f3n del Uruguay\" \/>\n<meta property=\"og:description\" content=\"Contin\u00faan las exportaciones desde el puerto de Concepci\u00f3n del Uruguay. Este viernes zarp\u00f3 el ultramarino Daiwan Leader con casi 21.000 toneladas de troncos de pino y eucalipto a granel. La operaci\u00f3n realizada mostro muy buenos tiempos de carga pese a la lluvia y el fr\u00edo de las \u00faltimas horas. El buque ingres\u00f3 el martes 2 [&hellip;]\" \/>\n<meta property=\"og:url\" content=\"https:\/\/www.puertocdelu.com.ar\/index.php\/2025\/09\/05\/el-puerto-completo-una-nueva-exportacion-a-la-india\/\" \/>\n<meta property=\"og:site_name\" content=\"Puerto de Concepci\u00f3n del Uruguay\" \/>\n<meta property=\"article:published_time\" content=\"2025-09-05T21:59:32+00:00\" \/>\n<meta property=\"og:image\" content=\"https:\/\/www.puertocdelu.com.ar\/wp-content\/uploads\/2025\/09\/daiwan-leader01.jpg\" \/>\n\t<meta property=\"og:image:width\" content=\"1799\" \/>\n\t<meta property=\"og:image:height\" content=\"1012\" \/>\n\t<meta property=\"og:image:type\" content=\"image\/jpeg\" \/>\n<meta name=\"author\" content=\"PuertoCdelU\" \/>\n<meta name=\"twitter:card\" content=\"summary_large_image\" \/>\n<meta name=\"twitter:label1\" content=\"Escrito por\" \/>\n\t<meta name=\"twitter:data1\" content=\"PuertoCdelU\" \/>\n\t<meta name=\"twitter:label2\" content=\"Tiempo de lectura\" \/>\n\t<meta name=\"twitter:data2\" content=\"1 minuto\" \/>\n<script type=\"application\/ld+json\" class=\"yoast-schema-graph\">{\"@context\":\"https:\\\/\\\/schema.org\",\"@graph\":[{\"@type\":\"Article\",\"@id\":\"https:\\\/\\\/www.puertocdelu.com.ar\\\/index.php\\\/2025\\\/09\\\/05\\\/el-puerto-completo-una-nueva-exportacion-a-la-india\\\/#article\",\"isPartOf\":{\"@id\":\"https:\\\/\\\/www.puertocdelu.com.ar\\\/index.php\\\/2025\\\/09\\\/05\\\/el-puerto-completo-una-nueva-exportacion-a-la-india\\\/\"},\"author\":{\"name\":\"PuertoCdelU\",\"@id\":\"https:\\\/\\\/www.puertocdelu.com.ar\\\/#\\\/schema\\\/person\\\/9d258b923b29bd5f47ca80d9c8cd72d1\"},\"headline\":\"El Puerto complet\u00f3 una nueva exportaci\u00f3n a la India\",\"datePublished\":\"2025-09-05T21:59:32+00:00\",\"mainEntityOfPage\":{\"@id\":\"https:\\\/\\\/www.puertocdelu.com.ar\\\/index.php\\\/2025\\\/09\\\/05\\\/el-puerto-completo-una-nueva-exportacion-a-la-india\\\/\"},\"wordCount\":179,\"commentCount\":0,\"image\":{\"@id\":\"https:\\\/\\\/www.puertocdelu.com.ar\\\/index.php\\\/2025\\\/09\\\/05\\\/el-puerto-completo-una-nueva-exportacion-a-la-india\\\/#primaryimage\"},\"thumbnailUrl\":\"https:\\\/\\\/www.puertocdelu.com.ar\\\/wp-content\\\/uploads\\\/2025\\\/09\\\/daiwan-leader01.jpg\",\"articleSection\":[\"Noticias\"],\"inLanguage\":\"es\",\"potentialAction\":[{\"@type\":\"CommentAction\",\"name\":\"Comment\",\"target\":[\"https:\\\/\\\/www.puertocdelu.com.ar\\\/index.php\\\/2025\\\/09\\\/05\\\/el-puerto-completo-una-nueva-exportacion-a-la-india\\\/#respond\"]}]},{\"@type\":\"WebPage\",\"@id\":\"https:\\\/\\\/www.puertocdelu.com.ar\\\/index.php\\\/2025\\\/09\\\/05\\\/el-puerto-completo-una-nueva-exportacion-a-la-india\\\/\",\"url\":\"https:\\\/\\\/www.puertocdelu.com.ar\\\/index.php\\\/2025\\\/09\\\/05\\\/el-puerto-completo-una-nueva-exportacion-a-la-india\\\/\",\"name\":\"El Puerto complet\u00f3 una nueva exportaci\u00f3n a la India - Puerto de Concepci\u00f3n del Uruguay\",\"isPartOf\":{\"@id\":\"https:\\\/\\\/www.puertocdelu.com.ar\\\/#website\"},\"primaryImageOfPage\":{\"@id\":\"https:\\\/\\\/www.puertocdelu.com.ar\\\/index.php\\\/2025\\\/09\\\/05\\\/el-puerto-completo-una-nueva-exportacion-a-la-india\\\/#primaryimage\"},\"image\":{\"@id\":\"https:\\\/\\\/www.puertocdelu.com.ar\\\/index.php\\\/2025\\\/09\\\/05\\\/el-puerto-completo-una-nueva-exportacion-a-la-india\\\/#primaryimage\"},\"thumbnailUrl\":\"https:\\\/\\\/www.puertocdelu.com.ar\\\/wp-content\\\/uploads\\\/2025\\\/09\\\/daiwan-leader01.jpg\",\"datePublished\":\"2025-09-05T21:59:32+00:00\",\"author\":{\"@id\":\"https:\\\/\\\/www.puertocdelu.com.ar\\\/#\\\/schema\\\/person\\\/9d258b923b29bd5f47ca80d9c8cd72d1\"},\"breadcrumb\":{\"@id\":\"https:\\\/\\\/www.puertocdelu.com.ar\\\/index.php\\\/2025\\\/09\\\/05\\\/el-puerto-completo-una-nueva-exportacion-a-la-india\\\/#breadcrumb\"},\"inLanguage\":\"es\",\"potentialAction\":[{\"@type\":\"ReadAction\",\"target\":[\"https:\\\/\\\/www.puertocdelu.com.ar\\\/index.php\\\/2025\\\/09\\\/05\\\/el-puerto-completo-una-nueva-exportacion-a-la-india\\\/\"]}]},{\"@type\":\"ImageObject\",\"inLanguage\":\"es\",\"@id\":\"https:\\\/\\\/www.puertocdelu.com.ar\\\/index.php\\\/2025\\\/09\\\/05\\\/el-puerto-completo-una-nueva-exportacion-a-la-india\\\/#primaryimage\",\"url\":\"https:\\\/\\\/www.puertocdelu.com.ar\\\/wp-content\\\/uploads\\\/2025\\\/09\\\/daiwan-leader01.jpg\",\"contentUrl\":\"https:\\\/\\\/www.puertocdelu.com.ar\\\/wp-content\\\/uploads\\\/2025\\\/09\\\/daiwan-leader01.jpg\",\"width\":1799,\"height\":1012,\"caption\":\"default\"},{\"@type\":\"BreadcrumbList\",\"@id\":\"https:\\\/\\\/www.puertocdelu.com.ar\\\/index.php\\\/2025\\\/09\\\/05\\\/el-puerto-completo-una-nueva-exportacion-a-la-india\\\/#breadcrumb\",\"itemListElement\":[{\"@type\":\"ListItem\",\"position\":1,\"name\":\"Portada\",\"item\":\"https:\\\/\\\/www.puertocdelu.com.ar\\\/\"},{\"@type\":\"ListItem\",\"position\":2,\"name\":\"El Puerto complet\u00f3 una nueva exportaci\u00f3n a la India\"}]},{\"@type\":\"WebSite\",\"@id\":\"https:\\\/\\\/www.puertocdelu.com.ar\\\/#website\",\"url\":\"https:\\\/\\\/www.puertocdelu.com.ar\\\/\",\"name\":\"Puerto de Concepci\u00f3n del Uruguay\",\"description\":\"\",\"potentialAction\":[{\"@type\":\"SearchAction\",\"target\":{\"@type\":\"EntryPoint\",\"urlTemplate\":\"https:\\\/\\\/www.puertocdelu.com.ar\\\/?s={search_term_string}\"},\"query-input\":{\"@type\":\"PropertyValueSpecification\",\"valueRequired\":true,\"valueName\":\"search_term_string\"}}],\"inLanguage\":\"es\"},{\"@type\":\"Person\",\"@id\":\"https:\\\/\\\/www.puertocdelu.com.ar\\\/#\\\/schema\\\/person\\\/9d258b923b29bd5f47ca80d9c8cd72d1\",\"name\":\"PuertoCdelU\",\"image\":{\"@type\":\"ImageObject\",\"inLanguage\":\"es\",\"@id\":\"https:\\\/\\\/secure.gravatar.com\\\/avatar\\\/99e38dea1727d397df18aced5ac6840012bb7f24c8570dcfafabb73086aed88c?s=96&d=mm&r=g\",\"url\":\"https:\\\/\\\/secure.gravatar.com\\\/avatar\\\/99e38dea1727d397df18aced5ac6840012bb7f24c8570dcfafabb73086aed88c?s=96&d=mm&r=g\",\"contentUrl\":\"https:\\\/\\\/secure.gravatar.com\\\/avatar\\\/99e38dea1727d397df18aced5ac6840012bb7f24c8570dcfafabb73086aed88c?s=96&d=mm&r=g\",\"caption\":\"PuertoCdelU\"},\"url\":\"https:\\\/\\\/www.puertocdelu.com.ar\\\/index.php\\\/author\\\/hectordelos1\\\/\"}]}<\/script>\n<!-- \/ Yoast SEO plugin. -->","yoast_head_json":{"title":"El Puerto complet\u00f3 una nueva exportaci\u00f3n a la India - Puerto de Concepci\u00f3n del Uruguay","robots":{"index":"index","follow":"follow","max-snippet":"max-snippet:-1","max-image-preview":"max-image-preview:large","max-video-preview":"max-video-preview:-1"},"canonical":"https:\/\/www.puertocdelu.com.ar\/index.php\/2025\/09\/05\/el-puerto-completo-una-nueva-exportacion-a-la-india\/","og_locale":"es_ES","og_type":"article","og_title":"El Puerto complet\u00f3 una nueva exportaci\u00f3n a la India - Puerto de Concepci\u00f3n del Uruguay","og_description":"Contin\u00faan las exportaciones desde el puerto de Concepci\u00f3n del Uruguay. Este viernes zarp\u00f3 el ultramarino Daiwan Leader con casi 21.000 toneladas de troncos de pino y eucalipto a granel. La operaci\u00f3n realizada mostro muy buenos tiempos de carga pese a la lluvia y el fr\u00edo de las \u00faltimas horas. El buque ingres\u00f3 el martes 2 [&hellip;]","og_url":"https:\/\/www.puertocdelu.com.ar\/index.php\/2025\/09\/05\/el-puerto-completo-una-nueva-exportacion-a-la-india\/","og_site_name":"Puerto de Concepci\u00f3n del Uruguay","article_published_time":"2025-09-05T21:59:32+00:00","og_image":[{"width":1799,"height":1012,"url":"https:\/\/www.puertocdelu.com.ar\/wp-content\/uploads\/2025\/09\/daiwan-leader01.jpg","type":"image\/jpeg"}],"author":"PuertoCdelU","twitter_card":"summary_large_image","twitter_misc":{"Escrito por":"PuertoCdelU","Tiempo de lectura":"1 minuto"},"schema":{"@context":"https:\/\/schema.org","@graph":[{"@type":"Article","@id":"https:\/\/www.puertocdelu.com.ar\/index.php\/2025\/09\/05\/el-puerto-completo-una-nueva-exportacion-a-la-india\/#article","isPartOf":{"@id":"https:\/\/www.puertocdelu.com.ar\/index.php\/2025\/09\/05\/el-puerto-completo-una-nueva-exportacion-a-la-india\/"},"author":{"name":"PuertoCdelU","@id":"https:\/\/www.puertocdelu.com.ar\/#\/schema\/person\/9d258b923b29bd5f47ca80d9c8cd72d1"},"headline":"El Puerto complet\u00f3 una nueva exportaci\u00f3n a la India","datePublished":"2025-09-05T21:59:32+00:00","mainEntityOfPage":{"@id":"https:\/\/www.puertocdelu.com.ar\/index.php\/2025\/09\/05\/el-puerto-completo-una-nueva-exportacion-a-la-india\/"},"wordCount":179,"commentCount":0,"image":{"@id":"https:\/\/www.puertocdelu.com.ar\/index.php\/2025\/09\/05\/el-puerto-completo-una-nueva-exportacion-a-la-india\/#primaryimage"},"thumbnailUrl":"https:\/\/www.puertocdelu.com.ar\/wp-content\/uploads\/2025\/09\/daiwan-leader01.jpg","articleSection":["Noticias"],"inLanguage":"es","potentialAction":[{"@type":"CommentAction","name":"Comment","target":["https:\/\/www.puertocdelu.com.ar\/index.php\/2025\/09\/05\/el-puerto-completo-una-nueva-exportacion-a-la-india\/#respond"]}]},{"@type":"WebPage","@id":"https:\/\/www.puertocdelu.com.ar\/index.php\/2025\/09\/05\/el-puerto-completo-una-nueva-exportacion-a-la-india\/","url":"https:\/\/www.puertocdelu.com.ar\/index.php\/2025\/09\/05\/el-puerto-completo-una-nueva-exportacion-a-la-india\/","name":"El Puerto complet\u00f3 una nueva exportaci\u00f3n a la India - Puerto de Concepci\u00f3n del Uruguay","isPartOf":{"@id":"https:\/\/www.puertocdelu.com.ar\/#website"},"primaryImageOfPage":{"@id":"https:\/\/www.puertocdelu.com.ar\/index.php\/2025\/09\/05\/el-puerto-completo-una-nueva-exportacion-a-la-india\/#primaryimage"},"image":{"@id":"https:\/\/www.puertocdelu.com.ar\/index.php\/2025\/09\/05\/el-puerto-completo-una-nueva-exportacion-a-la-india\/#primaryimage"},"thumbnailUrl":"https:\/\/www.puertocdelu.com.ar\/wp-content\/uploads\/2025\/09\/daiwan-leader01.jpg","datePublished":"2025-09-05T21:59:32+00:00","author":{"@id":"https:\/\/www.puertocdelu.com.ar\/#\/schema\/person\/9d258b923b29bd5f47ca80d9c8cd72d1"},"breadcrumb":{"@id":"https:\/\/www.puertocdelu.com.ar\/index.php\/2025\/09\/05\/el-puerto-completo-una-nueva-exportacion-a-la-india\/#breadcrumb"},"inLanguage":"es","potentialAction":[{"@type":"ReadAction","target":["https:\/\/www.puertocdelu.com.ar\/index.php\/2025\/09\/05\/el-puerto-completo-una-nueva-exportacion-a-la-india\/"]}]},{"@type":"ImageObject","inLanguage":"es","@id":"https:\/\/www.puertocdelu.com.ar\/index.php\/2025\/09\/05\/el-puerto-completo-una-nueva-exportacion-a-la-india\/#primaryimage","url":"https:\/\/www.puertocdelu.com.ar\/wp-content\/uploads\/2025\/09\/daiwan-leader01.jpg","contentUrl":"https:\/\/www.puertocdelu.com.ar\/wp-content\/uploads\/2025\/09\/daiwan-leader01.jpg","width":1799,"height":1012,"caption":"default"},{"@type":"BreadcrumbList","@id":"https:\/\/www.puertocdelu.com.ar\/index.php\/2025\/09\/05\/el-puerto-completo-una-nueva-exportacion-a-la-india\/#breadcrumb","itemListElement":[{"@type":"ListItem","position":1,"name":"Portada","item":"https:\/\/www.puertocdelu.com.ar\/"},{"@type":"ListItem","position":2,"name":"El Puerto complet\u00f3 una nueva exportaci\u00f3n a la India"}]},{"@type":"WebSite","@id":"https:\/\/www.puertocdelu.com.ar\/#website","url":"https:\/\/www.puertocdelu.com.ar\/","name":"Puerto de Concepci\u00f3n del Uruguay","description":"","potentialAction":[{"@type":"SearchAction","target":{"@type":"EntryPoint","urlTemplate":"https:\/\/www.puertocdelu.com.ar\/?s={search_term_string}"},"query-input":{"@type":"PropertyValueSpecification","valueRequired":true,"valueName":"search_term_string"}}],"inLanguage":"es"},{"@type":"Person","@id":"https:\/\/www.puertocdelu.com.ar\/#\/schema\/person\/9d258b923b29bd5f47ca80d9c8cd72d1","name":"PuertoCdelU","image":{"@type":"ImageObject","inLanguage":"es","@id":"https:\/\/secure.gravatar.com\/avatar\/99e38dea1727d397df18aced5ac6840012bb7f24c8570dcfafabb73086aed88c?s=96&d=mm&r=g","url":"https:\/\/secure.gravatar.com\/avatar\/99e38dea1727d397df18aced5ac6840012bb7f24c8570dcfafabb73086aed88c?s=96&d=mm&r=g","contentUrl":"https:\/\/secure.gravatar.com\/avatar\/99e38dea1727d397df18aced5ac6840012bb7f24c8570dcfafabb73086aed88c?s=96&d=mm&r=g","caption":"PuertoCdelU"},"url":"https:\/\/www.puertocdelu.com.ar\/index.php\/author\/hectordelos1\/"}]}},"_links":{"self":[{"href":"https:\/\/www.puertocdelu.com.ar\/index.php\/wp-json\/wp\/v2\/posts\/2893","targetHints":{"allow":["GET"]}}],"collection":[{"href":"https:\/\/www.puertocdelu.com.ar\/index.php\/wp-json\/wp\/v2\/posts"}],"about":[{"href":"https:\/\/www.puertocdelu.com.ar\/index.php\/wp-json\/wp\/v2\/types\/post"}],"author":[{"embeddable":true,"href":"https:\/\/www.puertocdelu.com.ar\/index.php\/wp-json\/wp\/v2\/users\/1"}],"replies":[{"embeddable":true,"href":"https:\/\/www.puertocdelu.com.ar\/index.php\/wp-json\/wp\/v2\/comments?post=2893"}],"version-history":[{"count":1,"href":"https:\/\/www.puertocdelu.com.ar\/index.php\/wp-json\/wp\/v2\/posts\/2893\/revisions"}],"predecessor-version":[{"id":2895,"href":"https:\/\/www.puertocdelu.com.ar\/index.php\/wp-json\/wp\/v2\/posts\/2893\/revisions\/2895"}],"wp:featuredmedia":[{"embeddable":true,"href":"https:\/\/www.puertocdelu.com.ar\/index.php\/wp-json\/wp\/v2\/media\/2894"}],"wp:attachment":[{"href":"https:\/\/www.puertocdelu.com.ar\/index.php\/wp-json\/wp\/v2\/media?parent=2893"}],"wp:term":[{"taxonomy":"category","embeddable":true,"href":"https:\/\/www.puertocdelu.com.ar\/index.php\/wp-json\/wp\/v2\/categories?post=2893"},{"taxonomy":"post_tag","embeddable":true,"href":"https:\/\/www.puertocdelu.com.ar\/index.php\/wp-json\/wp\/v2\/tags?post=2893"}],"curies":[{"name":"wp","href":"https:\/\/api.w.org\/{rel}","templated":true}]}}