{"id":2926,"date":"2026-01-23T15:05:25","date_gmt":"2026-01-23T15:05:25","guid":{"rendered":"https:\/\/www.puertocdelu.com.ar\/?p=2926"},"modified":"2026-01-23T15:05:25","modified_gmt":"2026-01-23T15:05:25","slug":"se-realizan-tareas-de-mantenimiento-del-dragado-en-el-rio-uruguay","status":"publish","type":"post","link":"https:\/\/www.puertocdelu.com.ar\/index.php\/2026\/01\/23\/se-realizan-tareas-de-mantenimiento-del-dragado-en-el-rio-uruguay\/","title":{"rendered":"Se realizan tareas de mantenimiento del dragado en el r\u00edo Uruguay"},"content":{"rendered":"<p>La Comisi\u00f3n Administradora del R\u00edo Uruguay (CARU), a trav\u00e9s de la empresa belga Jan De Nul y en el marco del contrato adjudicado mediante licitaci\u00f3n p\u00fablica internacional, se encuentra ejecutando tareas de mantenimiento del dragado con el objetivo de garantizar la navegaci\u00f3n segura en el r\u00edo Uruguay, frente a las costas de Concepci\u00f3n del Uruguay.<\/p>\n<p>En las \u00faltimas horas pudo observarse a la draga Ni\u00f1a realizando los recorridos previstos dentro del proyecto de dragado, destinados a sostener la profundidad del canal navegable en 23 pies de navegaci\u00f3n (25 pies de profundidad), incluyendo el canal de acceso al Puerto de Concepci\u00f3n del Uruguay.<\/p>\n<p>La Ni\u00f1a es una draga de succi\u00f3n por arrastre, con 89,65 metros de eslora y 18,4 metros de manga, perteneciente a la firma Jan De Nul, una de las principales empresas especializadas en dragado a nivel mundial.<\/p>\n<p>Las tareas que se est\u00e1n llevando adelante comprenden el canal de acceso al Puerto, los muelles operativos y la zona de maniobras, donde los buques realizan el giro necesario para amarrar en los distintos sitios de atraque de la terminal portuaria.<\/p>\n<p>El dragado de mantenimiento tiene continuidad desde el a\u00f1o 2018, a partir del convenio suscripto entre la Comisi\u00f3n Administradora del R\u00edo Uruguay (CARU) y la firma belga, mediante el cual se adjudic\u00f3 inicialmente el dragado de apertura y, posteriormente, en dos oportunidades, el dragado de mantenimiento del r\u00edo Uruguay.<\/p>\n<p><a href=\"https:\/\/www.puertocdelu.com.ar\/wp-content\/uploads\/2026\/01\/nina-draga-01.png\"><img loading=\"lazy\" decoding=\"async\" class=\"aligncenter size-full wp-image-2928\" src=\"https:\/\/www.puertocdelu.com.ar\/wp-content\/uploads\/2026\/01\/nina-draga-01.png\" alt=\"\" width=\"854\" height=\"485\" srcset=\"https:\/\/www.puertocdelu.com.ar\/wp-content\/uploads\/2026\/01\/nina-draga-01.png 854w, https:\/\/www.puertocdelu.com.ar\/wp-content\/uploads\/2026\/01\/nina-draga-01-300x170.png 300w, https:\/\/www.puertocdelu.com.ar\/wp-content\/uploads\/2026\/01\/nina-draga-01-768x436.png 768w, https:\/\/www.puertocdelu.com.ar\/wp-content\/uploads\/2026\/01\/nina-draga-01-740x420.png 740w, https:\/\/www.puertocdelu.com.ar\/wp-content\/uploads\/2026\/01\/nina-draga-01-696x395.png 696w\" sizes=\"auto, (max-width: 854px) 100vw, 854px\" \/><\/a><\/p>\n<p>Dichas tareas abarcan el tramo comprendido entre el kil\u00f3metro 0 y el kil\u00f3metro 187,1, a 23 pies de navegaci\u00f3n (25 pies de profundidad), incluyendo el canal de acceso al Puerto de Concepci\u00f3n del Uruguay, y el tramo entre el kil\u00f3metro 187,1 y el kil\u00f3metro 207,8, correspondiente al Puerto de Paysand\u00fa, a 17 pies de navegaci\u00f3n (19 pies de profundidad).<\/p>\n<p>Las tareas de dragado y balizamiento del r\u00edo Uruguay resultan estrat\u00e9gicas para el desarrollo productivo y log\u00edstico de la regi\u00f3n, ya que permiten asegurar condiciones de navegaci\u00f3n predecibles y seguras durante todo el a\u00f1o, reducir costos de transporte, optimizar la operatoria portuaria y fortalecer la competitividad de nuestro puerto con generaci\u00f3n de empleo asociado a la actividad portuaria y log\u00edstica.<\/p>\n","protected":false},"excerpt":{"rendered":"<p>La Comisi\u00f3n Administradora del R\u00edo Uruguay (CARU), a trav\u00e9s de la empresa belga Jan De Nul y en el marco del contrato adjudicado mediante licitaci\u00f3n p\u00fablica internacional, se encuentra ejecutando tareas de mantenimiento del dragado con el objetivo de garantizar la navegaci\u00f3n segura en el r\u00edo Uruguay, frente a las costas de Concepci\u00f3n del Uruguay. [&hellip;]<\/p>\n","protected":false},"author":1,"featured_media":2927,"comment_status":"open","ping_status":"open","sticky":false,"template":"","format":"standard","meta":{"footnotes":""},"categories":[81],"tags":[],"class_list":{"0":"post-2926","1":"post","2":"type-post","3":"status-publish","4":"format-standard","5":"has-post-thumbnail","7":"category-noticias"},"yoast_head":"<!-- This site is optimized with the Yoast SEO plugin v27.4 - https:\/\/yoast.com\/product\/yoast-seo-wordpress\/ -->\n<title>Se realizan tareas de mantenimiento del dragado en el r\u00edo Uruguay - Puerto de Concepci\u00f3n del Uruguay<\/title>\n<meta name=\"robots\" content=\"index, follow, max-snippet:-1, max-image-preview:large, max-video-preview:-1\" \/>\n<link rel=\"canonical\" href=\"https:\/\/www.puertocdelu.com.ar\/index.php\/2026\/01\/23\/se-realizan-tareas-de-mantenimiento-del-dragado-en-el-rio-uruguay\/\" \/>\n<meta property=\"og:locale\" content=\"es_ES\" \/>\n<meta property=\"og:type\" content=\"article\" \/>\n<meta property=\"og:title\" content=\"Se realizan tareas de mantenimiento del dragado en el r\u00edo Uruguay - Puerto de Concepci\u00f3n del Uruguay\" \/>\n<meta property=\"og:description\" content=\"La Comisi\u00f3n Administradora del R\u00edo Uruguay (CARU), a trav\u00e9s de la empresa belga Jan De Nul y en el marco del contrato adjudicado mediante licitaci\u00f3n p\u00fablica internacional, se encuentra ejecutando tareas de mantenimiento del dragado con el objetivo de garantizar la navegaci\u00f3n segura en el r\u00edo Uruguay, frente a las costas de Concepci\u00f3n del Uruguay. [&hellip;]\" \/>\n<meta property=\"og:url\" content=\"https:\/\/www.puertocdelu.com.ar\/index.php\/2026\/01\/23\/se-realizan-tareas-de-mantenimiento-del-dragado-en-el-rio-uruguay\/\" \/>\n<meta property=\"og:site_name\" content=\"Puerto de Concepci\u00f3n del Uruguay\" \/>\n<meta property=\"article:published_time\" content=\"2026-01-23T15:05:25+00:00\" \/>\n<meta property=\"og:image\" content=\"https:\/\/www.puertocdelu.com.ar\/wp-content\/uploads\/2026\/01\/nina-draga.png\" \/>\n\t<meta property=\"og:image:width\" content=\"1147\" \/>\n\t<meta property=\"og:image:height\" content=\"708\" \/>\n\t<meta property=\"og:image:type\" content=\"image\/png\" \/>\n<meta name=\"author\" content=\"PuertoCdelU\" \/>\n<meta name=\"twitter:card\" content=\"summary_large_image\" \/>\n<meta name=\"twitter:label1\" content=\"Escrito por\" \/>\n\t<meta name=\"twitter:data1\" content=\"PuertoCdelU\" \/>\n\t<meta name=\"twitter:label2\" content=\"Tiempo de lectura\" \/>\n\t<meta name=\"twitter:data2\" content=\"2 minutos\" \/>\n<script type=\"application\/ld+json\" class=\"yoast-schema-graph\">{\"@context\":\"https:\\\/\\\/schema.org\",\"@graph\":[{\"@type\":\"Article\",\"@id\":\"https:\\\/\\\/www.puertocdelu.com.ar\\\/index.php\\\/2026\\\/01\\\/23\\\/se-realizan-tareas-de-mantenimiento-del-dragado-en-el-rio-uruguay\\\/#article\",\"isPartOf\":{\"@id\":\"https:\\\/\\\/www.puertocdelu.com.ar\\\/index.php\\\/2026\\\/01\\\/23\\\/se-realizan-tareas-de-mantenimiento-del-dragado-en-el-rio-uruguay\\\/\"},\"author\":{\"name\":\"PuertoCdelU\",\"@id\":\"https:\\\/\\\/www.puertocdelu.com.ar\\\/#\\\/schema\\\/person\\\/9d258b923b29bd5f47ca80d9c8cd72d1\"},\"headline\":\"Se realizan tareas de mantenimiento del dragado en el r\u00edo Uruguay\",\"datePublished\":\"2026-01-23T15:05:25+00:00\",\"mainEntityOfPage\":{\"@id\":\"https:\\\/\\\/www.puertocdelu.com.ar\\\/index.php\\\/2026\\\/01\\\/23\\\/se-realizan-tareas-de-mantenimiento-del-dragado-en-el-rio-uruguay\\\/\"},\"wordCount\":380,\"commentCount\":0,\"image\":{\"@id\":\"https:\\\/\\\/www.puertocdelu.com.ar\\\/index.php\\\/2026\\\/01\\\/23\\\/se-realizan-tareas-de-mantenimiento-del-dragado-en-el-rio-uruguay\\\/#primaryimage\"},\"thumbnailUrl\":\"https:\\\/\\\/www.puertocdelu.com.ar\\\/wp-content\\\/uploads\\\/2026\\\/01\\\/nina-draga.png\",\"articleSection\":[\"Noticias\"],\"inLanguage\":\"es\",\"potentialAction\":[{\"@type\":\"CommentAction\",\"name\":\"Comment\",\"target\":[\"https:\\\/\\\/www.puertocdelu.com.ar\\\/index.php\\\/2026\\\/01\\\/23\\\/se-realizan-tareas-de-mantenimiento-del-dragado-en-el-rio-uruguay\\\/#respond\"]}]},{\"@type\":\"WebPage\",\"@id\":\"https:\\\/\\\/www.puertocdelu.com.ar\\\/index.php\\\/2026\\\/01\\\/23\\\/se-realizan-tareas-de-mantenimiento-del-dragado-en-el-rio-uruguay\\\/\",\"url\":\"https:\\\/\\\/www.puertocdelu.com.ar\\\/index.php\\\/2026\\\/01\\\/23\\\/se-realizan-tareas-de-mantenimiento-del-dragado-en-el-rio-uruguay\\\/\",\"name\":\"Se realizan tareas de mantenimiento del dragado en el r\u00edo Uruguay - Puerto de Concepci\u00f3n del Uruguay\",\"isPartOf\":{\"@id\":\"https:\\\/\\\/www.puertocdelu.com.ar\\\/#website\"},\"primaryImageOfPage\":{\"@id\":\"https:\\\/\\\/www.puertocdelu.com.ar\\\/index.php\\\/2026\\\/01\\\/23\\\/se-realizan-tareas-de-mantenimiento-del-dragado-en-el-rio-uruguay\\\/#primaryimage\"},\"image\":{\"@id\":\"https:\\\/\\\/www.puertocdelu.com.ar\\\/index.php\\\/2026\\\/01\\\/23\\\/se-realizan-tareas-de-mantenimiento-del-dragado-en-el-rio-uruguay\\\/#primaryimage\"},\"thumbnailUrl\":\"https:\\\/\\\/www.puertocdelu.com.ar\\\/wp-content\\\/uploads\\\/2026\\\/01\\\/nina-draga.png\",\"datePublished\":\"2026-01-23T15:05:25+00:00\",\"author\":{\"@id\":\"https:\\\/\\\/www.puertocdelu.com.ar\\\/#\\\/schema\\\/person\\\/9d258b923b29bd5f47ca80d9c8cd72d1\"},\"breadcrumb\":{\"@id\":\"https:\\\/\\\/www.puertocdelu.com.ar\\\/index.php\\\/2026\\\/01\\\/23\\\/se-realizan-tareas-de-mantenimiento-del-dragado-en-el-rio-uruguay\\\/#breadcrumb\"},\"inLanguage\":\"es\",\"potentialAction\":[{\"@type\":\"ReadAction\",\"target\":[\"https:\\\/\\\/www.puertocdelu.com.ar\\\/index.php\\\/2026\\\/01\\\/23\\\/se-realizan-tareas-de-mantenimiento-del-dragado-en-el-rio-uruguay\\\/\"]}]},{\"@type\":\"ImageObject\",\"inLanguage\":\"es\",\"@id\":\"https:\\\/\\\/www.puertocdelu.com.ar\\\/index.php\\\/2026\\\/01\\\/23\\\/se-realizan-tareas-de-mantenimiento-del-dragado-en-el-rio-uruguay\\\/#primaryimage\",\"url\":\"https:\\\/\\\/www.puertocdelu.com.ar\\\/wp-content\\\/uploads\\\/2026\\\/01\\\/nina-draga.png\",\"contentUrl\":\"https:\\\/\\\/www.puertocdelu.com.ar\\\/wp-content\\\/uploads\\\/2026\\\/01\\\/nina-draga.png\",\"width\":1147,\"height\":708},{\"@type\":\"BreadcrumbList\",\"@id\":\"https:\\\/\\\/www.puertocdelu.com.ar\\\/index.php\\\/2026\\\/01\\\/23\\\/se-realizan-tareas-de-mantenimiento-del-dragado-en-el-rio-uruguay\\\/#breadcrumb\",\"itemListElement\":[{\"@type\":\"ListItem\",\"position\":1,\"name\":\"Portada\",\"item\":\"https:\\\/\\\/www.puertocdelu.com.ar\\\/\"},{\"@type\":\"ListItem\",\"position\":2,\"name\":\"Se realizan tareas de mantenimiento del dragado en el r\u00edo Uruguay\"}]},{\"@type\":\"WebSite\",\"@id\":\"https:\\\/\\\/www.puertocdelu.com.ar\\\/#website\",\"url\":\"https:\\\/\\\/www.puertocdelu.com.ar\\\/\",\"name\":\"Puerto de Concepci\u00f3n del Uruguay\",\"description\":\"\",\"potentialAction\":[{\"@type\":\"SearchAction\",\"target\":{\"@type\":\"EntryPoint\",\"urlTemplate\":\"https:\\\/\\\/www.puertocdelu.com.ar\\\/?s={search_term_string}\"},\"query-input\":{\"@type\":\"PropertyValueSpecification\",\"valueRequired\":true,\"valueName\":\"search_term_string\"}}],\"inLanguage\":\"es\"},{\"@type\":\"Person\",\"@id\":\"https:\\\/\\\/www.puertocdelu.com.ar\\\/#\\\/schema\\\/person\\\/9d258b923b29bd5f47ca80d9c8cd72d1\",\"name\":\"PuertoCdelU\",\"image\":{\"@type\":\"ImageObject\",\"inLanguage\":\"es\",\"@id\":\"https:\\\/\\\/secure.gravatar.com\\\/avatar\\\/99e38dea1727d397df18aced5ac6840012bb7f24c8570dcfafabb73086aed88c?s=96&d=mm&r=g\",\"url\":\"https:\\\/\\\/secure.gravatar.com\\\/avatar\\\/99e38dea1727d397df18aced5ac6840012bb7f24c8570dcfafabb73086aed88c?s=96&d=mm&r=g\",\"contentUrl\":\"https:\\\/\\\/secure.gravatar.com\\\/avatar\\\/99e38dea1727d397df18aced5ac6840012bb7f24c8570dcfafabb73086aed88c?s=96&d=mm&r=g\",\"caption\":\"PuertoCdelU\"},\"url\":\"https:\\\/\\\/www.puertocdelu.com.ar\\\/index.php\\\/author\\\/hectordelos1\\\/\"}]}<\/script>\n<!-- \/ Yoast SEO plugin. -->","yoast_head_json":{"title":"Se realizan tareas de mantenimiento del dragado en el r\u00edo Uruguay - Puerto de Concepci\u00f3n del Uruguay","robots":{"index":"index","follow":"follow","max-snippet":"max-snippet:-1","max-image-preview":"max-image-preview:large","max-video-preview":"max-video-preview:-1"},"canonical":"https:\/\/www.puertocdelu.com.ar\/index.php\/2026\/01\/23\/se-realizan-tareas-de-mantenimiento-del-dragado-en-el-rio-uruguay\/","og_locale":"es_ES","og_type":"article","og_title":"Se realizan tareas de mantenimiento del dragado en el r\u00edo Uruguay - Puerto de Concepci\u00f3n del Uruguay","og_description":"La Comisi\u00f3n Administradora del R\u00edo Uruguay (CARU), a trav\u00e9s de la empresa belga Jan De Nul y en el marco del contrato adjudicado mediante licitaci\u00f3n p\u00fablica internacional, se encuentra ejecutando tareas de mantenimiento del dragado con el objetivo de garantizar la navegaci\u00f3n segura en el r\u00edo Uruguay, frente a las costas de Concepci\u00f3n del Uruguay. [&hellip;]","og_url":"https:\/\/www.puertocdelu.com.ar\/index.php\/2026\/01\/23\/se-realizan-tareas-de-mantenimiento-del-dragado-en-el-rio-uruguay\/","og_site_name":"Puerto de Concepci\u00f3n del Uruguay","article_published_time":"2026-01-23T15:05:25+00:00","og_image":[{"width":1147,"height":708,"url":"https:\/\/www.puertocdelu.com.ar\/wp-content\/uploads\/2026\/01\/nina-draga.png","type":"image\/png"}],"author":"PuertoCdelU","twitter_card":"summary_large_image","twitter_misc":{"Escrito por":"PuertoCdelU","Tiempo de lectura":"2 minutos"},"schema":{"@context":"https:\/\/schema.org","@graph":[{"@type":"Article","@id":"https:\/\/www.puertocdelu.com.ar\/index.php\/2026\/01\/23\/se-realizan-tareas-de-mantenimiento-del-dragado-en-el-rio-uruguay\/#article","isPartOf":{"@id":"https:\/\/www.puertocdelu.com.ar\/index.php\/2026\/01\/23\/se-realizan-tareas-de-mantenimiento-del-dragado-en-el-rio-uruguay\/"},"author":{"name":"PuertoCdelU","@id":"https:\/\/www.puertocdelu.com.ar\/#\/schema\/person\/9d258b923b29bd5f47ca80d9c8cd72d1"},"headline":"Se realizan tareas de mantenimiento del dragado en el r\u00edo Uruguay","datePublished":"2026-01-23T15:05:25+00:00","mainEntityOfPage":{"@id":"https:\/\/www.puertocdelu.com.ar\/index.php\/2026\/01\/23\/se-realizan-tareas-de-mantenimiento-del-dragado-en-el-rio-uruguay\/"},"wordCount":380,"commentCount":0,"image":{"@id":"https:\/\/www.puertocdelu.com.ar\/index.php\/2026\/01\/23\/se-realizan-tareas-de-mantenimiento-del-dragado-en-el-rio-uruguay\/#primaryimage"},"thumbnailUrl":"https:\/\/www.puertocdelu.com.ar\/wp-content\/uploads\/2026\/01\/nina-draga.png","articleSection":["Noticias"],"inLanguage":"es","potentialAction":[{"@type":"CommentAction","name":"Comment","target":["https:\/\/www.puertocdelu.com.ar\/index.php\/2026\/01\/23\/se-realizan-tareas-de-mantenimiento-del-dragado-en-el-rio-uruguay\/#respond"]}]},{"@type":"WebPage","@id":"https:\/\/www.puertocdelu.com.ar\/index.php\/2026\/01\/23\/se-realizan-tareas-de-mantenimiento-del-dragado-en-el-rio-uruguay\/","url":"https:\/\/www.puertocdelu.com.ar\/index.php\/2026\/01\/23\/se-realizan-tareas-de-mantenimiento-del-dragado-en-el-rio-uruguay\/","name":"Se realizan tareas de mantenimiento del dragado en el r\u00edo Uruguay - Puerto de Concepci\u00f3n del Uruguay","isPartOf":{"@id":"https:\/\/www.puertocdelu.com.ar\/#website"},"primaryImageOfPage":{"@id":"https:\/\/www.puertocdelu.com.ar\/index.php\/2026\/01\/23\/se-realizan-tareas-de-mantenimiento-del-dragado-en-el-rio-uruguay\/#primaryimage"},"image":{"@id":"https:\/\/www.puertocdelu.com.ar\/index.php\/2026\/01\/23\/se-realizan-tareas-de-mantenimiento-del-dragado-en-el-rio-uruguay\/#primaryimage"},"thumbnailUrl":"https:\/\/www.puertocdelu.com.ar\/wp-content\/uploads\/2026\/01\/nina-draga.png","datePublished":"2026-01-23T15:05:25+00:00","author":{"@id":"https:\/\/www.puertocdelu.com.ar\/#\/schema\/person\/9d258b923b29bd5f47ca80d9c8cd72d1"},"breadcrumb":{"@id":"https:\/\/www.puertocdelu.com.ar\/index.php\/2026\/01\/23\/se-realizan-tareas-de-mantenimiento-del-dragado-en-el-rio-uruguay\/#breadcrumb"},"inLanguage":"es","potentialAction":[{"@type":"ReadAction","target":["https:\/\/www.puertocdelu.com.ar\/index.php\/2026\/01\/23\/se-realizan-tareas-de-mantenimiento-del-dragado-en-el-rio-uruguay\/"]}]},{"@type":"ImageObject","inLanguage":"es","@id":"https:\/\/www.puertocdelu.com.ar\/index.php\/2026\/01\/23\/se-realizan-tareas-de-mantenimiento-del-dragado-en-el-rio-uruguay\/#primaryimage","url":"https:\/\/www.puertocdelu.com.ar\/wp-content\/uploads\/2026\/01\/nina-draga.png","contentUrl":"https:\/\/www.puertocdelu.com.ar\/wp-content\/uploads\/2026\/01\/nina-draga.png","width":1147,"height":708},{"@type":"BreadcrumbList","@id":"https:\/\/www.puertocdelu.com.ar\/index.php\/2026\/01\/23\/se-realizan-tareas-de-mantenimiento-del-dragado-en-el-rio-uruguay\/#breadcrumb","itemListElement":[{"@type":"ListItem","position":1,"name":"Portada","item":"https:\/\/www.puertocdelu.com.ar\/"},{"@type":"ListItem","position":2,"name":"Se realizan tareas de mantenimiento del dragado en el r\u00edo Uruguay"}]},{"@type":"WebSite","@id":"https:\/\/www.puertocdelu.com.ar\/#website","url":"https:\/\/www.puertocdelu.com.ar\/","name":"Puerto de Concepci\u00f3n del Uruguay","description":"","potentialAction":[{"@type":"SearchAction","target":{"@type":"EntryPoint","urlTemplate":"https:\/\/www.puertocdelu.com.ar\/?s={search_term_string}"},"query-input":{"@type":"PropertyValueSpecification","valueRequired":true,"valueName":"search_term_string"}}],"inLanguage":"es"},{"@type":"Person","@id":"https:\/\/www.puertocdelu.com.ar\/#\/schema\/person\/9d258b923b29bd5f47ca80d9c8cd72d1","name":"PuertoCdelU","image":{"@type":"ImageObject","inLanguage":"es","@id":"https:\/\/secure.gravatar.com\/avatar\/99e38dea1727d397df18aced5ac6840012bb7f24c8570dcfafabb73086aed88c?s=96&d=mm&r=g","url":"https:\/\/secure.gravatar.com\/avatar\/99e38dea1727d397df18aced5ac6840012bb7f24c8570dcfafabb73086aed88c?s=96&d=mm&r=g","contentUrl":"https:\/\/secure.gravatar.com\/avatar\/99e38dea1727d397df18aced5ac6840012bb7f24c8570dcfafabb73086aed88c?s=96&d=mm&r=g","caption":"PuertoCdelU"},"url":"https:\/\/www.puertocdelu.com.ar\/index.php\/author\/hectordelos1\/"}]}},"_links":{"self":[{"href":"https:\/\/www.puertocdelu.com.ar\/index.php\/wp-json\/wp\/v2\/posts\/2926","targetHints":{"allow":["GET"]}}],"collection":[{"href":"https:\/\/www.puertocdelu.com.ar\/index.php\/wp-json\/wp\/v2\/posts"}],"about":[{"href":"https:\/\/www.puertocdelu.com.ar\/index.php\/wp-json\/wp\/v2\/types\/post"}],"author":[{"embeddable":true,"href":"https:\/\/www.puertocdelu.com.ar\/index.php\/wp-json\/wp\/v2\/users\/1"}],"replies":[{"embeddable":true,"href":"https:\/\/www.puertocdelu.com.ar\/index.php\/wp-json\/wp\/v2\/comments?post=2926"}],"version-history":[{"count":1,"href":"https:\/\/www.puertocdelu.com.ar\/index.php\/wp-json\/wp\/v2\/posts\/2926\/revisions"}],"predecessor-version":[{"id":2929,"href":"https:\/\/www.puertocdelu.com.ar\/index.php\/wp-json\/wp\/v2\/posts\/2926\/revisions\/2929"}],"wp:featuredmedia":[{"embeddable":true,"href":"https:\/\/www.puertocdelu.com.ar\/index.php\/wp-json\/wp\/v2\/media\/2927"}],"wp:attachment":[{"href":"https:\/\/www.puertocdelu.com.ar\/index.php\/wp-json\/wp\/v2\/media?parent=2926"}],"wp:term":[{"taxonomy":"category","embeddable":true,"href":"https:\/\/www.puertocdelu.com.ar\/index.php\/wp-json\/wp\/v2\/categories?post=2926"},{"taxonomy":"post_tag","embeddable":true,"href":"https:\/\/www.puertocdelu.com.ar\/index.php\/wp-json\/wp\/v2\/tags?post=2926"}],"curies":[{"name":"wp","href":"https:\/\/api.w.org\/{rel}","templated":true}]}}