{"id":2935,"date":"2026-02-01T18:22:55","date_gmt":"2026-02-01T18:22:55","guid":{"rendered":"https:\/\/www.puertocdelu.com.ar\/?p=2935"},"modified":"2026-02-01T18:22:55","modified_gmt":"2026-02-01T18:22:55","slug":"intensa-actividad-en-el-puerto-de-concepcion-del-uruguay","status":"publish","type":"post","link":"https:\/\/www.puertocdelu.com.ar\/index.php\/2026\/02\/01\/intensa-actividad-en-el-puerto-de-concepcion-del-uruguay\/","title":{"rendered":"Intensa actividad en el puerto de Concepci\u00f3n del Uruguay"},"content":{"rendered":"<p>Dos buques ultramarinos cargando para exportar en apenas 7 d\u00edas, la draga Ni\u00f1a haciendo tareas de mantenimiento del dragado del canal de acceso al puerto, movimientos de un buque petrolero en el muelle de inflamables, y la visita del guardacostas escuela Mandubi, de Prefectura Naval Argentina, son algunas de las actividades que se desarrollan por estas horas en el Puerto de Concepci\u00f3n del Uruguay.<\/p>\n<p>Este s\u00e1bado 31 de enero ingres\u00f3 al puerto el ultramarino African Piper, apenas tres horas despu\u00e9s que zarpara el Dias Well con 17.000 toneladas de troncos de pino a granel para el mercado de la India. Las operaciones de esta segunda exportaci\u00f3n del a\u00f1o iniciaron el mismo s\u00e1bado y continuar\u00e1n durante los pr\u00f3ximos d\u00edas durante las 24 horas.<\/p>\n<figure id=\"attachment_2939\" aria-describedby=\"caption-attachment-2939\" style=\"width: 2000px\" class=\"wp-caption aligncenter\"><a href=\"https:\/\/www.puertocdelu.com.ar\/wp-content\/uploads\/2026\/02\/AFRICAN-PIPER-01.jpg\"><img loading=\"lazy\" decoding=\"async\" class=\"wp-image-2939 size-full\" src=\"https:\/\/www.puertocdelu.com.ar\/wp-content\/uploads\/2026\/02\/AFRICAN-PIPER-01.jpg\" alt=\"\" width=\"2000\" height=\"1500\" srcset=\"https:\/\/www.puertocdelu.com.ar\/wp-content\/uploads\/2026\/02\/AFRICAN-PIPER-01.jpg 2000w, https:\/\/www.puertocdelu.com.ar\/wp-content\/uploads\/2026\/02\/AFRICAN-PIPER-01-300x225.jpg 300w, https:\/\/www.puertocdelu.com.ar\/wp-content\/uploads\/2026\/02\/AFRICAN-PIPER-01-1024x768.jpg 1024w, https:\/\/www.puertocdelu.com.ar\/wp-content\/uploads\/2026\/02\/AFRICAN-PIPER-01-768x576.jpg 768w, https:\/\/www.puertocdelu.com.ar\/wp-content\/uploads\/2026\/02\/AFRICAN-PIPER-01-1536x1152.jpg 1536w, https:\/\/www.puertocdelu.com.ar\/wp-content\/uploads\/2026\/02\/AFRICAN-PIPER-01-560x420.jpg 560w, https:\/\/www.puertocdelu.com.ar\/wp-content\/uploads\/2026\/02\/AFRICAN-PIPER-01-80x60.jpg 80w, https:\/\/www.puertocdelu.com.ar\/wp-content\/uploads\/2026\/02\/AFRICAN-PIPER-01-696x522.jpg 696w, https:\/\/www.puertocdelu.com.ar\/wp-content\/uploads\/2026\/02\/AFRICAN-PIPER-01-1068x801.jpg 1068w, https:\/\/www.puertocdelu.com.ar\/wp-content\/uploads\/2026\/02\/AFRICAN-PIPER-01-265x198.jpg 265w\" sizes=\"auto, (max-width: 2000px) 100vw, 2000px\" \/><\/a><figcaption id=\"caption-attachment-2939\" class=\"wp-caption-text\">El African Piper ingres\u00f3 al puerto en la ma\u00f1ana del s\u00e1bado 31 de enero de 2026.<\/figcaption><\/figure>\n<p>El African Piper tendr\u00e1 una carga similar al D\u00edas Well. Ambos completar\u00e1n sus bodegas en el puerto de Ibicuy para zarpar luego rumbo al puerto de Kandla, en la India.<\/p>\n<p>La empresa Urcel Argentina es la encargada de las operaciones de log\u00edstica y exportaci\u00f3n de ambas operaciones que involucran a unos 400 trabajadores en cada puerto.<\/p>\n<figure id=\"attachment_2937\" aria-describedby=\"caption-attachment-2937\" style=\"width: 1500px\" class=\"wp-caption aligncenter\"><a href=\"https:\/\/www.puertocdelu.com.ar\/wp-content\/uploads\/2026\/02\/DRAGA-NINA.jpg\"><img loading=\"lazy\" decoding=\"async\" class=\"size-full wp-image-2937\" src=\"https:\/\/www.puertocdelu.com.ar\/wp-content\/uploads\/2026\/02\/DRAGA-NINA.jpg\" alt=\"\" width=\"1500\" height=\"844\" srcset=\"https:\/\/www.puertocdelu.com.ar\/wp-content\/uploads\/2026\/02\/DRAGA-NINA.jpg 1500w, https:\/\/www.puertocdelu.com.ar\/wp-content\/uploads\/2026\/02\/DRAGA-NINA-300x169.jpg 300w, https:\/\/www.puertocdelu.com.ar\/wp-content\/uploads\/2026\/02\/DRAGA-NINA-1024x576.jpg 1024w, https:\/\/www.puertocdelu.com.ar\/wp-content\/uploads\/2026\/02\/DRAGA-NINA-768x432.jpg 768w, https:\/\/www.puertocdelu.com.ar\/wp-content\/uploads\/2026\/02\/DRAGA-NINA-746x420.jpg 746w, https:\/\/www.puertocdelu.com.ar\/wp-content\/uploads\/2026\/02\/DRAGA-NINA-696x392.jpg 696w, https:\/\/www.puertocdelu.com.ar\/wp-content\/uploads\/2026\/02\/DRAGA-NINA-1068x601.jpg 1068w\" sizes=\"auto, (max-width: 1500px) 100vw, 1500px\" \/><\/a><figcaption id=\"caption-attachment-2937\" class=\"wp-caption-text\">La draga Ni\u00f1a hizo tareas de mantenimeinto de la profundidad del canal de acceso al puerto.<\/figcaption><\/figure>\n<p>En la ventana de tiempo que qued\u00f3 entre la salida de un buque, y el ingreso del otro, la Comisi\u00f3n Administradora del R\u00edo Uruguay (CARU) envi\u00f3 la draga de succi\u00f3n \u201cNi\u00f1a\u201d, para hacer las tareas de mantenimiento de la profundidad del canal de acceso al puerto, una tarea que esta misma embarcaci\u00f3n est\u00e1 realizando en toda la v\u00eda navegable del r\u00edo Uruguay. De esta manera, CARU garantiza la navegabilidad del r\u00edo a una profundidad de 23 pies y 25 de navegaci\u00f3n entre la desembocadura del R\u00edo de la Plata y el puerto de Concepci\u00f3n del Uruguay, incluyendo su canal de acceso.<\/p>\n<p>De forma paralela a estos trabajos, el viernes por la ma\u00f1ana la empresa naviera National Shipping y el Ente Portuario procedieron al cambio de sitio de atraque del buque petrolero Alberto V, que fue posicionado en el muelle 23 de inflamables donde permanecer\u00e1 para hacer reparaciones.<\/p>\n<p>La naviera sum\u00f3 toda la tripulaci\u00f3n necesaria para el movimiento de este buque tanque de 114 metros de eslora, y el puerto facilit\u00f3 la log\u00edstica necesaria para que la operaci\u00f3n se realizar\u00e1 sin inconvenientes.<\/p>\n<figure id=\"attachment_2938\" aria-describedby=\"caption-attachment-2938\" style=\"width: 2560px\" class=\"wp-caption aligncenter\"><a href=\"https:\/\/www.puertocdelu.com.ar\/wp-content\/uploads\/2026\/02\/ALBERTO-V-MUELLE-23-scaled.gif\"><img loading=\"lazy\" decoding=\"async\" class=\"size-full wp-image-2938\" src=\"https:\/\/www.puertocdelu.com.ar\/wp-content\/uploads\/2026\/02\/ALBERTO-V-MUELLE-23-scaled.gif\" alt=\"\" width=\"2560\" height=\"1440\" \/><\/a><figcaption id=\"caption-attachment-2938\" class=\"wp-caption-text\">El buque petrolero Alberto V qued\u00f3 amarrado en el Muelle 23.<\/figcaption><\/figure>\n<p>De igual manera, se hacen los aprestos para recibir en los pr\u00f3ximos d\u00edas, la visita del buque guarda costas GC 43 Mandubi, que arribar\u00e1 a Concepci\u00f3n del Uruguay en las pr\u00f3ximas horas y amarrar\u00e1 en los muelles 3 y 4 del puerto. El \u201cMandub\u00ed\u201d es considerado uno de los buques escuela m\u00e1s antiguos del pa\u00eds y desde hace d\u00e9cadas cumple funciones formativas, combinando la ense\u00f1anza te\u00f3rica con la experiencia pr\u00e1ctica en navegaci\u00f3n fluvial.<\/p>\n","protected":false},"excerpt":{"rendered":"<p>Dos buques ultramarinos cargando para exportar en apenas 7 d\u00edas, la draga Ni\u00f1a haciendo tareas de mantenimiento del dragado del canal de acceso al puerto, movimientos de un buque petrolero en el muelle de inflamables, y la visita del guardacostas escuela Mandubi, de Prefectura Naval Argentina, son algunas de las actividades que se desarrollan por [&hellip;]<\/p>\n","protected":false},"author":1,"featured_media":2936,"comment_status":"open","ping_status":"open","sticky":false,"template":"","format":"standard","meta":{"footnotes":""},"categories":[81],"tags":[],"class_list":{"0":"post-2935","1":"post","2":"type-post","3":"status-publish","4":"format-standard","5":"has-post-thumbnail","7":"category-noticias"},"yoast_head":"<!-- This site is optimized with the Yoast SEO plugin v27.4 - https:\/\/yoast.com\/product\/yoast-seo-wordpress\/ -->\n<title>Intensa actividad en el puerto de Concepci\u00f3n del Uruguay - Puerto de Concepci\u00f3n del Uruguay<\/title>\n<meta name=\"robots\" content=\"index, follow, max-snippet:-1, max-image-preview:large, max-video-preview:-1\" \/>\n<link rel=\"canonical\" href=\"https:\/\/www.puertocdelu.com.ar\/index.php\/2026\/02\/01\/intensa-actividad-en-el-puerto-de-concepcion-del-uruguay\/\" \/>\n<meta property=\"og:locale\" content=\"es_ES\" \/>\n<meta property=\"og:type\" content=\"article\" \/>\n<meta property=\"og:title\" content=\"Intensa actividad en el puerto de Concepci\u00f3n del Uruguay - Puerto de Concepci\u00f3n del Uruguay\" \/>\n<meta property=\"og:description\" content=\"Dos buques ultramarinos cargando para exportar en apenas 7 d\u00edas, la draga Ni\u00f1a haciendo tareas de mantenimiento del dragado del canal de acceso al puerto, movimientos de un buque petrolero en el muelle de inflamables, y la visita del guardacostas escuela Mandubi, de Prefectura Naval Argentina, son algunas de las actividades que se desarrollan por [&hellip;]\" \/>\n<meta property=\"og:url\" content=\"https:\/\/www.puertocdelu.com.ar\/index.php\/2026\/02\/01\/intensa-actividad-en-el-puerto-de-concepcion-del-uruguay\/\" \/>\n<meta property=\"og:site_name\" content=\"Puerto de Concepci\u00f3n del Uruguay\" \/>\n<meta property=\"article:published_time\" content=\"2026-02-01T18:22:55+00:00\" \/>\n<meta property=\"og:image\" content=\"https:\/\/www.puertocdelu.com.ar\/wp-content\/uploads\/2026\/02\/AFRICAN-PIPER-03.jpg\" \/>\n\t<meta property=\"og:image:width\" content=\"2000\" \/>\n\t<meta property=\"og:image:height\" content=\"1500\" \/>\n\t<meta property=\"og:image:type\" content=\"image\/jpeg\" \/>\n<meta name=\"author\" content=\"PuertoCdelU\" \/>\n<meta name=\"twitter:card\" content=\"summary_large_image\" \/>\n<meta name=\"twitter:label1\" content=\"Escrito por\" \/>\n\t<meta name=\"twitter:data1\" content=\"PuertoCdelU\" \/>\n\t<meta name=\"twitter:label2\" content=\"Tiempo de lectura\" \/>\n\t<meta name=\"twitter:data2\" content=\"3 minutos\" \/>\n<script type=\"application\/ld+json\" class=\"yoast-schema-graph\">{\"@context\":\"https:\\\/\\\/schema.org\",\"@graph\":[{\"@type\":\"Article\",\"@id\":\"https:\\\/\\\/www.puertocdelu.com.ar\\\/index.php\\\/2026\\\/02\\\/01\\\/intensa-actividad-en-el-puerto-de-concepcion-del-uruguay\\\/#article\",\"isPartOf\":{\"@id\":\"https:\\\/\\\/www.puertocdelu.com.ar\\\/index.php\\\/2026\\\/02\\\/01\\\/intensa-actividad-en-el-puerto-de-concepcion-del-uruguay\\\/\"},\"author\":{\"name\":\"PuertoCdelU\",\"@id\":\"https:\\\/\\\/www.puertocdelu.com.ar\\\/#\\\/schema\\\/person\\\/9d258b923b29bd5f47ca80d9c8cd72d1\"},\"headline\":\"Intensa actividad en el puerto de Concepci\u00f3n del Uruguay\",\"datePublished\":\"2026-02-01T18:22:55+00:00\",\"mainEntityOfPage\":{\"@id\":\"https:\\\/\\\/www.puertocdelu.com.ar\\\/index.php\\\/2026\\\/02\\\/01\\\/intensa-actividad-en-el-puerto-de-concepcion-del-uruguay\\\/\"},\"wordCount\":535,\"commentCount\":0,\"image\":{\"@id\":\"https:\\\/\\\/www.puertocdelu.com.ar\\\/index.php\\\/2026\\\/02\\\/01\\\/intensa-actividad-en-el-puerto-de-concepcion-del-uruguay\\\/#primaryimage\"},\"thumbnailUrl\":\"https:\\\/\\\/www.puertocdelu.com.ar\\\/wp-content\\\/uploads\\\/2026\\\/02\\\/AFRICAN-PIPER-03.jpg\",\"articleSection\":[\"Noticias\"],\"inLanguage\":\"es\",\"potentialAction\":[{\"@type\":\"CommentAction\",\"name\":\"Comment\",\"target\":[\"https:\\\/\\\/www.puertocdelu.com.ar\\\/index.php\\\/2026\\\/02\\\/01\\\/intensa-actividad-en-el-puerto-de-concepcion-del-uruguay\\\/#respond\"]}]},{\"@type\":\"WebPage\",\"@id\":\"https:\\\/\\\/www.puertocdelu.com.ar\\\/index.php\\\/2026\\\/02\\\/01\\\/intensa-actividad-en-el-puerto-de-concepcion-del-uruguay\\\/\",\"url\":\"https:\\\/\\\/www.puertocdelu.com.ar\\\/index.php\\\/2026\\\/02\\\/01\\\/intensa-actividad-en-el-puerto-de-concepcion-del-uruguay\\\/\",\"name\":\"Intensa actividad en el puerto de Concepci\u00f3n del Uruguay - Puerto de Concepci\u00f3n del Uruguay\",\"isPartOf\":{\"@id\":\"https:\\\/\\\/www.puertocdelu.com.ar\\\/#website\"},\"primaryImageOfPage\":{\"@id\":\"https:\\\/\\\/www.puertocdelu.com.ar\\\/index.php\\\/2026\\\/02\\\/01\\\/intensa-actividad-en-el-puerto-de-concepcion-del-uruguay\\\/#primaryimage\"},\"image\":{\"@id\":\"https:\\\/\\\/www.puertocdelu.com.ar\\\/index.php\\\/2026\\\/02\\\/01\\\/intensa-actividad-en-el-puerto-de-concepcion-del-uruguay\\\/#primaryimage\"},\"thumbnailUrl\":\"https:\\\/\\\/www.puertocdelu.com.ar\\\/wp-content\\\/uploads\\\/2026\\\/02\\\/AFRICAN-PIPER-03.jpg\",\"datePublished\":\"2026-02-01T18:22:55+00:00\",\"author\":{\"@id\":\"https:\\\/\\\/www.puertocdelu.com.ar\\\/#\\\/schema\\\/person\\\/9d258b923b29bd5f47ca80d9c8cd72d1\"},\"breadcrumb\":{\"@id\":\"https:\\\/\\\/www.puertocdelu.com.ar\\\/index.php\\\/2026\\\/02\\\/01\\\/intensa-actividad-en-el-puerto-de-concepcion-del-uruguay\\\/#breadcrumb\"},\"inLanguage\":\"es\",\"potentialAction\":[{\"@type\":\"ReadAction\",\"target\":[\"https:\\\/\\\/www.puertocdelu.com.ar\\\/index.php\\\/2026\\\/02\\\/01\\\/intensa-actividad-en-el-puerto-de-concepcion-del-uruguay\\\/\"]}]},{\"@type\":\"ImageObject\",\"inLanguage\":\"es\",\"@id\":\"https:\\\/\\\/www.puertocdelu.com.ar\\\/index.php\\\/2026\\\/02\\\/01\\\/intensa-actividad-en-el-puerto-de-concepcion-del-uruguay\\\/#primaryimage\",\"url\":\"https:\\\/\\\/www.puertocdelu.com.ar\\\/wp-content\\\/uploads\\\/2026\\\/02\\\/AFRICAN-PIPER-03.jpg\",\"contentUrl\":\"https:\\\/\\\/www.puertocdelu.com.ar\\\/wp-content\\\/uploads\\\/2026\\\/02\\\/AFRICAN-PIPER-03.jpg\",\"width\":2000,\"height\":1500,\"caption\":\"El African Piper en el canal de acceso al puerto.\"},{\"@type\":\"BreadcrumbList\",\"@id\":\"https:\\\/\\\/www.puertocdelu.com.ar\\\/index.php\\\/2026\\\/02\\\/01\\\/intensa-actividad-en-el-puerto-de-concepcion-del-uruguay\\\/#breadcrumb\",\"itemListElement\":[{\"@type\":\"ListItem\",\"position\":1,\"name\":\"Portada\",\"item\":\"https:\\\/\\\/www.puertocdelu.com.ar\\\/\"},{\"@type\":\"ListItem\",\"position\":2,\"name\":\"Intensa actividad en el puerto de Concepci\u00f3n del Uruguay\"}]},{\"@type\":\"WebSite\",\"@id\":\"https:\\\/\\\/www.puertocdelu.com.ar\\\/#website\",\"url\":\"https:\\\/\\\/www.puertocdelu.com.ar\\\/\",\"name\":\"Puerto de Concepci\u00f3n del Uruguay\",\"description\":\"\",\"potentialAction\":[{\"@type\":\"SearchAction\",\"target\":{\"@type\":\"EntryPoint\",\"urlTemplate\":\"https:\\\/\\\/www.puertocdelu.com.ar\\\/?s={search_term_string}\"},\"query-input\":{\"@type\":\"PropertyValueSpecification\",\"valueRequired\":true,\"valueName\":\"search_term_string\"}}],\"inLanguage\":\"es\"},{\"@type\":\"Person\",\"@id\":\"https:\\\/\\\/www.puertocdelu.com.ar\\\/#\\\/schema\\\/person\\\/9d258b923b29bd5f47ca80d9c8cd72d1\",\"name\":\"PuertoCdelU\",\"image\":{\"@type\":\"ImageObject\",\"inLanguage\":\"es\",\"@id\":\"https:\\\/\\\/secure.gravatar.com\\\/avatar\\\/99e38dea1727d397df18aced5ac6840012bb7f24c8570dcfafabb73086aed88c?s=96&d=mm&r=g\",\"url\":\"https:\\\/\\\/secure.gravatar.com\\\/avatar\\\/99e38dea1727d397df18aced5ac6840012bb7f24c8570dcfafabb73086aed88c?s=96&d=mm&r=g\",\"contentUrl\":\"https:\\\/\\\/secure.gravatar.com\\\/avatar\\\/99e38dea1727d397df18aced5ac6840012bb7f24c8570dcfafabb73086aed88c?s=96&d=mm&r=g\",\"caption\":\"PuertoCdelU\"},\"url\":\"https:\\\/\\\/www.puertocdelu.com.ar\\\/index.php\\\/author\\\/hectordelos1\\\/\"}]}<\/script>\n<!-- \/ Yoast SEO plugin. -->","yoast_head_json":{"title":"Intensa actividad en el puerto de Concepci\u00f3n del Uruguay - Puerto de Concepci\u00f3n del Uruguay","robots":{"index":"index","follow":"follow","max-snippet":"max-snippet:-1","max-image-preview":"max-image-preview:large","max-video-preview":"max-video-preview:-1"},"canonical":"https:\/\/www.puertocdelu.com.ar\/index.php\/2026\/02\/01\/intensa-actividad-en-el-puerto-de-concepcion-del-uruguay\/","og_locale":"es_ES","og_type":"article","og_title":"Intensa actividad en el puerto de Concepci\u00f3n del Uruguay - Puerto de Concepci\u00f3n del Uruguay","og_description":"Dos buques ultramarinos cargando para exportar en apenas 7 d\u00edas, la draga Ni\u00f1a haciendo tareas de mantenimiento del dragado del canal de acceso al puerto, movimientos de un buque petrolero en el muelle de inflamables, y la visita del guardacostas escuela Mandubi, de Prefectura Naval Argentina, son algunas de las actividades que se desarrollan por [&hellip;]","og_url":"https:\/\/www.puertocdelu.com.ar\/index.php\/2026\/02\/01\/intensa-actividad-en-el-puerto-de-concepcion-del-uruguay\/","og_site_name":"Puerto de Concepci\u00f3n del Uruguay","article_published_time":"2026-02-01T18:22:55+00:00","og_image":[{"width":2000,"height":1500,"url":"https:\/\/www.puertocdelu.com.ar\/wp-content\/uploads\/2026\/02\/AFRICAN-PIPER-03.jpg","type":"image\/jpeg"}],"author":"PuertoCdelU","twitter_card":"summary_large_image","twitter_misc":{"Escrito por":"PuertoCdelU","Tiempo de lectura":"3 minutos"},"schema":{"@context":"https:\/\/schema.org","@graph":[{"@type":"Article","@id":"https:\/\/www.puertocdelu.com.ar\/index.php\/2026\/02\/01\/intensa-actividad-en-el-puerto-de-concepcion-del-uruguay\/#article","isPartOf":{"@id":"https:\/\/www.puertocdelu.com.ar\/index.php\/2026\/02\/01\/intensa-actividad-en-el-puerto-de-concepcion-del-uruguay\/"},"author":{"name":"PuertoCdelU","@id":"https:\/\/www.puertocdelu.com.ar\/#\/schema\/person\/9d258b923b29bd5f47ca80d9c8cd72d1"},"headline":"Intensa actividad en el puerto de Concepci\u00f3n del Uruguay","datePublished":"2026-02-01T18:22:55+00:00","mainEntityOfPage":{"@id":"https:\/\/www.puertocdelu.com.ar\/index.php\/2026\/02\/01\/intensa-actividad-en-el-puerto-de-concepcion-del-uruguay\/"},"wordCount":535,"commentCount":0,"image":{"@id":"https:\/\/www.puertocdelu.com.ar\/index.php\/2026\/02\/01\/intensa-actividad-en-el-puerto-de-concepcion-del-uruguay\/#primaryimage"},"thumbnailUrl":"https:\/\/www.puertocdelu.com.ar\/wp-content\/uploads\/2026\/02\/AFRICAN-PIPER-03.jpg","articleSection":["Noticias"],"inLanguage":"es","potentialAction":[{"@type":"CommentAction","name":"Comment","target":["https:\/\/www.puertocdelu.com.ar\/index.php\/2026\/02\/01\/intensa-actividad-en-el-puerto-de-concepcion-del-uruguay\/#respond"]}]},{"@type":"WebPage","@id":"https:\/\/www.puertocdelu.com.ar\/index.php\/2026\/02\/01\/intensa-actividad-en-el-puerto-de-concepcion-del-uruguay\/","url":"https:\/\/www.puertocdelu.com.ar\/index.php\/2026\/02\/01\/intensa-actividad-en-el-puerto-de-concepcion-del-uruguay\/","name":"Intensa actividad en el puerto de Concepci\u00f3n del Uruguay - Puerto de Concepci\u00f3n del Uruguay","isPartOf":{"@id":"https:\/\/www.puertocdelu.com.ar\/#website"},"primaryImageOfPage":{"@id":"https:\/\/www.puertocdelu.com.ar\/index.php\/2026\/02\/01\/intensa-actividad-en-el-puerto-de-concepcion-del-uruguay\/#primaryimage"},"image":{"@id":"https:\/\/www.puertocdelu.com.ar\/index.php\/2026\/02\/01\/intensa-actividad-en-el-puerto-de-concepcion-del-uruguay\/#primaryimage"},"thumbnailUrl":"https:\/\/www.puertocdelu.com.ar\/wp-content\/uploads\/2026\/02\/AFRICAN-PIPER-03.jpg","datePublished":"2026-02-01T18:22:55+00:00","author":{"@id":"https:\/\/www.puertocdelu.com.ar\/#\/schema\/person\/9d258b923b29bd5f47ca80d9c8cd72d1"},"breadcrumb":{"@id":"https:\/\/www.puertocdelu.com.ar\/index.php\/2026\/02\/01\/intensa-actividad-en-el-puerto-de-concepcion-del-uruguay\/#breadcrumb"},"inLanguage":"es","potentialAction":[{"@type":"ReadAction","target":["https:\/\/www.puertocdelu.com.ar\/index.php\/2026\/02\/01\/intensa-actividad-en-el-puerto-de-concepcion-del-uruguay\/"]}]},{"@type":"ImageObject","inLanguage":"es","@id":"https:\/\/www.puertocdelu.com.ar\/index.php\/2026\/02\/01\/intensa-actividad-en-el-puerto-de-concepcion-del-uruguay\/#primaryimage","url":"https:\/\/www.puertocdelu.com.ar\/wp-content\/uploads\/2026\/02\/AFRICAN-PIPER-03.jpg","contentUrl":"https:\/\/www.puertocdelu.com.ar\/wp-content\/uploads\/2026\/02\/AFRICAN-PIPER-03.jpg","width":2000,"height":1500,"caption":"El African Piper en el canal de acceso al puerto."},{"@type":"BreadcrumbList","@id":"https:\/\/www.puertocdelu.com.ar\/index.php\/2026\/02\/01\/intensa-actividad-en-el-puerto-de-concepcion-del-uruguay\/#breadcrumb","itemListElement":[{"@type":"ListItem","position":1,"name":"Portada","item":"https:\/\/www.puertocdelu.com.ar\/"},{"@type":"ListItem","position":2,"name":"Intensa actividad en el puerto de Concepci\u00f3n del Uruguay"}]},{"@type":"WebSite","@id":"https:\/\/www.puertocdelu.com.ar\/#website","url":"https:\/\/www.puertocdelu.com.ar\/","name":"Puerto de Concepci\u00f3n del Uruguay","description":"","potentialAction":[{"@type":"SearchAction","target":{"@type":"EntryPoint","urlTemplate":"https:\/\/www.puertocdelu.com.ar\/?s={search_term_string}"},"query-input":{"@type":"PropertyValueSpecification","valueRequired":true,"valueName":"search_term_string"}}],"inLanguage":"es"},{"@type":"Person","@id":"https:\/\/www.puertocdelu.com.ar\/#\/schema\/person\/9d258b923b29bd5f47ca80d9c8cd72d1","name":"PuertoCdelU","image":{"@type":"ImageObject","inLanguage":"es","@id":"https:\/\/secure.gravatar.com\/avatar\/99e38dea1727d397df18aced5ac6840012bb7f24c8570dcfafabb73086aed88c?s=96&d=mm&r=g","url":"https:\/\/secure.gravatar.com\/avatar\/99e38dea1727d397df18aced5ac6840012bb7f24c8570dcfafabb73086aed88c?s=96&d=mm&r=g","contentUrl":"https:\/\/secure.gravatar.com\/avatar\/99e38dea1727d397df18aced5ac6840012bb7f24c8570dcfafabb73086aed88c?s=96&d=mm&r=g","caption":"PuertoCdelU"},"url":"https:\/\/www.puertocdelu.com.ar\/index.php\/author\/hectordelos1\/"}]}},"_links":{"self":[{"href":"https:\/\/www.puertocdelu.com.ar\/index.php\/wp-json\/wp\/v2\/posts\/2935","targetHints":{"allow":["GET"]}}],"collection":[{"href":"https:\/\/www.puertocdelu.com.ar\/index.php\/wp-json\/wp\/v2\/posts"}],"about":[{"href":"https:\/\/www.puertocdelu.com.ar\/index.php\/wp-json\/wp\/v2\/types\/post"}],"author":[{"embeddable":true,"href":"https:\/\/www.puertocdelu.com.ar\/index.php\/wp-json\/wp\/v2\/users\/1"}],"replies":[{"embeddable":true,"href":"https:\/\/www.puertocdelu.com.ar\/index.php\/wp-json\/wp\/v2\/comments?post=2935"}],"version-history":[{"count":1,"href":"https:\/\/www.puertocdelu.com.ar\/index.php\/wp-json\/wp\/v2\/posts\/2935\/revisions"}],"predecessor-version":[{"id":2940,"href":"https:\/\/www.puertocdelu.com.ar\/index.php\/wp-json\/wp\/v2\/posts\/2935\/revisions\/2940"}],"wp:featuredmedia":[{"embeddable":true,"href":"https:\/\/www.puertocdelu.com.ar\/index.php\/wp-json\/wp\/v2\/media\/2936"}],"wp:attachment":[{"href":"https:\/\/www.puertocdelu.com.ar\/index.php\/wp-json\/wp\/v2\/media?parent=2935"}],"wp:term":[{"taxonomy":"category","embeddable":true,"href":"https:\/\/www.puertocdelu.com.ar\/index.php\/wp-json\/wp\/v2\/categories?post=2935"},{"taxonomy":"post_tag","embeddable":true,"href":"https:\/\/www.puertocdelu.com.ar\/index.php\/wp-json\/wp\/v2\/tags?post=2935"}],"curies":[{"name":"wp","href":"https:\/\/api.w.org\/{rel}","templated":true}]}}