{"id":3256,"date":"2026-03-30T21:06:10","date_gmt":"2026-03-30T21:06:10","guid":{"rendered":"https:\/\/www.puertocdelu.com.ar\/?p=3256"},"modified":"2026-03-30T21:06:10","modified_gmt":"2026-03-30T21:06:10","slug":"cerro-el-plazo-de-presentacion-de-propuestas-para-la-puesta-en-valor-de-la-vieja-aduana-y-el-muelle-de-alto-nivel","status":"publish","type":"post","link":"https:\/\/www.puertocdelu.com.ar\/index.php\/2026\/03\/30\/cerro-el-plazo-de-presentacion-de-propuestas-para-la-puesta-en-valor-de-la-vieja-aduana-y-el-muelle-de-alto-nivel\/","title":{"rendered":"Cerr\u00f3 el plazo de presentaci\u00f3n de propuestas para la puesta en valor de la Vieja Aduana y el Muelle de Alto Nivel"},"content":{"rendered":"<p>Tal como estaba previsto en el proceso de puesta en valor del sector norte del predio portuario, este lunes 30 de marzo a las 12:00 horas finaliz\u00f3 el plazo para la presentaci\u00f3n de propuestas de inversi\u00f3n destinadas a la recuperaci\u00f3n del edificio de la Vieja Aduana, el sector de muelles de Alto Nivel, la mejora de la plazoleta Mariano L\u00f3pez y la refuncionalizaci\u00f3n del Muelle N\u00b01, hist\u00f3ricamente vinculado al amarre de catamaranes con fines tur\u00edsticos.<\/p>\n<p>La iniciativa, impulsada por el Puerto de Concepci\u00f3n del Uruguay y acompa\u00f1ada por la Municipalidad de la ciudad, tiene como objetivo recuperar espacios de alto valor hist\u00f3rico, urbano y ciudadano, promoviendo proyectos integrales con fines tur\u00edsticos, gastron\u00f3micos, recreativos y culturales, en convivencia con la actividad portuaria y bajo criterios de sustentabilidad, accesibilidad y preservaci\u00f3n patrimonial.<\/p>\n<p>El procedimiento fue lanzado a comienzos del mes de febrero, garantizando condiciones de transparencia, libre concurrencia y reglas claras para todos los interesados. A tal efecto, el EAPCU habilit\u00f3 un micrositio web donde se puso a disposici\u00f3n la totalidad de la documentaci\u00f3n t\u00e9cnica, administrativa y legal requerida para la presentaci\u00f3n de propuestas.<\/p>\n<p>Un paso clave para la reconversi\u00f3n del patrimonio portuario<\/p>\n<p>Durante el per\u00edodo de convocatoria, se registr\u00f3 el inter\u00e9s de diversos actores, entre ellos comerciantes del sector gastron\u00f3mico, estudios de arquitectura, operadores tur\u00edsticos y potenciales inversores, quienes realizaron consultas ante el Ente Portuario con el fin de evacuar dudas y acceder a informaci\u00f3n t\u00e9cnica relevante.<\/p>\n<p>Finalmente, y luego de haberse presentado varios interesados en recabar detalles sobre los alcances y la magnitud de la propuesta, se formaliz\u00f3 una presentaci\u00f3n remitida este lunes al Ente Aut\u00e1rquico Puerto Concepci\u00f3n del Uruguay (EAPCU).<\/p>\n<p>A partir de ahora, la Comisi\u00f3n de Evaluaci\u00f3n de Propuestas iniciar\u00e1 el an\u00e1lisis t\u00e9cnico, econ\u00f3mico y jur\u00eddico de las iniciativas recibidas, disponiendo de un plazo de hasta veinte d\u00edas para expedirse. Durante este per\u00edodo, podr\u00e1 requerir aclaraciones, ampliaciones o mejoras a los proponentes, as\u00ed como solicitar la asistencia de organismos t\u00e9cnicos provinciales o municipales.<\/p>\n<p>Cabe se\u00f1alar que la presentaci\u00f3n de propuestas no genera derecho alguno a adjudicaci\u00f3n, en tanto se trata de una etapa de car\u00e1cter precontractual dentro del proceso de selecci\u00f3n.<\/p>\n","protected":false},"excerpt":{"rendered":"<p>Tal como estaba previsto en el proceso de puesta en valor del sector norte del predio portuario, este lunes 30 de marzo a las 12:00 horas finaliz\u00f3 el plazo para la presentaci\u00f3n de propuestas de inversi\u00f3n destinadas a la recuperaci\u00f3n del edificio de la Vieja Aduana, el sector de muelles de Alto Nivel, la mejora [&hellip;]<\/p>\n","protected":false},"author":1,"featured_media":3244,"comment_status":"open","ping_status":"open","sticky":false,"template":"","format":"standard","meta":{"footnotes":""},"categories":[81],"tags":[],"class_list":{"0":"post-3256","1":"post","2":"type-post","3":"status-publish","4":"format-standard","5":"has-post-thumbnail","7":"category-noticias"},"yoast_head":"<!-- This site is optimized with the Yoast SEO plugin v27.4 - https:\/\/yoast.com\/product\/yoast-seo-wordpress\/ -->\n<title>Cerr\u00f3 el plazo de presentaci\u00f3n de propuestas para la puesta en valor de la Vieja Aduana y el Muelle de Alto Nivel - Puerto de Concepci\u00f3n del Uruguay<\/title>\n<meta name=\"robots\" content=\"index, follow, max-snippet:-1, max-image-preview:large, max-video-preview:-1\" \/>\n<link rel=\"canonical\" href=\"https:\/\/www.puertocdelu.com.ar\/index.php\/2026\/03\/30\/cerro-el-plazo-de-presentacion-de-propuestas-para-la-puesta-en-valor-de-la-vieja-aduana-y-el-muelle-de-alto-nivel\/\" \/>\n<meta property=\"og:locale\" content=\"es_ES\" \/>\n<meta property=\"og:type\" content=\"article\" \/>\n<meta property=\"og:title\" content=\"Cerr\u00f3 el plazo de presentaci\u00f3n de propuestas para la puesta en valor de la Vieja Aduana y el Muelle de Alto Nivel - Puerto de Concepci\u00f3n del Uruguay\" \/>\n<meta property=\"og:description\" content=\"Tal como estaba previsto en el proceso de puesta en valor del sector norte del predio portuario, este lunes 30 de marzo a las 12:00 horas finaliz\u00f3 el plazo para la presentaci\u00f3n de propuestas de inversi\u00f3n destinadas a la recuperaci\u00f3n del edificio de la Vieja Aduana, el sector de muelles de Alto Nivel, la mejora [&hellip;]\" \/>\n<meta property=\"og:url\" content=\"https:\/\/www.puertocdelu.com.ar\/index.php\/2026\/03\/30\/cerro-el-plazo-de-presentacion-de-propuestas-para-la-puesta-en-valor-de-la-vieja-aduana-y-el-muelle-de-alto-nivel\/\" \/>\n<meta property=\"og:site_name\" content=\"Puerto de Concepci\u00f3n del Uruguay\" \/>\n<meta property=\"article:published_time\" content=\"2026-03-30T21:06:10+00:00\" \/>\n<meta property=\"og:image\" content=\"https:\/\/www.puertocdelu.com.ar\/wp-content\/uploads\/2026\/02\/Vieja-Aduana-scaled.jpg\" \/>\n\t<meta property=\"og:image:width\" content=\"2560\" \/>\n\t<meta property=\"og:image:height\" content=\"1920\" \/>\n\t<meta property=\"og:image:type\" content=\"image\/jpeg\" \/>\n<meta name=\"author\" content=\"PuertoCdelU\" \/>\n<meta name=\"twitter:card\" content=\"summary_large_image\" \/>\n<meta name=\"twitter:label1\" content=\"Escrito por\" \/>\n\t<meta name=\"twitter:data1\" content=\"PuertoCdelU\" \/>\n\t<meta name=\"twitter:label2\" content=\"Tiempo de lectura\" \/>\n\t<meta name=\"twitter:data2\" content=\"2 minutos\" \/>\n<script type=\"application\/ld+json\" class=\"yoast-schema-graph\">{\"@context\":\"https:\\\/\\\/schema.org\",\"@graph\":[{\"@type\":\"Article\",\"@id\":\"https:\\\/\\\/www.puertocdelu.com.ar\\\/index.php\\\/2026\\\/03\\\/30\\\/cerro-el-plazo-de-presentacion-de-propuestas-para-la-puesta-en-valor-de-la-vieja-aduana-y-el-muelle-de-alto-nivel\\\/#article\",\"isPartOf\":{\"@id\":\"https:\\\/\\\/www.puertocdelu.com.ar\\\/index.php\\\/2026\\\/03\\\/30\\\/cerro-el-plazo-de-presentacion-de-propuestas-para-la-puesta-en-valor-de-la-vieja-aduana-y-el-muelle-de-alto-nivel\\\/\"},\"author\":{\"name\":\"PuertoCdelU\",\"@id\":\"https:\\\/\\\/www.puertocdelu.com.ar\\\/#\\\/schema\\\/person\\\/9d258b923b29bd5f47ca80d9c8cd72d1\"},\"headline\":\"Cerr\u00f3 el plazo de presentaci\u00f3n de propuestas para la puesta en valor de la Vieja Aduana y el Muelle de Alto Nivel\",\"datePublished\":\"2026-03-30T21:06:10+00:00\",\"mainEntityOfPage\":{\"@id\":\"https:\\\/\\\/www.puertocdelu.com.ar\\\/index.php\\\/2026\\\/03\\\/30\\\/cerro-el-plazo-de-presentacion-de-propuestas-para-la-puesta-en-valor-de-la-vieja-aduana-y-el-muelle-de-alto-nivel\\\/\"},\"wordCount\":415,\"commentCount\":0,\"image\":{\"@id\":\"https:\\\/\\\/www.puertocdelu.com.ar\\\/index.php\\\/2026\\\/03\\\/30\\\/cerro-el-plazo-de-presentacion-de-propuestas-para-la-puesta-en-valor-de-la-vieja-aduana-y-el-muelle-de-alto-nivel\\\/#primaryimage\"},\"thumbnailUrl\":\"https:\\\/\\\/www.puertocdelu.com.ar\\\/wp-content\\\/uploads\\\/2026\\\/02\\\/Vieja-Aduana-scaled.jpg\",\"articleSection\":[\"Noticias\"],\"inLanguage\":\"es\",\"potentialAction\":[{\"@type\":\"CommentAction\",\"name\":\"Comment\",\"target\":[\"https:\\\/\\\/www.puertocdelu.com.ar\\\/index.php\\\/2026\\\/03\\\/30\\\/cerro-el-plazo-de-presentacion-de-propuestas-para-la-puesta-en-valor-de-la-vieja-aduana-y-el-muelle-de-alto-nivel\\\/#respond\"]}]},{\"@type\":\"WebPage\",\"@id\":\"https:\\\/\\\/www.puertocdelu.com.ar\\\/index.php\\\/2026\\\/03\\\/30\\\/cerro-el-plazo-de-presentacion-de-propuestas-para-la-puesta-en-valor-de-la-vieja-aduana-y-el-muelle-de-alto-nivel\\\/\",\"url\":\"https:\\\/\\\/www.puertocdelu.com.ar\\\/index.php\\\/2026\\\/03\\\/30\\\/cerro-el-plazo-de-presentacion-de-propuestas-para-la-puesta-en-valor-de-la-vieja-aduana-y-el-muelle-de-alto-nivel\\\/\",\"name\":\"Cerr\u00f3 el plazo de presentaci\u00f3n de propuestas para la puesta en valor de la Vieja Aduana y el Muelle de Alto Nivel - Puerto de Concepci\u00f3n del Uruguay\",\"isPartOf\":{\"@id\":\"https:\\\/\\\/www.puertocdelu.com.ar\\\/#website\"},\"primaryImageOfPage\":{\"@id\":\"https:\\\/\\\/www.puertocdelu.com.ar\\\/index.php\\\/2026\\\/03\\\/30\\\/cerro-el-plazo-de-presentacion-de-propuestas-para-la-puesta-en-valor-de-la-vieja-aduana-y-el-muelle-de-alto-nivel\\\/#primaryimage\"},\"image\":{\"@id\":\"https:\\\/\\\/www.puertocdelu.com.ar\\\/index.php\\\/2026\\\/03\\\/30\\\/cerro-el-plazo-de-presentacion-de-propuestas-para-la-puesta-en-valor-de-la-vieja-aduana-y-el-muelle-de-alto-nivel\\\/#primaryimage\"},\"thumbnailUrl\":\"https:\\\/\\\/www.puertocdelu.com.ar\\\/wp-content\\\/uploads\\\/2026\\\/02\\\/Vieja-Aduana-scaled.jpg\",\"datePublished\":\"2026-03-30T21:06:10+00:00\",\"author\":{\"@id\":\"https:\\\/\\\/www.puertocdelu.com.ar\\\/#\\\/schema\\\/person\\\/9d258b923b29bd5f47ca80d9c8cd72d1\"},\"breadcrumb\":{\"@id\":\"https:\\\/\\\/www.puertocdelu.com.ar\\\/index.php\\\/2026\\\/03\\\/30\\\/cerro-el-plazo-de-presentacion-de-propuestas-para-la-puesta-en-valor-de-la-vieja-aduana-y-el-muelle-de-alto-nivel\\\/#breadcrumb\"},\"inLanguage\":\"es\",\"potentialAction\":[{\"@type\":\"ReadAction\",\"target\":[\"https:\\\/\\\/www.puertocdelu.com.ar\\\/index.php\\\/2026\\\/03\\\/30\\\/cerro-el-plazo-de-presentacion-de-propuestas-para-la-puesta-en-valor-de-la-vieja-aduana-y-el-muelle-de-alto-nivel\\\/\"]}]},{\"@type\":\"ImageObject\",\"inLanguage\":\"es\",\"@id\":\"https:\\\/\\\/www.puertocdelu.com.ar\\\/index.php\\\/2026\\\/03\\\/30\\\/cerro-el-plazo-de-presentacion-de-propuestas-para-la-puesta-en-valor-de-la-vieja-aduana-y-el-muelle-de-alto-nivel\\\/#primaryimage\",\"url\":\"https:\\\/\\\/www.puertocdelu.com.ar\\\/wp-content\\\/uploads\\\/2026\\\/02\\\/Vieja-Aduana-scaled.jpg\",\"contentUrl\":\"https:\\\/\\\/www.puertocdelu.com.ar\\\/wp-content\\\/uploads\\\/2026\\\/02\\\/Vieja-Aduana-scaled.jpg\",\"width\":2560,\"height\":1920},{\"@type\":\"BreadcrumbList\",\"@id\":\"https:\\\/\\\/www.puertocdelu.com.ar\\\/index.php\\\/2026\\\/03\\\/30\\\/cerro-el-plazo-de-presentacion-de-propuestas-para-la-puesta-en-valor-de-la-vieja-aduana-y-el-muelle-de-alto-nivel\\\/#breadcrumb\",\"itemListElement\":[{\"@type\":\"ListItem\",\"position\":1,\"name\":\"Portada\",\"item\":\"https:\\\/\\\/www.puertocdelu.com.ar\\\/\"},{\"@type\":\"ListItem\",\"position\":2,\"name\":\"Cerr\u00f3 el plazo de presentaci\u00f3n de propuestas para la puesta en valor de la Vieja Aduana y el Muelle de Alto Nivel\"}]},{\"@type\":\"WebSite\",\"@id\":\"https:\\\/\\\/www.puertocdelu.com.ar\\\/#website\",\"url\":\"https:\\\/\\\/www.puertocdelu.com.ar\\\/\",\"name\":\"Puerto de Concepci\u00f3n del Uruguay\",\"description\":\"\",\"potentialAction\":[{\"@type\":\"SearchAction\",\"target\":{\"@type\":\"EntryPoint\",\"urlTemplate\":\"https:\\\/\\\/www.puertocdelu.com.ar\\\/?s={search_term_string}\"},\"query-input\":{\"@type\":\"PropertyValueSpecification\",\"valueRequired\":true,\"valueName\":\"search_term_string\"}}],\"inLanguage\":\"es\"},{\"@type\":\"Person\",\"@id\":\"https:\\\/\\\/www.puertocdelu.com.ar\\\/#\\\/schema\\\/person\\\/9d258b923b29bd5f47ca80d9c8cd72d1\",\"name\":\"PuertoCdelU\",\"image\":{\"@type\":\"ImageObject\",\"inLanguage\":\"es\",\"@id\":\"https:\\\/\\\/secure.gravatar.com\\\/avatar\\\/99e38dea1727d397df18aced5ac6840012bb7f24c8570dcfafabb73086aed88c?s=96&d=mm&r=g\",\"url\":\"https:\\\/\\\/secure.gravatar.com\\\/avatar\\\/99e38dea1727d397df18aced5ac6840012bb7f24c8570dcfafabb73086aed88c?s=96&d=mm&r=g\",\"contentUrl\":\"https:\\\/\\\/secure.gravatar.com\\\/avatar\\\/99e38dea1727d397df18aced5ac6840012bb7f24c8570dcfafabb73086aed88c?s=96&d=mm&r=g\",\"caption\":\"PuertoCdelU\"},\"url\":\"https:\\\/\\\/www.puertocdelu.com.ar\\\/index.php\\\/author\\\/hectordelos1\\\/\"}]}<\/script>\n<!-- \/ Yoast SEO plugin. -->","yoast_head_json":{"title":"Cerr\u00f3 el plazo de presentaci\u00f3n de propuestas para la puesta en valor de la Vieja Aduana y el Muelle de Alto Nivel - Puerto de Concepci\u00f3n del Uruguay","robots":{"index":"index","follow":"follow","max-snippet":"max-snippet:-1","max-image-preview":"max-image-preview:large","max-video-preview":"max-video-preview:-1"},"canonical":"https:\/\/www.puertocdelu.com.ar\/index.php\/2026\/03\/30\/cerro-el-plazo-de-presentacion-de-propuestas-para-la-puesta-en-valor-de-la-vieja-aduana-y-el-muelle-de-alto-nivel\/","og_locale":"es_ES","og_type":"article","og_title":"Cerr\u00f3 el plazo de presentaci\u00f3n de propuestas para la puesta en valor de la Vieja Aduana y el Muelle de Alto Nivel - Puerto de Concepci\u00f3n del Uruguay","og_description":"Tal como estaba previsto en el proceso de puesta en valor del sector norte del predio portuario, este lunes 30 de marzo a las 12:00 horas finaliz\u00f3 el plazo para la presentaci\u00f3n de propuestas de inversi\u00f3n destinadas a la recuperaci\u00f3n del edificio de la Vieja Aduana, el sector de muelles de Alto Nivel, la mejora [&hellip;]","og_url":"https:\/\/www.puertocdelu.com.ar\/index.php\/2026\/03\/30\/cerro-el-plazo-de-presentacion-de-propuestas-para-la-puesta-en-valor-de-la-vieja-aduana-y-el-muelle-de-alto-nivel\/","og_site_name":"Puerto de Concepci\u00f3n del Uruguay","article_published_time":"2026-03-30T21:06:10+00:00","og_image":[{"width":2560,"height":1920,"url":"https:\/\/www.puertocdelu.com.ar\/wp-content\/uploads\/2026\/02\/Vieja-Aduana-scaled.jpg","type":"image\/jpeg"}],"author":"PuertoCdelU","twitter_card":"summary_large_image","twitter_misc":{"Escrito por":"PuertoCdelU","Tiempo de lectura":"2 minutos"},"schema":{"@context":"https:\/\/schema.org","@graph":[{"@type":"Article","@id":"https:\/\/www.puertocdelu.com.ar\/index.php\/2026\/03\/30\/cerro-el-plazo-de-presentacion-de-propuestas-para-la-puesta-en-valor-de-la-vieja-aduana-y-el-muelle-de-alto-nivel\/#article","isPartOf":{"@id":"https:\/\/www.puertocdelu.com.ar\/index.php\/2026\/03\/30\/cerro-el-plazo-de-presentacion-de-propuestas-para-la-puesta-en-valor-de-la-vieja-aduana-y-el-muelle-de-alto-nivel\/"},"author":{"name":"PuertoCdelU","@id":"https:\/\/www.puertocdelu.com.ar\/#\/schema\/person\/9d258b923b29bd5f47ca80d9c8cd72d1"},"headline":"Cerr\u00f3 el plazo de presentaci\u00f3n de propuestas para la puesta en valor de la Vieja Aduana y el Muelle de Alto Nivel","datePublished":"2026-03-30T21:06:10+00:00","mainEntityOfPage":{"@id":"https:\/\/www.puertocdelu.com.ar\/index.php\/2026\/03\/30\/cerro-el-plazo-de-presentacion-de-propuestas-para-la-puesta-en-valor-de-la-vieja-aduana-y-el-muelle-de-alto-nivel\/"},"wordCount":415,"commentCount":0,"image":{"@id":"https:\/\/www.puertocdelu.com.ar\/index.php\/2026\/03\/30\/cerro-el-plazo-de-presentacion-de-propuestas-para-la-puesta-en-valor-de-la-vieja-aduana-y-el-muelle-de-alto-nivel\/#primaryimage"},"thumbnailUrl":"https:\/\/www.puertocdelu.com.ar\/wp-content\/uploads\/2026\/02\/Vieja-Aduana-scaled.jpg","articleSection":["Noticias"],"inLanguage":"es","potentialAction":[{"@type":"CommentAction","name":"Comment","target":["https:\/\/www.puertocdelu.com.ar\/index.php\/2026\/03\/30\/cerro-el-plazo-de-presentacion-de-propuestas-para-la-puesta-en-valor-de-la-vieja-aduana-y-el-muelle-de-alto-nivel\/#respond"]}]},{"@type":"WebPage","@id":"https:\/\/www.puertocdelu.com.ar\/index.php\/2026\/03\/30\/cerro-el-plazo-de-presentacion-de-propuestas-para-la-puesta-en-valor-de-la-vieja-aduana-y-el-muelle-de-alto-nivel\/","url":"https:\/\/www.puertocdelu.com.ar\/index.php\/2026\/03\/30\/cerro-el-plazo-de-presentacion-de-propuestas-para-la-puesta-en-valor-de-la-vieja-aduana-y-el-muelle-de-alto-nivel\/","name":"Cerr\u00f3 el plazo de presentaci\u00f3n de propuestas para la puesta en valor de la Vieja Aduana y el Muelle de Alto Nivel - Puerto de Concepci\u00f3n del Uruguay","isPartOf":{"@id":"https:\/\/www.puertocdelu.com.ar\/#website"},"primaryImageOfPage":{"@id":"https:\/\/www.puertocdelu.com.ar\/index.php\/2026\/03\/30\/cerro-el-plazo-de-presentacion-de-propuestas-para-la-puesta-en-valor-de-la-vieja-aduana-y-el-muelle-de-alto-nivel\/#primaryimage"},"image":{"@id":"https:\/\/www.puertocdelu.com.ar\/index.php\/2026\/03\/30\/cerro-el-plazo-de-presentacion-de-propuestas-para-la-puesta-en-valor-de-la-vieja-aduana-y-el-muelle-de-alto-nivel\/#primaryimage"},"thumbnailUrl":"https:\/\/www.puertocdelu.com.ar\/wp-content\/uploads\/2026\/02\/Vieja-Aduana-scaled.jpg","datePublished":"2026-03-30T21:06:10+00:00","author":{"@id":"https:\/\/www.puertocdelu.com.ar\/#\/schema\/person\/9d258b923b29bd5f47ca80d9c8cd72d1"},"breadcrumb":{"@id":"https:\/\/www.puertocdelu.com.ar\/index.php\/2026\/03\/30\/cerro-el-plazo-de-presentacion-de-propuestas-para-la-puesta-en-valor-de-la-vieja-aduana-y-el-muelle-de-alto-nivel\/#breadcrumb"},"inLanguage":"es","potentialAction":[{"@type":"ReadAction","target":["https:\/\/www.puertocdelu.com.ar\/index.php\/2026\/03\/30\/cerro-el-plazo-de-presentacion-de-propuestas-para-la-puesta-en-valor-de-la-vieja-aduana-y-el-muelle-de-alto-nivel\/"]}]},{"@type":"ImageObject","inLanguage":"es","@id":"https:\/\/www.puertocdelu.com.ar\/index.php\/2026\/03\/30\/cerro-el-plazo-de-presentacion-de-propuestas-para-la-puesta-en-valor-de-la-vieja-aduana-y-el-muelle-de-alto-nivel\/#primaryimage","url":"https:\/\/www.puertocdelu.com.ar\/wp-content\/uploads\/2026\/02\/Vieja-Aduana-scaled.jpg","contentUrl":"https:\/\/www.puertocdelu.com.ar\/wp-content\/uploads\/2026\/02\/Vieja-Aduana-scaled.jpg","width":2560,"height":1920},{"@type":"BreadcrumbList","@id":"https:\/\/www.puertocdelu.com.ar\/index.php\/2026\/03\/30\/cerro-el-plazo-de-presentacion-de-propuestas-para-la-puesta-en-valor-de-la-vieja-aduana-y-el-muelle-de-alto-nivel\/#breadcrumb","itemListElement":[{"@type":"ListItem","position":1,"name":"Portada","item":"https:\/\/www.puertocdelu.com.ar\/"},{"@type":"ListItem","position":2,"name":"Cerr\u00f3 el plazo de presentaci\u00f3n de propuestas para la puesta en valor de la Vieja Aduana y el Muelle de Alto Nivel"}]},{"@type":"WebSite","@id":"https:\/\/www.puertocdelu.com.ar\/#website","url":"https:\/\/www.puertocdelu.com.ar\/","name":"Puerto de Concepci\u00f3n del Uruguay","description":"","potentialAction":[{"@type":"SearchAction","target":{"@type":"EntryPoint","urlTemplate":"https:\/\/www.puertocdelu.com.ar\/?s={search_term_string}"},"query-input":{"@type":"PropertyValueSpecification","valueRequired":true,"valueName":"search_term_string"}}],"inLanguage":"es"},{"@type":"Person","@id":"https:\/\/www.puertocdelu.com.ar\/#\/schema\/person\/9d258b923b29bd5f47ca80d9c8cd72d1","name":"PuertoCdelU","image":{"@type":"ImageObject","inLanguage":"es","@id":"https:\/\/secure.gravatar.com\/avatar\/99e38dea1727d397df18aced5ac6840012bb7f24c8570dcfafabb73086aed88c?s=96&d=mm&r=g","url":"https:\/\/secure.gravatar.com\/avatar\/99e38dea1727d397df18aced5ac6840012bb7f24c8570dcfafabb73086aed88c?s=96&d=mm&r=g","contentUrl":"https:\/\/secure.gravatar.com\/avatar\/99e38dea1727d397df18aced5ac6840012bb7f24c8570dcfafabb73086aed88c?s=96&d=mm&r=g","caption":"PuertoCdelU"},"url":"https:\/\/www.puertocdelu.com.ar\/index.php\/author\/hectordelos1\/"}]}},"_links":{"self":[{"href":"https:\/\/www.puertocdelu.com.ar\/index.php\/wp-json\/wp\/v2\/posts\/3256","targetHints":{"allow":["GET"]}}],"collection":[{"href":"https:\/\/www.puertocdelu.com.ar\/index.php\/wp-json\/wp\/v2\/posts"}],"about":[{"href":"https:\/\/www.puertocdelu.com.ar\/index.php\/wp-json\/wp\/v2\/types\/post"}],"author":[{"embeddable":true,"href":"https:\/\/www.puertocdelu.com.ar\/index.php\/wp-json\/wp\/v2\/users\/1"}],"replies":[{"embeddable":true,"href":"https:\/\/www.puertocdelu.com.ar\/index.php\/wp-json\/wp\/v2\/comments?post=3256"}],"version-history":[{"count":1,"href":"https:\/\/www.puertocdelu.com.ar\/index.php\/wp-json\/wp\/v2\/posts\/3256\/revisions"}],"predecessor-version":[{"id":3257,"href":"https:\/\/www.puertocdelu.com.ar\/index.php\/wp-json\/wp\/v2\/posts\/3256\/revisions\/3257"}],"wp:featuredmedia":[{"embeddable":true,"href":"https:\/\/www.puertocdelu.com.ar\/index.php\/wp-json\/wp\/v2\/media\/3244"}],"wp:attachment":[{"href":"https:\/\/www.puertocdelu.com.ar\/index.php\/wp-json\/wp\/v2\/media?parent=3256"}],"wp:term":[{"taxonomy":"category","embeddable":true,"href":"https:\/\/www.puertocdelu.com.ar\/index.php\/wp-json\/wp\/v2\/categories?post=3256"},{"taxonomy":"post_tag","embeddable":true,"href":"https:\/\/www.puertocdelu.com.ar\/index.php\/wp-json\/wp\/v2\/tags?post=3256"}],"curies":[{"name":"wp","href":"https:\/\/api.w.org\/{rel}","templated":true}]}}