{"id":673,"date":"2016-09-22T01:59:09","date_gmt":"2016-09-22T01:59:09","guid":{"rendered":"http:\/\/www.puertocdelu.com.ar\/puerto\/?p=673"},"modified":"2016-09-22T13:07:54","modified_gmt":"2016-09-22T13:07:54","slug":"logistica-al-servicio-del-mundo","status":"publish","type":"post","link":"https:\/\/www.puertocdelu.com.ar\/index.php\/2016\/09\/22\/logistica-al-servicio-del-mundo\/","title":{"rendered":""},"content":{"rendered":"<p><span style=\"color: #000000;\"><img loading=\"lazy\" decoding=\"async\" class=\"alignright wp-image-619\" src=\"https:\/\/www.puertocdelu.com.ar\/puerto\/wp-content\/uploads\/2016\/09\/04-1024x768.jpg\" alt=\"04\" width=\"600\" height=\"450\" srcset=\"https:\/\/www.puertocdelu.com.ar\/wp-content\/uploads\/2016\/09\/04-1024x768.jpg 1024w, https:\/\/www.puertocdelu.com.ar\/wp-content\/uploads\/2016\/09\/04-300x225.jpg 300w, https:\/\/www.puertocdelu.com.ar\/wp-content\/uploads\/2016\/09\/04-768x576.jpg 768w, https:\/\/www.puertocdelu.com.ar\/wp-content\/uploads\/2016\/09\/04-80x60.jpg 80w, https:\/\/www.puertocdelu.com.ar\/wp-content\/uploads\/2016\/09\/04-265x198.jpg 265w, https:\/\/www.puertocdelu.com.ar\/wp-content\/uploads\/2016\/09\/04-696x522.jpg 696w, https:\/\/www.puertocdelu.com.ar\/wp-content\/uploads\/2016\/09\/04-1068x801.jpg 1068w, https:\/\/www.puertocdelu.com.ar\/wp-content\/uploads\/2016\/09\/04-560x420.jpg 560w, https:\/\/www.puertocdelu.com.ar\/wp-content\/uploads\/2016\/09\/04.jpg 1200w\" sizes=\"auto, (max-width: 600px) 100vw, 600px\" \/><\/span><\/p>\n<h1 style=\"text-align: center;\"><span style=\"color: #7d0000;\"><strong>S\u00f3lo 22 minutos para acceder al puerto<\/strong><\/span><\/h1>\n<p>Ubicaci\u00f3n geogr\u00e1fica: ubicado sobre el r\u00edo Uruguay en el km 183 sobre el r\u00edo Uruguay (32\u00ba 25\u00b4 S &#8211; 58\u00ba 13\u00b4 W), se encuentra a estrecha distancia de las zonas de producci\u00f3n de la regi\u00f3n, y a 320 kil\u00f3metros del puerto de Buenos Aires.<\/p>\n<p>Ocupa una superficie de m\u00e1s de 18 hect\u00e1reas.Caracter\u00edsticas Clim\u00e1ticas: Clima templado h\u00famedo de llanura.<\/p>\n<p>Temperatura media anual de 17,6\u00baC.<\/p>\n<p>Vientos predominantes del cuadrante sureste, con una velocidad promedio de 11 Km\/h.<\/p>\n<p>Precipitacion media anual de 1133 mm, con 86 d\u00edas de lluvia al a\u00f1o.<\/p>\n<p>Calado: el dragado a 23 pies al cero, que posibilita un calado efectivo de 31 pies, permite la operatoria de buques de hasta 225 metros de eslora.<\/p>\n<h2><span style=\"color: #7d0000;\"><strong><img loading=\"lazy\" decoding=\"async\" class=\"size-large wp-image-642 alignright\" src=\"https:\/\/www.puertocdelu.com.ar\/puerto\/wp-content\/uploads\/2016\/09\/06-1024x565.jpg\" alt=\"06\" width=\"640\" height=\"353\" srcset=\"https:\/\/www.puertocdelu.com.ar\/wp-content\/uploads\/2016\/09\/06-1024x565.jpg 1024w, https:\/\/www.puertocdelu.com.ar\/wp-content\/uploads\/2016\/09\/06-300x166.jpg 300w, https:\/\/www.puertocdelu.com.ar\/wp-content\/uploads\/2016\/09\/06-768x424.jpg 768w, https:\/\/www.puertocdelu.com.ar\/wp-content\/uploads\/2016\/09\/06-696x385.jpg 696w, https:\/\/www.puertocdelu.com.ar\/wp-content\/uploads\/2016\/09\/06-1068x590.jpg 1068w, https:\/\/www.puertocdelu.com.ar\/wp-content\/uploads\/2016\/09\/06-761x420.jpg 761w, https:\/\/www.puertocdelu.com.ar\/wp-content\/uploads\/2016\/09\/06.jpg 1400w\" sizes=\"auto, (max-width: 640px) 100vw, 640px\" \/>Accesibilidad por Ruta<\/strong><\/span><\/h2>\n<p>Se accede al Puerto de Concepci\u00f3n del Uruguay desde la Autov\u00eda \u00abJos\u00e9 Gervasio Artigas\u00bb (Ex Ruta Nacional 14), a trav\u00e9s de un acceso de tr\u00e1nsito espec\u00edfico que permite llegar hasta el puerto en s\u00f3lo 22 minutos a la velocidad normal de un veh\u00edculo cargado. Se encuentra interconectado con todo el sistema de carreteras nacionales, vinculando as\u00ed las diversas econom\u00edas regionales y centros de consumo.<\/p>\n<h2><span style=\"color: #7d0000;\"><strong>Acceso fluvial<\/strong><\/span><\/h2>\n<p>Desde el R\u00edo de la Plata, R\u00edo Uruguay, D\u00e1rsena Interior (en Riacho Itap\u00e9). El acceso exterior tiene 80 metros de ancho y 1.300 metros de longitud. El Acceso Interior tiene 60 metros de ancho y 1.200 metros de longitud.<\/p>\n<p>&nbsp;<\/p>\n<p>&nbsp;<\/p>\n<p>&nbsp;<\/p>\n","protected":false},"excerpt":{"rendered":"<p>S\u00f3lo 22 minutos para acceder al puerto Ubicaci\u00f3n geogr\u00e1fica: ubicado sobre el r\u00edo Uruguay en el km 183 sobre el r\u00edo Uruguay (32\u00ba 25\u00b4 S &#8211; 58\u00ba 13\u00b4 W), se encuentra a estrecha distancia de las zonas de producci\u00f3n de la regi\u00f3n, y a 320 kil\u00f3metros del puerto de Buenos Aires. Ocupa una superficie de [&hellip;]<\/p>\n","protected":false},"author":1,"featured_media":768,"comment_status":"open","ping_status":"open","sticky":false,"template":"","format":"standard","meta":{"footnotes":""},"categories":[83],"tags":[],"class_list":{"0":"post-673","1":"post","2":"type-post","3":"status-publish","4":"format-standard","5":"has-post-thumbnail","7":"category-indice"},"yoast_head":"<!-- This site is optimized with the Yoast SEO plugin v27.4 - https:\/\/yoast.com\/product\/yoast-seo-wordpress\/ -->\n<title>- Puerto de Concepci\u00f3n del Uruguay<\/title>\n<meta name=\"robots\" content=\"index, follow, max-snippet:-1, max-image-preview:large, max-video-preview:-1\" \/>\n<link rel=\"canonical\" href=\"https:\/\/www.puertocdelu.com.ar\/index.php\/2016\/09\/22\/logistica-al-servicio-del-mundo\/\" \/>\n<meta property=\"og:locale\" content=\"es_ES\" \/>\n<meta property=\"og:type\" content=\"article\" \/>\n<meta property=\"og:title\" content=\"- Puerto de Concepci\u00f3n del Uruguay\" \/>\n<meta property=\"og:description\" content=\"S\u00f3lo 22 minutos para acceder al puerto Ubicaci\u00f3n geogr\u00e1fica: ubicado sobre el r\u00edo Uruguay en el km 183 sobre el r\u00edo Uruguay (32\u00ba 25\u00b4 S &#8211; 58\u00ba 13\u00b4 W), se encuentra a estrecha distancia de las zonas de producci\u00f3n de la regi\u00f3n, y a 320 kil\u00f3metros del puerto de Buenos Aires. Ocupa una superficie de [&hellip;]\" \/>\n<meta property=\"og:url\" content=\"https:\/\/www.puertocdelu.com.ar\/index.php\/2016\/09\/22\/logistica-al-servicio-del-mundo\/\" \/>\n<meta property=\"og:site_name\" content=\"Puerto de Concepci\u00f3n del Uruguay\" \/>\n<meta property=\"article:published_time\" content=\"2016-09-22T01:59:09+00:00\" \/>\n<meta property=\"article:modified_time\" content=\"2016-09-22T13:07:54+00:00\" \/>\n<meta property=\"og:image\" content=\"https:\/\/www.puertocdelu.com.ar\/wp-content\/uploads\/2016\/09\/logistica.jpg\" \/>\n\t<meta property=\"og:image:width\" content=\"1200\" \/>\n\t<meta property=\"og:image:height\" content=\"400\" \/>\n\t<meta property=\"og:image:type\" content=\"image\/jpeg\" \/>\n<meta name=\"author\" content=\"PuertoCdelU\" \/>\n<meta name=\"twitter:card\" content=\"summary_large_image\" \/>\n<meta name=\"twitter:label1\" content=\"Escrito por\" \/>\n\t<meta name=\"twitter:data1\" content=\"PuertoCdelU\" \/>\n\t<meta name=\"twitter:label2\" content=\"Tiempo de lectura\" \/>\n\t<meta name=\"twitter:data2\" content=\"1 minuto\" \/>\n<script type=\"application\/ld+json\" class=\"yoast-schema-graph\">{\"@context\":\"https:\\\/\\\/schema.org\",\"@graph\":[{\"@type\":\"Article\",\"@id\":\"https:\\\/\\\/www.puertocdelu.com.ar\\\/index.php\\\/2016\\\/09\\\/22\\\/logistica-al-servicio-del-mundo\\\/#article\",\"isPartOf\":{\"@id\":\"https:\\\/\\\/www.puertocdelu.com.ar\\\/index.php\\\/2016\\\/09\\\/22\\\/logistica-al-servicio-del-mundo\\\/\"},\"author\":{\"name\":\"PuertoCdelU\",\"@id\":\"https:\\\/\\\/www.puertocdelu.com.ar\\\/#\\\/schema\\\/person\\\/9d258b923b29bd5f47ca80d9c8cd72d1\"},\"headline\":\"Sin t\u00edtulo\",\"datePublished\":\"2016-09-22T01:59:09+00:00\",\"dateModified\":\"2016-09-22T13:07:54+00:00\",\"mainEntityOfPage\":{\"@id\":\"https:\\\/\\\/www.puertocdelu.com.ar\\\/index.php\\\/2016\\\/09\\\/22\\\/logistica-al-servicio-del-mundo\\\/\"},\"wordCount\":241,\"commentCount\":0,\"image\":{\"@id\":\"https:\\\/\\\/www.puertocdelu.com.ar\\\/index.php\\\/2016\\\/09\\\/22\\\/logistica-al-servicio-del-mundo\\\/#primaryimage\"},\"thumbnailUrl\":\"https:\\\/\\\/www.puertocdelu.com.ar\\\/wp-content\\\/uploads\\\/2016\\\/09\\\/logistica.jpg\",\"articleSection\":[\"indice\"],\"inLanguage\":\"es\",\"potentialAction\":[{\"@type\":\"CommentAction\",\"name\":\"Comment\",\"target\":[\"https:\\\/\\\/www.puertocdelu.com.ar\\\/index.php\\\/2016\\\/09\\\/22\\\/logistica-al-servicio-del-mundo\\\/#respond\"]}]},{\"@type\":\"WebPage\",\"@id\":\"https:\\\/\\\/www.puertocdelu.com.ar\\\/index.php\\\/2016\\\/09\\\/22\\\/logistica-al-servicio-del-mundo\\\/\",\"url\":\"https:\\\/\\\/www.puertocdelu.com.ar\\\/index.php\\\/2016\\\/09\\\/22\\\/logistica-al-servicio-del-mundo\\\/\",\"name\":\"- Puerto de Concepci\u00f3n del Uruguay\",\"isPartOf\":{\"@id\":\"https:\\\/\\\/www.puertocdelu.com.ar\\\/#website\"},\"primaryImageOfPage\":{\"@id\":\"https:\\\/\\\/www.puertocdelu.com.ar\\\/index.php\\\/2016\\\/09\\\/22\\\/logistica-al-servicio-del-mundo\\\/#primaryimage\"},\"image\":{\"@id\":\"https:\\\/\\\/www.puertocdelu.com.ar\\\/index.php\\\/2016\\\/09\\\/22\\\/logistica-al-servicio-del-mundo\\\/#primaryimage\"},\"thumbnailUrl\":\"https:\\\/\\\/www.puertocdelu.com.ar\\\/wp-content\\\/uploads\\\/2016\\\/09\\\/logistica.jpg\",\"datePublished\":\"2016-09-22T01:59:09+00:00\",\"dateModified\":\"2016-09-22T13:07:54+00:00\",\"author\":{\"@id\":\"https:\\\/\\\/www.puertocdelu.com.ar\\\/#\\\/schema\\\/person\\\/9d258b923b29bd5f47ca80d9c8cd72d1\"},\"inLanguage\":\"es\",\"potentialAction\":[{\"@type\":\"ReadAction\",\"target\":[\"https:\\\/\\\/www.puertocdelu.com.ar\\\/index.php\\\/2016\\\/09\\\/22\\\/logistica-al-servicio-del-mundo\\\/\"]}]},{\"@type\":\"ImageObject\",\"inLanguage\":\"es\",\"@id\":\"https:\\\/\\\/www.puertocdelu.com.ar\\\/index.php\\\/2016\\\/09\\\/22\\\/logistica-al-servicio-del-mundo\\\/#primaryimage\",\"url\":\"https:\\\/\\\/www.puertocdelu.com.ar\\\/wp-content\\\/uploads\\\/2016\\\/09\\\/logistica.jpg\",\"contentUrl\":\"https:\\\/\\\/www.puertocdelu.com.ar\\\/wp-content\\\/uploads\\\/2016\\\/09\\\/logistica.jpg\",\"width\":1200,\"height\":400},{\"@type\":\"WebSite\",\"@id\":\"https:\\\/\\\/www.puertocdelu.com.ar\\\/#website\",\"url\":\"https:\\\/\\\/www.puertocdelu.com.ar\\\/\",\"name\":\"Puerto de Concepci\u00f3n del Uruguay\",\"description\":\"\",\"potentialAction\":[{\"@type\":\"SearchAction\",\"target\":{\"@type\":\"EntryPoint\",\"urlTemplate\":\"https:\\\/\\\/www.puertocdelu.com.ar\\\/?s={search_term_string}\"},\"query-input\":{\"@type\":\"PropertyValueSpecification\",\"valueRequired\":true,\"valueName\":\"search_term_string\"}}],\"inLanguage\":\"es\"},{\"@type\":\"Person\",\"@id\":\"https:\\\/\\\/www.puertocdelu.com.ar\\\/#\\\/schema\\\/person\\\/9d258b923b29bd5f47ca80d9c8cd72d1\",\"name\":\"PuertoCdelU\",\"image\":{\"@type\":\"ImageObject\",\"inLanguage\":\"es\",\"@id\":\"https:\\\/\\\/secure.gravatar.com\\\/avatar\\\/99e38dea1727d397df18aced5ac6840012bb7f24c8570dcfafabb73086aed88c?s=96&d=mm&r=g\",\"url\":\"https:\\\/\\\/secure.gravatar.com\\\/avatar\\\/99e38dea1727d397df18aced5ac6840012bb7f24c8570dcfafabb73086aed88c?s=96&d=mm&r=g\",\"contentUrl\":\"https:\\\/\\\/secure.gravatar.com\\\/avatar\\\/99e38dea1727d397df18aced5ac6840012bb7f24c8570dcfafabb73086aed88c?s=96&d=mm&r=g\",\"caption\":\"PuertoCdelU\"},\"url\":\"https:\\\/\\\/www.puertocdelu.com.ar\\\/index.php\\\/author\\\/hectordelos1\\\/\"}]}<\/script>\n<!-- \/ Yoast SEO plugin. -->","yoast_head_json":{"title":"- Puerto de Concepci\u00f3n del Uruguay","robots":{"index":"index","follow":"follow","max-snippet":"max-snippet:-1","max-image-preview":"max-image-preview:large","max-video-preview":"max-video-preview:-1"},"canonical":"https:\/\/www.puertocdelu.com.ar\/index.php\/2016\/09\/22\/logistica-al-servicio-del-mundo\/","og_locale":"es_ES","og_type":"article","og_title":"- Puerto de Concepci\u00f3n del Uruguay","og_description":"S\u00f3lo 22 minutos para acceder al puerto Ubicaci\u00f3n geogr\u00e1fica: ubicado sobre el r\u00edo Uruguay en el km 183 sobre el r\u00edo Uruguay (32\u00ba 25\u00b4 S &#8211; 58\u00ba 13\u00b4 W), se encuentra a estrecha distancia de las zonas de producci\u00f3n de la regi\u00f3n, y a 320 kil\u00f3metros del puerto de Buenos Aires. Ocupa una superficie de [&hellip;]","og_url":"https:\/\/www.puertocdelu.com.ar\/index.php\/2016\/09\/22\/logistica-al-servicio-del-mundo\/","og_site_name":"Puerto de Concepci\u00f3n del Uruguay","article_published_time":"2016-09-22T01:59:09+00:00","article_modified_time":"2016-09-22T13:07:54+00:00","og_image":[{"width":1200,"height":400,"url":"https:\/\/www.puertocdelu.com.ar\/wp-content\/uploads\/2016\/09\/logistica.jpg","type":"image\/jpeg"}],"author":"PuertoCdelU","twitter_card":"summary_large_image","twitter_misc":{"Escrito por":"PuertoCdelU","Tiempo de lectura":"1 minuto"},"schema":{"@context":"https:\/\/schema.org","@graph":[{"@type":"Article","@id":"https:\/\/www.puertocdelu.com.ar\/index.php\/2016\/09\/22\/logistica-al-servicio-del-mundo\/#article","isPartOf":{"@id":"https:\/\/www.puertocdelu.com.ar\/index.php\/2016\/09\/22\/logistica-al-servicio-del-mundo\/"},"author":{"name":"PuertoCdelU","@id":"https:\/\/www.puertocdelu.com.ar\/#\/schema\/person\/9d258b923b29bd5f47ca80d9c8cd72d1"},"headline":"Sin t\u00edtulo","datePublished":"2016-09-22T01:59:09+00:00","dateModified":"2016-09-22T13:07:54+00:00","mainEntityOfPage":{"@id":"https:\/\/www.puertocdelu.com.ar\/index.php\/2016\/09\/22\/logistica-al-servicio-del-mundo\/"},"wordCount":241,"commentCount":0,"image":{"@id":"https:\/\/www.puertocdelu.com.ar\/index.php\/2016\/09\/22\/logistica-al-servicio-del-mundo\/#primaryimage"},"thumbnailUrl":"https:\/\/www.puertocdelu.com.ar\/wp-content\/uploads\/2016\/09\/logistica.jpg","articleSection":["indice"],"inLanguage":"es","potentialAction":[{"@type":"CommentAction","name":"Comment","target":["https:\/\/www.puertocdelu.com.ar\/index.php\/2016\/09\/22\/logistica-al-servicio-del-mundo\/#respond"]}]},{"@type":"WebPage","@id":"https:\/\/www.puertocdelu.com.ar\/index.php\/2016\/09\/22\/logistica-al-servicio-del-mundo\/","url":"https:\/\/www.puertocdelu.com.ar\/index.php\/2016\/09\/22\/logistica-al-servicio-del-mundo\/","name":"- Puerto de Concepci\u00f3n del Uruguay","isPartOf":{"@id":"https:\/\/www.puertocdelu.com.ar\/#website"},"primaryImageOfPage":{"@id":"https:\/\/www.puertocdelu.com.ar\/index.php\/2016\/09\/22\/logistica-al-servicio-del-mundo\/#primaryimage"},"image":{"@id":"https:\/\/www.puertocdelu.com.ar\/index.php\/2016\/09\/22\/logistica-al-servicio-del-mundo\/#primaryimage"},"thumbnailUrl":"https:\/\/www.puertocdelu.com.ar\/wp-content\/uploads\/2016\/09\/logistica.jpg","datePublished":"2016-09-22T01:59:09+00:00","dateModified":"2016-09-22T13:07:54+00:00","author":{"@id":"https:\/\/www.puertocdelu.com.ar\/#\/schema\/person\/9d258b923b29bd5f47ca80d9c8cd72d1"},"inLanguage":"es","potentialAction":[{"@type":"ReadAction","target":["https:\/\/www.puertocdelu.com.ar\/index.php\/2016\/09\/22\/logistica-al-servicio-del-mundo\/"]}]},{"@type":"ImageObject","inLanguage":"es","@id":"https:\/\/www.puertocdelu.com.ar\/index.php\/2016\/09\/22\/logistica-al-servicio-del-mundo\/#primaryimage","url":"https:\/\/www.puertocdelu.com.ar\/wp-content\/uploads\/2016\/09\/logistica.jpg","contentUrl":"https:\/\/www.puertocdelu.com.ar\/wp-content\/uploads\/2016\/09\/logistica.jpg","width":1200,"height":400},{"@type":"WebSite","@id":"https:\/\/www.puertocdelu.com.ar\/#website","url":"https:\/\/www.puertocdelu.com.ar\/","name":"Puerto de Concepci\u00f3n del Uruguay","description":"","potentialAction":[{"@type":"SearchAction","target":{"@type":"EntryPoint","urlTemplate":"https:\/\/www.puertocdelu.com.ar\/?s={search_term_string}"},"query-input":{"@type":"PropertyValueSpecification","valueRequired":true,"valueName":"search_term_string"}}],"inLanguage":"es"},{"@type":"Person","@id":"https:\/\/www.puertocdelu.com.ar\/#\/schema\/person\/9d258b923b29bd5f47ca80d9c8cd72d1","name":"PuertoCdelU","image":{"@type":"ImageObject","inLanguage":"es","@id":"https:\/\/secure.gravatar.com\/avatar\/99e38dea1727d397df18aced5ac6840012bb7f24c8570dcfafabb73086aed88c?s=96&d=mm&r=g","url":"https:\/\/secure.gravatar.com\/avatar\/99e38dea1727d397df18aced5ac6840012bb7f24c8570dcfafabb73086aed88c?s=96&d=mm&r=g","contentUrl":"https:\/\/secure.gravatar.com\/avatar\/99e38dea1727d397df18aced5ac6840012bb7f24c8570dcfafabb73086aed88c?s=96&d=mm&r=g","caption":"PuertoCdelU"},"url":"https:\/\/www.puertocdelu.com.ar\/index.php\/author\/hectordelos1\/"}]}},"_links":{"self":[{"href":"https:\/\/www.puertocdelu.com.ar\/index.php\/wp-json\/wp\/v2\/posts\/673","targetHints":{"allow":["GET"]}}],"collection":[{"href":"https:\/\/www.puertocdelu.com.ar\/index.php\/wp-json\/wp\/v2\/posts"}],"about":[{"href":"https:\/\/www.puertocdelu.com.ar\/index.php\/wp-json\/wp\/v2\/types\/post"}],"author":[{"embeddable":true,"href":"https:\/\/www.puertocdelu.com.ar\/index.php\/wp-json\/wp\/v2\/users\/1"}],"replies":[{"embeddable":true,"href":"https:\/\/www.puertocdelu.com.ar\/index.php\/wp-json\/wp\/v2\/comments?post=673"}],"version-history":[{"count":2,"href":"https:\/\/www.puertocdelu.com.ar\/index.php\/wp-json\/wp\/v2\/posts\/673\/revisions"}],"predecessor-version":[{"id":772,"href":"https:\/\/www.puertocdelu.com.ar\/index.php\/wp-json\/wp\/v2\/posts\/673\/revisions\/772"}],"wp:featuredmedia":[{"embeddable":true,"href":"https:\/\/www.puertocdelu.com.ar\/index.php\/wp-json\/wp\/v2\/media\/768"}],"wp:attachment":[{"href":"https:\/\/www.puertocdelu.com.ar\/index.php\/wp-json\/wp\/v2\/media?parent=673"}],"wp:term":[{"taxonomy":"category","embeddable":true,"href":"https:\/\/www.puertocdelu.com.ar\/index.php\/wp-json\/wp\/v2\/categories?post=673"},{"taxonomy":"post_tag","embeddable":true,"href":"https:\/\/www.puertocdelu.com.ar\/index.php\/wp-json\/wp\/v2\/tags?post=673"}],"curies":[{"name":"wp","href":"https:\/\/api.w.org\/{rel}","templated":true}]}}