{"id":796,"date":"2016-10-05T02:29:28","date_gmt":"2016-10-05T02:29:28","guid":{"rendered":"http:\/\/www.puertocdelu.com.ar\/puerto\/?p=796"},"modified":"2016-10-05T02:29:28","modified_gmt":"2016-10-05T02:29:28","slug":"entre-rios-reclamo-por-el-dragado-para-el-puerto-de-diamante-y-el-rio-uruguay","status":"publish","type":"post","link":"https:\/\/www.puertocdelu.com.ar\/index.php\/2016\/10\/05\/entre-rios-reclamo-por-el-dragado-para-el-puerto-de-diamante-y-el-rio-uruguay\/","title":{"rendered":"Entre R\u00edos reclam\u00f3 por el dragado para el puerto de Diamante y el R\u00edo Uruguay"},"content":{"rendered":"<h4><\/h4>\n<p><strong>El presidente del Instituto Portuario de la Provincia de Entre R\u00edos (Ipper), Leonardo Cabrera, solicit\u00f3 se a las autoridades nacionales el dragado del canal de acceso al puerto de Diamante y del R\u00edo Uruguay en toda su extensi\u00f3n.<\/strong><\/p>\n<p>El funcionario provincial particip\u00f3, Posadas, de la reuni\u00f3n del Consejo Federal Portuario. Cabrera aclar\u00f3 que recientemente la Comisi\u00f3n Administradora del R\u00edo Uruguay (CARU), adjudic\u00f3 los trabajos de dragado para la apertura de los fondos duros en el Paso \u201cMonta\u00f1a\u201d (km 167,0 al km 170,1) y en el Paso \u201cCasa Blanca\u201d (km 196,6 al km 200,3), quedando pendientes el resto de la Hidrov\u00eda del r\u00edo Uruguay y su mantenimiento.<\/p>\n<p>\u201cEl ministro de Producci\u00f3n, Carlos Schepens, viene reclamando en todas las instancias que se presentan, la afectaci\u00f3n de los recursos nacionales necesarios, para que nuestros puertos est\u00e9n operativos en forma permanente y de esta forma mejorar la competitividad de las econom\u00edas regionales\u201d, afirm\u00f3 Cabrera.<\/p>\n<p>\u201cEsta reuni\u00f3n sirvi\u00f3 para que volvamos a plantear a trav\u00e9s del Consejo Federal, pol\u00edticas comunes para los puertos y v\u00edas navegables del pa\u00eds, ya que le ley reserva a cada estado provincial la administraci\u00f3n y explotaci\u00f3n de los puertos dentro de sus territorios.<\/p>\n<p>\u201cCabrera record\u00f3 que el gobernador Bordet instruy\u00f3 a todos los funcionarios, para que seamos facilitadores del comercio y el desarrollo; y por lo tanto, necesitamos disminuir costos log\u00edsticos que afectan a nuestros productores y empresas, para ello estamos gestionando las obras que se requieren para que los puertos provinciales est\u00e9n operativos todo el tiempo\u201d. \u201cTambi\u00e9n esperamos que el sector privado acompa\u00f1e con su aporte, en las obras que lo van a beneficiar en forma directa\u201d, se\u00f1al\u00f3 el titular del Ipper.<\/p>\n<p>La segunda sesi\u00f3n anual del Consejo Federal Portuario (CFP), creado para coordinar acciones y pol\u00edticas para el desarrollo sustentable del sector, se realiz\u00f3 en Posadas, provincia de Misiones, y fue presidida por el subsecretario de Puertos y V\u00edas Navegables de Naci\u00f3n, Jorge Metz, quien advirti\u00f3 que \u201chay distorsiones de costos muy grandes en la actividad y que la marina mercante argentina pr\u00e1cticamente desapareci\u00f3 del mundo y tiene muy poca presencia en la regi\u00f3n, incluso en la Hidrov\u00eda\u201d.<\/p>\n<p>El funcionario nacional asegur\u00f3 que entre las inversiones que se est\u00e1n desarrollando y las que est\u00e1n proyectadas, se volcar\u00e1n alrededor de 5.000 millones de d\u00f3lares a mejoras en la infraestructura de puertos y v\u00edas navegables del pa\u00eds.<\/p>\n<p>El Consejo Federal Portuario (CFP), est\u00e1 integrado por las autoridades portuarias de las doce provincias argentinas, que tienen puertos, tambi\u00e9n los representantes nacionales y del sector privado.<\/p>\n","protected":false},"excerpt":{"rendered":"<p>El presidente del Instituto Portuario de la Provincia de Entre R\u00edos (Ipper), Leonardo Cabrera, solicit\u00f3 se a las autoridades nacionales el dragado del canal de acceso al puerto de Diamante y del R\u00edo Uruguay en toda su extensi\u00f3n. El funcionario provincial particip\u00f3, Posadas, de la reuni\u00f3n del Consejo Federal Portuario. Cabrera aclar\u00f3 que recientemente la [&hellip;]<\/p>\n","protected":false},"author":1,"featured_media":797,"comment_status":"open","ping_status":"open","sticky":false,"template":"","format":"standard","meta":{"footnotes":""},"categories":[81],"tags":[],"class_list":{"0":"post-796","1":"post","2":"type-post","3":"status-publish","4":"format-standard","5":"has-post-thumbnail","7":"category-noticias"},"yoast_head":"<!-- This site is optimized with the Yoast SEO plugin v27.4 - https:\/\/yoast.com\/product\/yoast-seo-wordpress\/ -->\n<title>Entre R\u00edos reclam\u00f3 por el dragado para el puerto de Diamante y el R\u00edo Uruguay - Puerto de Concepci\u00f3n del Uruguay<\/title>\n<meta name=\"robots\" content=\"index, follow, max-snippet:-1, max-image-preview:large, max-video-preview:-1\" \/>\n<link rel=\"canonical\" href=\"https:\/\/www.puertocdelu.com.ar\/index.php\/2016\/10\/05\/entre-rios-reclamo-por-el-dragado-para-el-puerto-de-diamante-y-el-rio-uruguay\/\" \/>\n<meta property=\"og:locale\" content=\"es_ES\" \/>\n<meta property=\"og:type\" content=\"article\" \/>\n<meta property=\"og:title\" content=\"Entre R\u00edos reclam\u00f3 por el dragado para el puerto de Diamante y el R\u00edo Uruguay - Puerto de Concepci\u00f3n del Uruguay\" \/>\n<meta property=\"og:description\" content=\"El presidente del Instituto Portuario de la Provincia de Entre R\u00edos (Ipper), Leonardo Cabrera, solicit\u00f3 se a las autoridades nacionales el dragado del canal de acceso al puerto de Diamante y del R\u00edo Uruguay en toda su extensi\u00f3n. El funcionario provincial particip\u00f3, Posadas, de la reuni\u00f3n del Consejo Federal Portuario. Cabrera aclar\u00f3 que recientemente la [&hellip;]\" \/>\n<meta property=\"og:url\" content=\"https:\/\/www.puertocdelu.com.ar\/index.php\/2016\/10\/05\/entre-rios-reclamo-por-el-dragado-para-el-puerto-de-diamante-y-el-rio-uruguay\/\" \/>\n<meta property=\"og:site_name\" content=\"Puerto de Concepci\u00f3n del Uruguay\" \/>\n<meta property=\"article:published_time\" content=\"2016-10-05T02:29:28+00:00\" \/>\n<meta property=\"og:image\" content=\"https:\/\/www.puertocdelu.com.ar\/wp-content\/uploads\/2016\/10\/49_dragado-diamante-caru-2.jpg\" \/>\n\t<meta property=\"og:image:width\" content=\"900\" \/>\n\t<meta property=\"og:image:height\" content=\"410\" \/>\n\t<meta property=\"og:image:type\" content=\"image\/jpeg\" \/>\n<meta name=\"author\" content=\"PuertoCdelU\" \/>\n<meta name=\"twitter:card\" content=\"summary_large_image\" \/>\n<meta name=\"twitter:label1\" content=\"Escrito por\" \/>\n\t<meta name=\"twitter:data1\" content=\"PuertoCdelU\" \/>\n\t<meta name=\"twitter:label2\" content=\"Tiempo de lectura\" \/>\n\t<meta name=\"twitter:data2\" content=\"2 minutos\" \/>\n<script type=\"application\/ld+json\" class=\"yoast-schema-graph\">{\"@context\":\"https:\\\/\\\/schema.org\",\"@graph\":[{\"@type\":\"Article\",\"@id\":\"https:\\\/\\\/www.puertocdelu.com.ar\\\/index.php\\\/2016\\\/10\\\/05\\\/entre-rios-reclamo-por-el-dragado-para-el-puerto-de-diamante-y-el-rio-uruguay\\\/#article\",\"isPartOf\":{\"@id\":\"https:\\\/\\\/www.puertocdelu.com.ar\\\/index.php\\\/2016\\\/10\\\/05\\\/entre-rios-reclamo-por-el-dragado-para-el-puerto-de-diamante-y-el-rio-uruguay\\\/\"},\"author\":{\"name\":\"PuertoCdelU\",\"@id\":\"https:\\\/\\\/www.puertocdelu.com.ar\\\/#\\\/schema\\\/person\\\/9d258b923b29bd5f47ca80d9c8cd72d1\"},\"headline\":\"Entre R\u00edos reclam\u00f3 por el dragado para el puerto de Diamante y el R\u00edo Uruguay\",\"datePublished\":\"2016-10-05T02:29:28+00:00\",\"mainEntityOfPage\":{\"@id\":\"https:\\\/\\\/www.puertocdelu.com.ar\\\/index.php\\\/2016\\\/10\\\/05\\\/entre-rios-reclamo-por-el-dragado-para-el-puerto-de-diamante-y-el-rio-uruguay\\\/\"},\"wordCount\":465,\"commentCount\":0,\"image\":{\"@id\":\"https:\\\/\\\/www.puertocdelu.com.ar\\\/index.php\\\/2016\\\/10\\\/05\\\/entre-rios-reclamo-por-el-dragado-para-el-puerto-de-diamante-y-el-rio-uruguay\\\/#primaryimage\"},\"thumbnailUrl\":\"https:\\\/\\\/www.puertocdelu.com.ar\\\/wp-content\\\/uploads\\\/2016\\\/10\\\/49_dragado-diamante-caru-2.jpg\",\"articleSection\":[\"Noticias\"],\"inLanguage\":\"es\",\"potentialAction\":[{\"@type\":\"CommentAction\",\"name\":\"Comment\",\"target\":[\"https:\\\/\\\/www.puertocdelu.com.ar\\\/index.php\\\/2016\\\/10\\\/05\\\/entre-rios-reclamo-por-el-dragado-para-el-puerto-de-diamante-y-el-rio-uruguay\\\/#respond\"]}]},{\"@type\":\"WebPage\",\"@id\":\"https:\\\/\\\/www.puertocdelu.com.ar\\\/index.php\\\/2016\\\/10\\\/05\\\/entre-rios-reclamo-por-el-dragado-para-el-puerto-de-diamante-y-el-rio-uruguay\\\/\",\"url\":\"https:\\\/\\\/www.puertocdelu.com.ar\\\/index.php\\\/2016\\\/10\\\/05\\\/entre-rios-reclamo-por-el-dragado-para-el-puerto-de-diamante-y-el-rio-uruguay\\\/\",\"name\":\"Entre R\u00edos reclam\u00f3 por el dragado para el puerto de Diamante y el R\u00edo Uruguay - Puerto de Concepci\u00f3n del Uruguay\",\"isPartOf\":{\"@id\":\"https:\\\/\\\/www.puertocdelu.com.ar\\\/#website\"},\"primaryImageOfPage\":{\"@id\":\"https:\\\/\\\/www.puertocdelu.com.ar\\\/index.php\\\/2016\\\/10\\\/05\\\/entre-rios-reclamo-por-el-dragado-para-el-puerto-de-diamante-y-el-rio-uruguay\\\/#primaryimage\"},\"image\":{\"@id\":\"https:\\\/\\\/www.puertocdelu.com.ar\\\/index.php\\\/2016\\\/10\\\/05\\\/entre-rios-reclamo-por-el-dragado-para-el-puerto-de-diamante-y-el-rio-uruguay\\\/#primaryimage\"},\"thumbnailUrl\":\"https:\\\/\\\/www.puertocdelu.com.ar\\\/wp-content\\\/uploads\\\/2016\\\/10\\\/49_dragado-diamante-caru-2.jpg\",\"datePublished\":\"2016-10-05T02:29:28+00:00\",\"author\":{\"@id\":\"https:\\\/\\\/www.puertocdelu.com.ar\\\/#\\\/schema\\\/person\\\/9d258b923b29bd5f47ca80d9c8cd72d1\"},\"breadcrumb\":{\"@id\":\"https:\\\/\\\/www.puertocdelu.com.ar\\\/index.php\\\/2016\\\/10\\\/05\\\/entre-rios-reclamo-por-el-dragado-para-el-puerto-de-diamante-y-el-rio-uruguay\\\/#breadcrumb\"},\"inLanguage\":\"es\",\"potentialAction\":[{\"@type\":\"ReadAction\",\"target\":[\"https:\\\/\\\/www.puertocdelu.com.ar\\\/index.php\\\/2016\\\/10\\\/05\\\/entre-rios-reclamo-por-el-dragado-para-el-puerto-de-diamante-y-el-rio-uruguay\\\/\"]}]},{\"@type\":\"ImageObject\",\"inLanguage\":\"es\",\"@id\":\"https:\\\/\\\/www.puertocdelu.com.ar\\\/index.php\\\/2016\\\/10\\\/05\\\/entre-rios-reclamo-por-el-dragado-para-el-puerto-de-diamante-y-el-rio-uruguay\\\/#primaryimage\",\"url\":\"https:\\\/\\\/www.puertocdelu.com.ar\\\/wp-content\\\/uploads\\\/2016\\\/10\\\/49_dragado-diamante-caru-2.jpg\",\"contentUrl\":\"https:\\\/\\\/www.puertocdelu.com.ar\\\/wp-content\\\/uploads\\\/2016\\\/10\\\/49_dragado-diamante-caru-2.jpg\",\"width\":900,\"height\":410},{\"@type\":\"BreadcrumbList\",\"@id\":\"https:\\\/\\\/www.puertocdelu.com.ar\\\/index.php\\\/2016\\\/10\\\/05\\\/entre-rios-reclamo-por-el-dragado-para-el-puerto-de-diamante-y-el-rio-uruguay\\\/#breadcrumb\",\"itemListElement\":[{\"@type\":\"ListItem\",\"position\":1,\"name\":\"Portada\",\"item\":\"https:\\\/\\\/www.puertocdelu.com.ar\\\/\"},{\"@type\":\"ListItem\",\"position\":2,\"name\":\"Entre R\u00edos reclam\u00f3 por el dragado para el puerto de Diamante y el R\u00edo Uruguay\"}]},{\"@type\":\"WebSite\",\"@id\":\"https:\\\/\\\/www.puertocdelu.com.ar\\\/#website\",\"url\":\"https:\\\/\\\/www.puertocdelu.com.ar\\\/\",\"name\":\"Puerto de Concepci\u00f3n del Uruguay\",\"description\":\"\",\"potentialAction\":[{\"@type\":\"SearchAction\",\"target\":{\"@type\":\"EntryPoint\",\"urlTemplate\":\"https:\\\/\\\/www.puertocdelu.com.ar\\\/?s={search_term_string}\"},\"query-input\":{\"@type\":\"PropertyValueSpecification\",\"valueRequired\":true,\"valueName\":\"search_term_string\"}}],\"inLanguage\":\"es\"},{\"@type\":\"Person\",\"@id\":\"https:\\\/\\\/www.puertocdelu.com.ar\\\/#\\\/schema\\\/person\\\/9d258b923b29bd5f47ca80d9c8cd72d1\",\"name\":\"PuertoCdelU\",\"image\":{\"@type\":\"ImageObject\",\"inLanguage\":\"es\",\"@id\":\"https:\\\/\\\/secure.gravatar.com\\\/avatar\\\/99e38dea1727d397df18aced5ac6840012bb7f24c8570dcfafabb73086aed88c?s=96&d=mm&r=g\",\"url\":\"https:\\\/\\\/secure.gravatar.com\\\/avatar\\\/99e38dea1727d397df18aced5ac6840012bb7f24c8570dcfafabb73086aed88c?s=96&d=mm&r=g\",\"contentUrl\":\"https:\\\/\\\/secure.gravatar.com\\\/avatar\\\/99e38dea1727d397df18aced5ac6840012bb7f24c8570dcfafabb73086aed88c?s=96&d=mm&r=g\",\"caption\":\"PuertoCdelU\"},\"url\":\"https:\\\/\\\/www.puertocdelu.com.ar\\\/index.php\\\/author\\\/hectordelos1\\\/\"}]}<\/script>\n<!-- \/ Yoast SEO plugin. -->","yoast_head_json":{"title":"Entre R\u00edos reclam\u00f3 por el dragado para el puerto de Diamante y el R\u00edo Uruguay - Puerto de Concepci\u00f3n del Uruguay","robots":{"index":"index","follow":"follow","max-snippet":"max-snippet:-1","max-image-preview":"max-image-preview:large","max-video-preview":"max-video-preview:-1"},"canonical":"https:\/\/www.puertocdelu.com.ar\/index.php\/2016\/10\/05\/entre-rios-reclamo-por-el-dragado-para-el-puerto-de-diamante-y-el-rio-uruguay\/","og_locale":"es_ES","og_type":"article","og_title":"Entre R\u00edos reclam\u00f3 por el dragado para el puerto de Diamante y el R\u00edo Uruguay - Puerto de Concepci\u00f3n del Uruguay","og_description":"El presidente del Instituto Portuario de la Provincia de Entre R\u00edos (Ipper), Leonardo Cabrera, solicit\u00f3 se a las autoridades nacionales el dragado del canal de acceso al puerto de Diamante y del R\u00edo Uruguay en toda su extensi\u00f3n. El funcionario provincial particip\u00f3, Posadas, de la reuni\u00f3n del Consejo Federal Portuario. Cabrera aclar\u00f3 que recientemente la [&hellip;]","og_url":"https:\/\/www.puertocdelu.com.ar\/index.php\/2016\/10\/05\/entre-rios-reclamo-por-el-dragado-para-el-puerto-de-diamante-y-el-rio-uruguay\/","og_site_name":"Puerto de Concepci\u00f3n del Uruguay","article_published_time":"2016-10-05T02:29:28+00:00","og_image":[{"width":900,"height":410,"url":"https:\/\/www.puertocdelu.com.ar\/wp-content\/uploads\/2016\/10\/49_dragado-diamante-caru-2.jpg","type":"image\/jpeg"}],"author":"PuertoCdelU","twitter_card":"summary_large_image","twitter_misc":{"Escrito por":"PuertoCdelU","Tiempo de lectura":"2 minutos"},"schema":{"@context":"https:\/\/schema.org","@graph":[{"@type":"Article","@id":"https:\/\/www.puertocdelu.com.ar\/index.php\/2016\/10\/05\/entre-rios-reclamo-por-el-dragado-para-el-puerto-de-diamante-y-el-rio-uruguay\/#article","isPartOf":{"@id":"https:\/\/www.puertocdelu.com.ar\/index.php\/2016\/10\/05\/entre-rios-reclamo-por-el-dragado-para-el-puerto-de-diamante-y-el-rio-uruguay\/"},"author":{"name":"PuertoCdelU","@id":"https:\/\/www.puertocdelu.com.ar\/#\/schema\/person\/9d258b923b29bd5f47ca80d9c8cd72d1"},"headline":"Entre R\u00edos reclam\u00f3 por el dragado para el puerto de Diamante y el R\u00edo Uruguay","datePublished":"2016-10-05T02:29:28+00:00","mainEntityOfPage":{"@id":"https:\/\/www.puertocdelu.com.ar\/index.php\/2016\/10\/05\/entre-rios-reclamo-por-el-dragado-para-el-puerto-de-diamante-y-el-rio-uruguay\/"},"wordCount":465,"commentCount":0,"image":{"@id":"https:\/\/www.puertocdelu.com.ar\/index.php\/2016\/10\/05\/entre-rios-reclamo-por-el-dragado-para-el-puerto-de-diamante-y-el-rio-uruguay\/#primaryimage"},"thumbnailUrl":"https:\/\/www.puertocdelu.com.ar\/wp-content\/uploads\/2016\/10\/49_dragado-diamante-caru-2.jpg","articleSection":["Noticias"],"inLanguage":"es","potentialAction":[{"@type":"CommentAction","name":"Comment","target":["https:\/\/www.puertocdelu.com.ar\/index.php\/2016\/10\/05\/entre-rios-reclamo-por-el-dragado-para-el-puerto-de-diamante-y-el-rio-uruguay\/#respond"]}]},{"@type":"WebPage","@id":"https:\/\/www.puertocdelu.com.ar\/index.php\/2016\/10\/05\/entre-rios-reclamo-por-el-dragado-para-el-puerto-de-diamante-y-el-rio-uruguay\/","url":"https:\/\/www.puertocdelu.com.ar\/index.php\/2016\/10\/05\/entre-rios-reclamo-por-el-dragado-para-el-puerto-de-diamante-y-el-rio-uruguay\/","name":"Entre R\u00edos reclam\u00f3 por el dragado para el puerto de Diamante y el R\u00edo Uruguay - Puerto de Concepci\u00f3n del Uruguay","isPartOf":{"@id":"https:\/\/www.puertocdelu.com.ar\/#website"},"primaryImageOfPage":{"@id":"https:\/\/www.puertocdelu.com.ar\/index.php\/2016\/10\/05\/entre-rios-reclamo-por-el-dragado-para-el-puerto-de-diamante-y-el-rio-uruguay\/#primaryimage"},"image":{"@id":"https:\/\/www.puertocdelu.com.ar\/index.php\/2016\/10\/05\/entre-rios-reclamo-por-el-dragado-para-el-puerto-de-diamante-y-el-rio-uruguay\/#primaryimage"},"thumbnailUrl":"https:\/\/www.puertocdelu.com.ar\/wp-content\/uploads\/2016\/10\/49_dragado-diamante-caru-2.jpg","datePublished":"2016-10-05T02:29:28+00:00","author":{"@id":"https:\/\/www.puertocdelu.com.ar\/#\/schema\/person\/9d258b923b29bd5f47ca80d9c8cd72d1"},"breadcrumb":{"@id":"https:\/\/www.puertocdelu.com.ar\/index.php\/2016\/10\/05\/entre-rios-reclamo-por-el-dragado-para-el-puerto-de-diamante-y-el-rio-uruguay\/#breadcrumb"},"inLanguage":"es","potentialAction":[{"@type":"ReadAction","target":["https:\/\/www.puertocdelu.com.ar\/index.php\/2016\/10\/05\/entre-rios-reclamo-por-el-dragado-para-el-puerto-de-diamante-y-el-rio-uruguay\/"]}]},{"@type":"ImageObject","inLanguage":"es","@id":"https:\/\/www.puertocdelu.com.ar\/index.php\/2016\/10\/05\/entre-rios-reclamo-por-el-dragado-para-el-puerto-de-diamante-y-el-rio-uruguay\/#primaryimage","url":"https:\/\/www.puertocdelu.com.ar\/wp-content\/uploads\/2016\/10\/49_dragado-diamante-caru-2.jpg","contentUrl":"https:\/\/www.puertocdelu.com.ar\/wp-content\/uploads\/2016\/10\/49_dragado-diamante-caru-2.jpg","width":900,"height":410},{"@type":"BreadcrumbList","@id":"https:\/\/www.puertocdelu.com.ar\/index.php\/2016\/10\/05\/entre-rios-reclamo-por-el-dragado-para-el-puerto-de-diamante-y-el-rio-uruguay\/#breadcrumb","itemListElement":[{"@type":"ListItem","position":1,"name":"Portada","item":"https:\/\/www.puertocdelu.com.ar\/"},{"@type":"ListItem","position":2,"name":"Entre R\u00edos reclam\u00f3 por el dragado para el puerto de Diamante y el R\u00edo Uruguay"}]},{"@type":"WebSite","@id":"https:\/\/www.puertocdelu.com.ar\/#website","url":"https:\/\/www.puertocdelu.com.ar\/","name":"Puerto de Concepci\u00f3n del Uruguay","description":"","potentialAction":[{"@type":"SearchAction","target":{"@type":"EntryPoint","urlTemplate":"https:\/\/www.puertocdelu.com.ar\/?s={search_term_string}"},"query-input":{"@type":"PropertyValueSpecification","valueRequired":true,"valueName":"search_term_string"}}],"inLanguage":"es"},{"@type":"Person","@id":"https:\/\/www.puertocdelu.com.ar\/#\/schema\/person\/9d258b923b29bd5f47ca80d9c8cd72d1","name":"PuertoCdelU","image":{"@type":"ImageObject","inLanguage":"es","@id":"https:\/\/secure.gravatar.com\/avatar\/99e38dea1727d397df18aced5ac6840012bb7f24c8570dcfafabb73086aed88c?s=96&d=mm&r=g","url":"https:\/\/secure.gravatar.com\/avatar\/99e38dea1727d397df18aced5ac6840012bb7f24c8570dcfafabb73086aed88c?s=96&d=mm&r=g","contentUrl":"https:\/\/secure.gravatar.com\/avatar\/99e38dea1727d397df18aced5ac6840012bb7f24c8570dcfafabb73086aed88c?s=96&d=mm&r=g","caption":"PuertoCdelU"},"url":"https:\/\/www.puertocdelu.com.ar\/index.php\/author\/hectordelos1\/"}]}},"_links":{"self":[{"href":"https:\/\/www.puertocdelu.com.ar\/index.php\/wp-json\/wp\/v2\/posts\/796","targetHints":{"allow":["GET"]}}],"collection":[{"href":"https:\/\/www.puertocdelu.com.ar\/index.php\/wp-json\/wp\/v2\/posts"}],"about":[{"href":"https:\/\/www.puertocdelu.com.ar\/index.php\/wp-json\/wp\/v2\/types\/post"}],"author":[{"embeddable":true,"href":"https:\/\/www.puertocdelu.com.ar\/index.php\/wp-json\/wp\/v2\/users\/1"}],"replies":[{"embeddable":true,"href":"https:\/\/www.puertocdelu.com.ar\/index.php\/wp-json\/wp\/v2\/comments?post=796"}],"version-history":[{"count":1,"href":"https:\/\/www.puertocdelu.com.ar\/index.php\/wp-json\/wp\/v2\/posts\/796\/revisions"}],"predecessor-version":[{"id":798,"href":"https:\/\/www.puertocdelu.com.ar\/index.php\/wp-json\/wp\/v2\/posts\/796\/revisions\/798"}],"wp:featuredmedia":[{"embeddable":true,"href":"https:\/\/www.puertocdelu.com.ar\/index.php\/wp-json\/wp\/v2\/media\/797"}],"wp:attachment":[{"href":"https:\/\/www.puertocdelu.com.ar\/index.php\/wp-json\/wp\/v2\/media?parent=796"}],"wp:term":[{"taxonomy":"category","embeddable":true,"href":"https:\/\/www.puertocdelu.com.ar\/index.php\/wp-json\/wp\/v2\/categories?post=796"},{"taxonomy":"post_tag","embeddable":true,"href":"https:\/\/www.puertocdelu.com.ar\/index.php\/wp-json\/wp\/v2\/tags?post=796"}],"curies":[{"name":"wp","href":"https:\/\/api.w.org\/{rel}","templated":true}]}}